
{"id":9939,"date":"2022-03-28T20:58:07","date_gmt":"2022-03-29T00:58:07","guid":{"rendered":"https:\/\/cebem.org\/?p=9939"},"modified":"2022-03-28T20:58:09","modified_gmt":"2022-03-29T00:58:09","slug":"las-fechas-que-nos-deja-la-semana","status":"publish","type":"post","link":"https:\/\/cebem.org\/?p=9939","title":{"rendered":"Las fechas que nos deja la semana"},"content":{"rendered":"\n<p>Esta semana hemos tenido dos fechas de importancia en nuestro calendario ambiental. Asi reconocemos:\u00a0<\/p>\n\n\n\n<h2 class=\"has-larger-font-size wp-block-heading\">23 de Marzo &#8211; D\u00eda Meteorol\u00f3gico Mundial<\/h2>\n\n\n\n<p>Se estableci\u00f3 para conmemorar la puesta en marcha del Convenio para la creaci\u00f3n de la\u00a0Organizaci\u00f3n Meteorol\u00f3gica Mundial (OMM), cuyo objetivo es asegurar el bienestar, protecci\u00f3n y seguridad de toda la humanidad.<\/p>\n\n\n\n<p>El&nbsp;D\u00eda Meteorol\u00f3gico Mundial, es una fecha relevante que tiene como objetivo crear conciencia de la importancia que tiene la meteorolog\u00eda y la hidrolog\u00eda para el equilibrio medioambiental y todas las actividades que realiza el hombre en el planeta, as\u00ed como para la continuidad de la vida tal y como se conoce hasta ahora.<\/p>\n\n\n\n<p>El a\u00f1o 2022 tiene como tema la \u00abAlerta temprana y acci\u00f3n temprana\u00bb y destaca la importancia fundamental de la informaci\u00f3n hidrometeorol\u00f3gica y clim\u00e1tica para reducir el riesgo de desastres.<\/p>\n\n\n\n<p>As\u00ed lo se\u00f1ala OMM (Organizaci\u00f3n Meteorol\u00f3gica Mundial): <em>Los fen\u00f3menos extremos relacionados con el tiempo, el clima y el agua son cada vez m\u00e1s frecuentes e intensos en muchas partes del mundo como consecuencia del cambio clim\u00e1tico. Estamos m\u00e1s expuestos que nunca a m\u00faltiples peligros conexos, que a su vez evolucionan como consecuencia del crecimiento demogr\u00e1fico, la urbanizaci\u00f3n y la degradaci\u00f3n del medio ambiente.<\/em><\/p>\n\n\n\n<div class=\"wp-block-image\"><figure class=\"aligncenter is-resized\"><img fetchpriority=\"high\" decoding=\"async\" src=\"https:\/\/lh3.googleusercontent.com\/1Wke2F4ya0UZDBn9ehQpL2njOCEmPcEYCbdB2T2DfpHB6eVmQ3QA4Xo4bsG_UV6OgczqGqdwDTFssKirnuff2qxKvy6L3jI711jNXichVF2Uq2rAaws3CPEijGhSuGvDbgm3gnci\" alt=\"\" width=\"565\" height=\"800\"\/><\/figure><\/div>\n\n\n\n<p>Compartimos el tabl\u00f3n de Trello de Organizaci\u00f3n Meteorol\u00f3gica Mundial donde pueden descargarse carteles, videos y otros materiales de divulgaci\u00f3n sobre el D\u00eda Meteorol\u00f3gico Mundial de 2022. Est\u00e1n disponibles en formato de alta resoluci\u00f3n en \u00e1rabe, chino, espa\u00f1ol, franc\u00e9s, ingl\u00e9s y ruso. Disponible aqu\u00ed:  https:\/\/trello.com\/b\/O6ik4tPt\/world-meteorological-day-2022<\/p>\n\n\n\n<p>Mayor informaci\u00f3n pueden encontrarla en:<\/p>\n\n\n\n<p>&#8211; <a href=\"https:\/\/public.wmo.int\/es\/d%C3%ADa-meteorol%C3%B3gico-mundial-2022-alerta-temprana-y-acci%C3%B3n-temprana\" target=\"_blank\" rel=\"noreferrer noopener\">https:\/\/public.wmo.int\/es\/d%C3%ADa-meteorol%C3%B3gico-mundial-2022-alerta-temprana-y-acci%C3%B3n-temprana<\/a><\/p>\n\n\n\n<p>&#8211;<a href=\"https:\/\/www.diainternacionalde.com\/ficha\/dia-meteorologico-mundial#:~:text=El%2023%20de%20marzo%20se%20celebra%20el%20D%C3%ADa,bienestar%2C%20protecci%C3%B3n%20y%20seguridad%20de%20toda%20la%20humanidad\" target=\"_blank\" rel=\"noreferrer noopener\">https:\/\/www.diainternacionalde.com\/ficha\/dia-meteorologico-mundial#:~:text=El%2023%20de%20marzo%20se%20celebra%20el%20D%C3%ADa,bienestar%2C%20protecci%C3%B3n%20y%20seguridad%20de%20toda%20la%20humanidad<\/a>.<\/p>\n\n\n\n<p><\/p>\n\n\n\n<h2 class=\"has-larger-font-size wp-block-heading\">23 de Marzo &#8211; D\u00eda del MAR en Bolivia<\/h2>\n\n\n\n<p>Se conmemora el &#8216;D\u00eda del Mar&#8217;, como la p\u00e9rdida por parte del pa\u00eds boliviano al departamento del Litoral, actual territorio chileno conocido como Antofagasta, en 1904.&nbsp;<\/p>\n\n\n\n<p>Cada 23 de marzo,&nbsp;Bolivia celebra el&nbsp;&#8216;D\u00eda del Mar&#8217;, una fecha muy se\u00f1alada en el calendario y el coraz\u00f3n del pueblo boliviano.<\/p>\n\n\n\n<p>Esta fecha recuerda la Batalla de Calama o de Top\u00e1ter de 1879,&nbsp;el primer enfrentamiento entre las tropas bolivianas y chilenas en medio de la Guerra del Pac\u00edfico.<\/p>\n\n\n\n<p><strong>Mayor informaci\u00f3n la encuentra en:\u00a0<\/strong><\/p>\n\n\n\n<p>&#8211;<a href=\"https:\/\/www.bolivia.com\/actualidad\/nacionales\/dia-del-mar-en-bolivia-23-de-marzo-301283\" target=\"_blank\" rel=\"noreferrer noopener\">https:\/\/www.bolivia.com\/actualidad\/nacionales\/dia-del-mar-en-bolivia-23-de-marzo-301283<\/a><\/p>\n\n\n\n<blockquote class=\"wp-block-quote has-tiny-font-size is-layout-flow wp-block-quote-is-layout-flow\"><p>*Textos desarrollados por Daniela Sevilla Morales y Lorena Coria en el marco del Proyecto Observatorio Ambiental CEBEM REDESMA. 2022<\/p><\/blockquote>\n","protected":false},"excerpt":{"rendered":"<p>Esta semana hemos tenido dos fechas de importancia en nuestro calendario ambiental. Asi reconocemos:<br \/>\n&#8211; 23 de Marzo &#8211; D\u00eda Meteorol\u00f3gico Mundial<br \/>\n&#8211; 23 de Marzo &#8211; D\u00eda del MAR en Bolivia<\/p>\n","protected":false},"author":14,"featured_media":9981,"comment_status":"closed","ping_status":"closed","sticky":false,"template":"","format":"standard","meta":{"_jetpack_memberships_contains_paid_content":false,"footnotes":"","jetpack_publicize_message":"Esta semana hemos tenido dos fechas de importancia en nuestro calendario ambiental. Asi reconocemos:\n- 23 de Marzo - D\u00eda Meteorol\u00f3gico Mundial\n- 23 de Marzo - D\u00eda del MAR en Bolivia","jetpack_publicize_feature_enabled":true,"jetpack_social_post_already_shared":true,"jetpack_social_options":{"image_generator_settings":{"template":"highway","default_image_id":0,"font":"","enabled":false},"version":2}},"categories":[1],"tags":[1462,1034,1478],"class_list":["post-9939","post","type-post","status-publish","format-standard","has-post-thumbnail","hentry","category-noticias","tag-calendario-ambiental","tag-educacion-ambiental","tag-observatorio-ambiental-cebem-redesma","item-wrap"],"jetpack_publicize_connections":[],"jetpack_featured_media_url":"https:\/\/i0.wp.com\/cebem.org\/wp-content\/uploads\/2022\/03\/23marzo-meteorologico.jpg?fit=1024%2C1451&ssl=1","jetpack_sharing_enabled":true,"_links":{"self":[{"href":"https:\/\/cebem.org\/index.php?rest_route=\/wp\/v2\/posts\/9939","targetHints":{"allow":["GET"]}}],"collection":[{"href":"https:\/\/cebem.org\/index.php?rest_route=\/wp\/v2\/posts"}],"about":[{"href":"https:\/\/cebem.org\/index.php?rest_route=\/wp\/v2\/types\/post"}],"author":[{"embeddable":true,"href":"https:\/\/cebem.org\/index.php?rest_route=\/wp\/v2\/users\/14"}],"replies":[{"embeddable":true,"href":"https:\/\/cebem.org\/index.php?rest_route=%2Fwp%2Fv2%2Fcomments&post=9939"}],"version-history":[{"count":5,"href":"https:\/\/cebem.org\/index.php?rest_route=\/wp\/v2\/posts\/9939\/revisions"}],"predecessor-version":[{"id":9982,"href":"https:\/\/cebem.org\/index.php?rest_route=\/wp\/v2\/posts\/9939\/revisions\/9982"}],"wp:featuredmedia":[{"embeddable":true,"href":"https:\/\/cebem.org\/index.php?rest_route=\/wp\/v2\/media\/9981"}],"wp:attachment":[{"href":"https:\/\/cebem.org\/index.php?rest_route=%2Fwp%2Fv2%2Fmedia&parent=9939"}],"wp:term":[{"taxonomy":"category","embeddable":true,"href":"https:\/\/cebem.org\/index.php?rest_route=%2Fwp%2Fv2%2Fcategories&post=9939"},{"taxonomy":"post_tag","embeddable":true,"href":"https:\/\/cebem.org\/index.php?rest_route=%2Fwp%2Fv2%2Ftags&post=9939"}],"curies":[{"name":"wp","href":"https:\/\/api.w.org\/{rel}","templated":true}]}}