
{"id":9883,"date":"2022-03-22T10:56:42","date_gmt":"2022-03-22T14:56:42","guid":{"rendered":"https:\/\/cebem.org\/?p=9883"},"modified":"2022-03-22T10:56:43","modified_gmt":"2022-03-22T14:56:43","slug":"convocatoria-a-organizaciones-de-la-sociedad-civil-consorcios-redes-y-plataformas","status":"publish","type":"post","link":"https:\/\/cebem.org\/?p=9883","title":{"rendered":"Convocatoria a Organizaciones de la Sociedad Civil, Consorcios, Redes y Plataformas"},"content":{"rendered":"\n<p class=\"has-text-align-justify\">Progettomondo en el marco del proyecto EIDHR\/2020\/419-926&nbsp;\u00bb CON BUENA RAZON: Lucha y prevenci\u00f3n de las formas m\u00e1s degradantes, crueles e inhumanas de tortura y otros malos tratos hacia la poblaci\u00f3n privada de libertad, particularmente mujeres y adolescentes, de Bolivia y Honduras\u201d financiado por la Uni\u00f3n Europea, invita a organizaciones sin \u00e1nimo de lucro de la sociedad civil por s\u00ed solas, como consorcios, plataformas o redes a ser part\u00edcipes de la siguiente convocatoria:<\/p>\n\n\n\n<p><strong>FONDO CONCURSABLE PARA LA ATENCI\u00d3N A V\u00cdCTIMAS DE TORTURA EN EL ESTADO PLURINACIONAL DE BOLIVIA<\/strong><\/p>\n\n\n\n<p class=\"has-text-align-justify\">Las organizaciones proponentes deben considerar como objetivo principal de la convocatoria el brindar asesoramiento y servicio m\u00e9dico-legal enfocado al establecimiento de vulneraciones al derecho a la integridad y vida, por presuntos hechos de tortura y otros tratos o penas crueles, inhumanos o degradantes, en el \u00e1mbito de acci\u00f3n del Estado Plurinacional de Bolivia<\/p>\n\n\n\n<p class=\"has-text-align-left\">Las propuestas deber\u00e1n ser enviadas al correo electr\u00f3nico: \u00a0<a rel=\"noreferrer noopener\" href=\"mailto:postulaciones.justicia@gmail.com\" target=\"_blank\">postulaciones.justicia@gmail.com<\/a>\u00a0adjuntando los siguientes anexos:<\/p>\n\n\n\n<p>ANEXO I:&nbsp; Descripci\u00f3n de las actividades<br>ANEXO II: Presupuesto<br>ANEXO III: Formulario de capacidades administrativas<\/p>\n\n\n\n<p class=\"has-text-align-justify\">Los mismos podr\u00e1n ser descargados de la siguiente p\u00e1gina web:&nbsp;<a href=\"https:\/\/www.justiciajuvenil.org.bo\/\" target=\"_blank\" rel=\"noreferrer noopener\"><strong>www.justiciajuvenil.org.bo<\/strong><\/a>&nbsp;&nbsp;&nbsp; de la secci\u00f3n Convocatoria<\/p>\n\n\n\n<p>Las propuestas ser\u00e1n recibidas&nbsp;<strong>hasta el 10 de abril de 2022<\/strong>, impostergablemente.<\/p>\n\n\n\n<p>Para mayor informaci\u00f3n descargar la convocatoria:&nbsp;<a href=\"https:\/\/cebem.org\/boletin\/2022\/progettomondo_4\/Convocatoria_Fondo_Terceros_CBR.pdf\" target=\"_blank\" rel=\"noreferrer noopener\"><strong>Documento PDF<\/strong><\/a><\/p>\n\n\n\n<hr class=\"wp-block-separator\"\/>\n\n\n\n<p class=\"has-text-align-center\"><strong><em>ESTE BOLET\u00cdN SE PRODUCE POR ENCARGO DE PROGETTOMONDO<\/em><\/strong><\/p>\n","protected":false},"excerpt":{"rendered":"<p>Progettomondo en el marco del proyecto EIDHR\/2020\/419-926&nbsp;\u00bb CON BUENA RAZON: Lucha y prevenci\u00f3n de las formas m\u00e1s degradantes, crueles e inhumanas de tortura y otros malos tratos hacia la poblaci\u00f3n privada de libertad, particularmente mujeres y adolescentes, de Bolivia y Honduras\u201d financiado por la Uni\u00f3n Europea, invita a organizaciones sin \u00e1nimo de lucro de la &hellip; <\/p>\n<p><a class=\"more-link btn\" href=\"https:\/\/cebem.org\/?p=9883\">Seguir leyendo<\/a><\/p>\n","protected":false},"author":12,"featured_media":9884,"comment_status":"closed","ping_status":"closed","sticky":false,"template":"","format":"standard","meta":{"_jetpack_memberships_contains_paid_content":false,"footnotes":"","jetpack_publicize_message":"Progettomondo en el marco del proyecto EIDHR\/2020\/419-926\u00a0\" CON BUENA RAZON: Lucha y prevenci\u00f3n de las formas m\u00e1s degradantes, crueles e inhumanas de tortura.","jetpack_publicize_feature_enabled":true,"jetpack_social_post_already_shared":true,"jetpack_social_options":{"image_generator_settings":{"template":"highway","default_image_id":0,"font":"","enabled":false},"version":2}},"categories":[1476],"tags":[85,1531],"class_list":["post-9883","post","type-post","status-publish","format-standard","has-post-thumbnail","hentry","category-boletines-redesma","tag-convocatoria","tag-organizaciones-de-la-sociedad-civil","item-wrap"],"jetpack_publicize_connections":[],"jetpack_featured_media_url":"https:\/\/i0.wp.com\/cebem.org\/wp-content\/uploads\/2022\/03\/progettomondo.jpg?fit=1200%2C630&ssl=1","jetpack_sharing_enabled":true,"_links":{"self":[{"href":"https:\/\/cebem.org\/index.php?rest_route=\/wp\/v2\/posts\/9883","targetHints":{"allow":["GET"]}}],"collection":[{"href":"https:\/\/cebem.org\/index.php?rest_route=\/wp\/v2\/posts"}],"about":[{"href":"https:\/\/cebem.org\/index.php?rest_route=\/wp\/v2\/types\/post"}],"author":[{"embeddable":true,"href":"https:\/\/cebem.org\/index.php?rest_route=\/wp\/v2\/users\/12"}],"replies":[{"embeddable":true,"href":"https:\/\/cebem.org\/index.php?rest_route=%2Fwp%2Fv2%2Fcomments&post=9883"}],"version-history":[{"count":1,"href":"https:\/\/cebem.org\/index.php?rest_route=\/wp\/v2\/posts\/9883\/revisions"}],"predecessor-version":[{"id":9885,"href":"https:\/\/cebem.org\/index.php?rest_route=\/wp\/v2\/posts\/9883\/revisions\/9885"}],"wp:featuredmedia":[{"embeddable":true,"href":"https:\/\/cebem.org\/index.php?rest_route=\/wp\/v2\/media\/9884"}],"wp:attachment":[{"href":"https:\/\/cebem.org\/index.php?rest_route=%2Fwp%2Fv2%2Fmedia&parent=9883"}],"wp:term":[{"taxonomy":"category","embeddable":true,"href":"https:\/\/cebem.org\/index.php?rest_route=%2Fwp%2Fv2%2Fcategories&post=9883"},{"taxonomy":"post_tag","embeddable":true,"href":"https:\/\/cebem.org\/index.php?rest_route=%2Fwp%2Fv2%2Ftags&post=9883"}],"curies":[{"name":"wp","href":"https:\/\/api.w.org\/{rel}","templated":true}]}}