
{"id":9868,"date":"2022-03-21T18:05:22","date_gmt":"2022-03-21T22:05:22","guid":{"rendered":"https:\/\/cebem.org\/?p=9868"},"modified":"2022-03-21T18:05:23","modified_gmt":"2022-03-21T22:05:23","slug":"convocatoria-publica-servicios-de-produccion-audiovisual-de-video-documental-sobre-riesgos-de-explotacion-sexual-en-linea","status":"publish","type":"post","link":"https:\/\/cebem.org\/?p=9868","title":{"rendered":"Convocatoria P\u00fablica: Servicios de Producci\u00f3n Audiovisual de Video Documental sobre Riesgos de Explotaci\u00f3n Sexual en L\u00ednea."},"content":{"rendered":"\n<h4 class=\"has-text-align-center wp-block-heading\"><strong>CONVOCATORIA P\u00daBLICA<\/strong><\/h4>\n\n\n\n<p class=\"has-text-align-justify\"><strong>\u00bfQUI\u00c9NES SOMOS?<\/strong><\/p>\n\n\n\n<p class=\"has-text-align-justify\">Fundaci\u00f3n Educaci\u00f3n y Cooperaci\u00f3n \u2013 Educo, es una ONG de cooperaci\u00f3n global para el desarrollo que act\u00faa desde hace m\u00e1s de 30 a\u00f1os a favor de la infancia y en defensa de sus derechos. Somos parte de ChildFund Alliance y estamos presentes en 14 pa\u00edses de Latinoam\u00e9rica, \u00c1frica, Europa y Asia.<\/p>\n\n\n\n<p class=\"has-text-align-justify\">En abril de 2018, Educo firma el convenio con la Agencia Espa\u00f1ola de Cooperaci\u00f3n Internacional para el Desarrollo -AECID- relativo a la implementaci\u00f3n en Bolivia del Programa \u201cFortalecer sistemas integrales de protecci\u00f3n de ni\u00f1os, ni\u00f1as y adolescentes ante la trata con fines de explotaci\u00f3n sexual comercial, contribuyendo al ejercicio de su derecho a una vida libre de violencia\u201d con n\u00famero de expediente 2018\/PCONV\/001250. Para su implementaci\u00f3n operativa, se denomina Programa Tejiendo Redes Seguras \u2013 Protejeres.&nbsp;<\/p>\n\n\n\n<p><strong>\u00bfCU\u00c1L ES LA FINALIDAD DE ESTA CONSULTOR\u00cdA?<\/strong><\/p>\n\n\n\n<p class=\"has-text-align-justify\">Elaborar un video documental de alta calidad, recopilando informaci\u00f3n ver\u00eddica sobre riesgos y modalidades de explotaci\u00f3n sexual online, incluyendo en los juegos en l\u00ednea y posiblemente alguna red social priorizada, e incorporando consejos para su prevenci\u00f3n.<\/p>\n\n\n\n<p><strong>\u00bfA QUI\u00c9N SE DIRIGE LA CONVOCATORIA?<\/strong><\/p>\n\n\n\n<p>Empresa con amplia experiencia en producci\u00f3n de material audiovisual de tipo documental.<\/p>\n\n\n\n<p><strong>Requisitos:<\/strong><\/p>\n\n\n\n<ul class=\"wp-block-list\"><li>Experiencia demostrable en elaboraci\u00f3n de materiales audiovisuales, en particular de tipo documental, al menos 5 materiales similares (documentales) elaborados.<\/li><li>Experiencia demostrable en elaboraci\u00f3n de materiales audiovisuales para organismos de cooperaci\u00f3n internacional para el desarrollo.<\/li><li>Experiencia demostrable en la generaci\u00f3n de animaciones, gr\u00e1ficas y m\u00fasica\/sonido para material audiovisual.<\/li><li>Contar con personal de apoyo especializado en la realizaci\u00f3n de material audiovisual.<\/li><li>Contar con todo el equipo t\u00e9cnico requerido (micr\u00f3fonos, luces, equipo de pre y post producci\u00f3n, etc.) para llevar adelante el servicio de producci\u00f3n de video documental de alta calidad, seg\u00fan las caracter\u00edsticas mencionadas en estos TDR.<\/li><li>Garantizar que el video documental cumpla con altos est\u00e1ndares de calidad, tanto en todo el proceso de producci\u00f3n como en el producto final.<\/li><\/ul>\n\n\n\n<p><strong>Otros:<\/strong><\/p>\n\n\n\n<ul class=\"wp-block-list\"><li>Creatividad e iniciativa.<\/li><li>Sensibilidad y alta responsabilidad para el manejo confidencial de la informaci\u00f3n brindada y de los temas tratados en el video documental.<\/li><li>Puntualidad para la entrega de los productos.<\/li><li>Se valorar\u00e1 positivamente la experiencia de trabajo en organismos de cooperaci\u00f3n internacional enfocados en ni\u00f1ez y adolescencia.<\/li><\/ul>\n\n\n\n<p class=\"has-text-align-justify\">Las empresas interesadas podr\u00e1n solicitar los TDR&nbsp;<strong>a m\u00e1s tardar el 29 de marzo de 2022&nbsp;<\/strong>al correo&nbsp;<a href=\"mailto:info.bolivia@educo.org\" target=\"_blank\" rel=\"noreferrer noopener\"><strong>info.bolivia@educo.org<\/strong><\/a><strong>, y enviar su propuesta, portafolio y carta de presentaci\u00f3n hasta el 31 de marzo&nbsp;<\/strong>a la misma direcci\u00f3n electr\u00f3nica.<\/p>\n\n\n\n<p class=\"has-text-align-justify\">Fundaci\u00f3n Educo se compromete a no realizar ning\u00fan tipo de discriminaci\u00f3n por motivos de raza, color, sexo, religi\u00f3n, opini\u00f3n pol\u00edtica, ascendencia nacional u origen social, fomentando la igualdad de oportunidades.<\/p>\n\n\n\n<hr class=\"wp-block-separator\"\/>\n\n\n\n<p class=\"has-text-align-center\"><strong><em>ESTE BOLET\u00cdN SE PRODUCE POR ENCARGO DE EDUCO<\/em><\/strong><\/p>\n","protected":false},"excerpt":{"rendered":"<p>CONVOCATORIA P\u00daBLICA \u00bfQUI\u00c9NES SOMOS? Fundaci\u00f3n Educaci\u00f3n y Cooperaci\u00f3n \u2013 Educo, es una ONG de cooperaci\u00f3n global para el desarrollo que act\u00faa desde hace m\u00e1s de 30 a\u00f1os a favor de la infancia y en defensa de sus derechos. Somos parte de ChildFund Alliance y estamos presentes en 14 pa\u00edses de Latinoam\u00e9rica, \u00c1frica, Europa y Asia. &hellip; <\/p>\n<p><a class=\"more-link btn\" href=\"https:\/\/cebem.org\/?p=9868\">Seguir leyendo<\/a><\/p>\n","protected":false},"author":12,"featured_media":9870,"comment_status":"closed","ping_status":"closed","sticky":false,"template":"","format":"standard","meta":{"_jetpack_memberships_contains_paid_content":false,"footnotes":"","jetpack_publicize_message":"EDUCO: Convocatoria P\u00fablica: Servicios de Producci\u00f3n Audiovisual de Video Documental sobre Riesgos de Explotaci\u00f3n Sexual en L\u00ednea.\nMayor informaci\u00f3n:","jetpack_publicize_feature_enabled":true,"jetpack_social_post_already_shared":true,"jetpack_social_options":{"image_generator_settings":{"template":"highway","default_image_id":0,"font":"","enabled":false},"version":2}},"categories":[1476],"tags":[1479,1528,1526,1527],"class_list":["post-9868","post","type-post","status-publish","format-standard","has-post-thumbnail","hentry","category-boletines-redesma","tag-convocatoria-publica-2","tag-educo","tag-fortalecer-sistemas-integrales","tag-proteccion-para-ninos","item-wrap"],"jetpack_publicize_connections":[],"jetpack_featured_media_url":"https:\/\/i0.wp.com\/cebem.org\/wp-content\/uploads\/2022\/03\/educo.jpg?fit=1200%2C630&ssl=1","jetpack_sharing_enabled":true,"_links":{"self":[{"href":"https:\/\/cebem.org\/index.php?rest_route=\/wp\/v2\/posts\/9868","targetHints":{"allow":["GET"]}}],"collection":[{"href":"https:\/\/cebem.org\/index.php?rest_route=\/wp\/v2\/posts"}],"about":[{"href":"https:\/\/cebem.org\/index.php?rest_route=\/wp\/v2\/types\/post"}],"author":[{"embeddable":true,"href":"https:\/\/cebem.org\/index.php?rest_route=\/wp\/v2\/users\/12"}],"replies":[{"embeddable":true,"href":"https:\/\/cebem.org\/index.php?rest_route=%2Fwp%2Fv2%2Fcomments&post=9868"}],"version-history":[{"count":3,"href":"https:\/\/cebem.org\/index.php?rest_route=\/wp\/v2\/posts\/9868\/revisions"}],"predecessor-version":[{"id":9872,"href":"https:\/\/cebem.org\/index.php?rest_route=\/wp\/v2\/posts\/9868\/revisions\/9872"}],"wp:featuredmedia":[{"embeddable":true,"href":"https:\/\/cebem.org\/index.php?rest_route=\/wp\/v2\/media\/9870"}],"wp:attachment":[{"href":"https:\/\/cebem.org\/index.php?rest_route=%2Fwp%2Fv2%2Fmedia&parent=9868"}],"wp:term":[{"taxonomy":"category","embeddable":true,"href":"https:\/\/cebem.org\/index.php?rest_route=%2Fwp%2Fv2%2Fcategories&post=9868"},{"taxonomy":"post_tag","embeddable":true,"href":"https:\/\/cebem.org\/index.php?rest_route=%2Fwp%2Fv2%2Ftags&post=9868"}],"curies":[{"name":"wp","href":"https:\/\/api.w.org\/{rel}","templated":true}]}}