
{"id":9680,"date":"2022-03-05T22:43:00","date_gmt":"2022-03-06T02:43:00","guid":{"rendered":"https:\/\/cebem.org\/?p=9680"},"modified":"2022-05-04T10:15:59","modified_gmt":"2022-05-04T14:15:59","slug":"5-de-marzo-dia-de-la-eficiencia-energetica","status":"publish","type":"post","link":"https:\/\/cebem.org\/?p=9680","title":{"rendered":"5 de marzo, D\u00eda de la Eficiencia Energ\u00e9tica"},"content":{"rendered":"\n<div class=\"wp-block-image\"><figure class=\"aligncenter size-full is-resized\"><img data-recalc-dims=\"1\" fetchpriority=\"high\" decoding=\"async\" src=\"https:\/\/i0.wp.com\/cebem.org\/wp-content\/uploads\/2022\/03\/eficiencia-energetica.jpg?resize=463%2C295&#038;ssl=1\" alt=\"\" class=\"wp-image-9681\" width=\"463\" height=\"295\" srcset=\"https:\/\/i0.wp.com\/cebem.org\/wp-content\/uploads\/2022\/03\/eficiencia-energetica.jpg?w=925&amp;ssl=1 925w, https:\/\/i0.wp.com\/cebem.org\/wp-content\/uploads\/2022\/03\/eficiencia-energetica.jpg?resize=300%2C191&amp;ssl=1 300w, https:\/\/i0.wp.com\/cebem.org\/wp-content\/uploads\/2022\/03\/eficiencia-energetica.jpg?resize=768%2C489&amp;ssl=1 768w, https:\/\/i0.wp.com\/cebem.org\/wp-content\/uploads\/2022\/03\/eficiencia-energetica.jpg?resize=600%2C382&amp;ssl=1 600w, https:\/\/i0.wp.com\/cebem.org\/wp-content\/uploads\/2022\/03\/eficiencia-energetica.jpg?resize=750%2C478&amp;ssl=1 750w\" sizes=\"(max-width: 463px) 100vw, 463px\" \/><\/figure><\/div>\n\n\n\n<p>La eficiencia energ\u00e9tica es  importante porque contribuye a la sustentabilidad, la productividad, la competitividad, a reducir la contaminaci\u00f3n y a mejorar la salud p\u00fablica, a una mayor prosperidad y la reducci\u00f3n de la huella de carbono (GEI emitidos por individuos, empresas, transporte, etc., medidos en CO2).<\/p>\n\n\n\n<p>La Eficiencia Energ\u00e9tica es una pr\u00e1ctica\/forma de gestionar el crecimiento de la energ\u00eda, obteniendo un resultado igual con menor consumo \u00f3 un resultado mayor consumiendo lo mismo. (Fuente: IEA <a href=\"https:\/\/www.iea.org\/topics\/energyefficiency\/\" target=\"_blank\" rel=\"noreferrer noopener\">https:\/\/www.iea.org\/topics\/energyefficiency\/<\/a>)<\/p>\n\n\n\n<p>Aprovechar sustentablemente la energ\u00eda a trav\u00e9s de la eficiencia energ\u00e9tica requiere un cambio de comportamiento para mejorar la calidad de vida en los hogares, en las empresas, en los edificios fomentando el uso de nuevas tecnolog\u00edas.<\/p>\n\n\n\n<p><strong>Para mayor informaci\u00f3n puede consultar:<\/strong><\/p>\n\n\n\n<ul class=\"wp-block-list\"><li><a href=\"https:\/\/www.gob.mx\/sener\/articulos\/dia-mundial-de-la-eficiencia-energetica\" target=\"_blank\" rel=\"noreferrer noopener\">https:\/\/www.gob.mx\/sener\/articulos\/dia-mundial-de-la-eficiencia-energetica<\/a><\/li><\/ul>\n\n\n\n<ul class=\"wp-block-list\"><li><a rel=\"noreferrer noopener\" href=\"https:\/\/www.minem.gob.ar\/www\/835\/25538\/eficiencia-energetica\" target=\"_blank\">https:\/\/www.minem.gob.ar\/www\/835\/25538\/eficiencia-energetica<\/a><\/li><li>Fuente de foto: Pixabay<\/li><\/ul>\n\n\n\n<blockquote class=\"wp-block-quote has-tiny-font-size is-layout-flow wp-block-quote-is-layout-flow\"><p>*Texto desarrollado por Daniela Sevilla Morales y Lorena Coria en el marco del Proyecto Observatorio Ambiental CEBEM REDESMA.<\/p><\/blockquote>\n","protected":false},"excerpt":{"rendered":"<p>La eficiencia energ\u00e9tica es importante porque contribuye a la sustentabilidad, la productividad, la competitividad, a reducir la contaminaci\u00f3n y a mejorar la salud p\u00fablica, a una mayor prosperidad y la reducci\u00f3n de la huella de carbono (GEI emitidos por individuos, empresas, transporte, etc., medidos en CO2). La Eficiencia Energ\u00e9tica es una pr\u00e1ctica\/forma de gestionar el &hellip; <\/p>\n<p><a class=\"more-link btn\" href=\"https:\/\/cebem.org\/?p=9680\">Seguir leyendo<\/a><\/p>\n","protected":false},"author":2,"featured_media":9681,"comment_status":"closed","ping_status":"closed","sticky":false,"template":"","format":"standard","meta":{"_jetpack_memberships_contains_paid_content":false,"footnotes":"","jetpack_publicize_message":"","jetpack_publicize_feature_enabled":false,"jetpack_social_post_already_shared":true,"jetpack_social_options":{"image_generator_settings":{"template":"highway","default_image_id":0,"font":"","enabled":false},"version":2}},"categories":[1],"tags":[1463,1462,1034,1478],"class_list":["post-9680","post","type-post","status-publish","format-standard","has-post-thumbnail","hentry","category-noticias","tag-boletin-2-febrero-2022","tag-calendario-ambiental","tag-educacion-ambiental","tag-observatorio-ambiental-cebem-redesma","item-wrap"],"jetpack_publicize_connections":[],"jetpack_featured_media_url":"https:\/\/i0.wp.com\/cebem.org\/wp-content\/uploads\/2022\/03\/eficiencia-energetica.jpg?fit=925%2C589&ssl=1","jetpack_sharing_enabled":true,"_links":{"self":[{"href":"https:\/\/cebem.org\/index.php?rest_route=\/wp\/v2\/posts\/9680","targetHints":{"allow":["GET"]}}],"collection":[{"href":"https:\/\/cebem.org\/index.php?rest_route=\/wp\/v2\/posts"}],"about":[{"href":"https:\/\/cebem.org\/index.php?rest_route=\/wp\/v2\/types\/post"}],"author":[{"embeddable":true,"href":"https:\/\/cebem.org\/index.php?rest_route=\/wp\/v2\/users\/2"}],"replies":[{"embeddable":true,"href":"https:\/\/cebem.org\/index.php?rest_route=%2Fwp%2Fv2%2Fcomments&post=9680"}],"version-history":[{"count":4,"href":"https:\/\/cebem.org\/index.php?rest_route=\/wp\/v2\/posts\/9680\/revisions"}],"predecessor-version":[{"id":9695,"href":"https:\/\/cebem.org\/index.php?rest_route=\/wp\/v2\/posts\/9680\/revisions\/9695"}],"wp:featuredmedia":[{"embeddable":true,"href":"https:\/\/cebem.org\/index.php?rest_route=\/wp\/v2\/media\/9681"}],"wp:attachment":[{"href":"https:\/\/cebem.org\/index.php?rest_route=%2Fwp%2Fv2%2Fmedia&parent=9680"}],"wp:term":[{"taxonomy":"category","embeddable":true,"href":"https:\/\/cebem.org\/index.php?rest_route=%2Fwp%2Fv2%2Fcategories&post=9680"},{"taxonomy":"post_tag","embeddable":true,"href":"https:\/\/cebem.org\/index.php?rest_route=%2Fwp%2Fv2%2Ftags&post=9680"}],"curies":[{"name":"wp","href":"https:\/\/api.w.org\/{rel}","templated":true}]}}