
{"id":9660,"date":"2022-03-02T11:58:15","date_gmt":"2022-03-02T15:58:15","guid":{"rendered":"https:\/\/cebem.org\/?p=9660"},"modified":"2022-03-02T11:58:16","modified_gmt":"2022-03-02T15:58:16","slug":"se-exportan-246-toneladas-de-cafe-producido-bajo-sistemas-agroforestales-con-el-apoyo-de-wcs","status":"publish","type":"post","link":"https:\/\/cebem.org\/?p=9660","title":{"rendered":"Se exportan 24,6 toneladas de caf\u00e9 producido bajo sistemas agroforestales con el apoyo de WCS"},"content":{"rendered":"\n<figure class=\"wp-block-image size-large\"><img data-recalc-dims=\"1\" fetchpriority=\"high\" decoding=\"async\" width=\"750\" height=\"330\" src=\"https:\/\/i0.wp.com\/cebem.org\/wp-content\/uploads\/2022\/03\/NoticiaCafe_1.jpg?resize=750%2C330&#038;ssl=1\" alt=\"\" class=\"wp-image-9661\" srcset=\"https:\/\/i0.wp.com\/cebem.org\/wp-content\/uploads\/2022\/03\/NoticiaCafe_1.jpg?resize=1024%2C451&amp;ssl=1 1024w, https:\/\/i0.wp.com\/cebem.org\/wp-content\/uploads\/2022\/03\/NoticiaCafe_1.jpg?resize=300%2C132&amp;ssl=1 300w, https:\/\/i0.wp.com\/cebem.org\/wp-content\/uploads\/2022\/03\/NoticiaCafe_1.jpg?resize=768%2C339&amp;ssl=1 768w, https:\/\/i0.wp.com\/cebem.org\/wp-content\/uploads\/2022\/03\/NoticiaCafe_1.jpg?resize=600%2C265&amp;ssl=1 600w, https:\/\/i0.wp.com\/cebem.org\/wp-content\/uploads\/2022\/03\/NoticiaCafe_1.jpg?resize=750%2C331&amp;ssl=1 750w, https:\/\/i0.wp.com\/cebem.org\/wp-content\/uploads\/2022\/03\/NoticiaCafe_1.jpg?w=1116&amp;ssl=1 1116w\" sizes=\"(max-width: 750px) 100vw, 750px\" \/><\/figure>\n\n\n\n<p class=\"has-text-align-justify\">En febrero, la Asociaci\u00f3n de Productores de Caf\u00e9 Ecol\u00f3gico Regional Larecaja (APCERL), integrada por 72 productores de comunidades de Teoponte y de cuatro comunidades del pueblo ind\u00edgena Leco de Apolo (norte de La Paz) exportaron de manera conjunta a Estados Unidos 24,6 toneladas de caf\u00e9, 34% m\u00e1s respecto al a\u00f1o anterior, por un valor de $us 167.778 (86% m\u00e1s que en 2021). Esta operaci\u00f3n se realiz\u00f3 a trav\u00e9s de la empresa social Orygen-Chomateo SRL, con el apoyo de Wildlife Conservation Society (WCS), en el marco del proyecto \u201cCaf\u00e9 y cacao: Un camino de alianzas hacia la sostenibilidad\u201d, financiado por el Gobierno del Reino Unido a trav\u00e9s de la Iniciativa Darwin, la Agrupaci\u00f3n de Sociedades Asturianas de Trabajo Asociado y Econom\u00eda Social (ASATA), el Banco FIE y fondos propios de WCS.<\/p>\n\n\n\n<h4 class=\"wp-block-heading\"><strong>Leer la noticia\u00a0<a href=\"https:\/\/bolivia.wcs.org\/es-es\/Recursos-Informativos\/Sala-de-noticias\/articleType\/ArticleView\/articleId\/17258\/Se-exportan-246-toneladas-de-cafe-producido-bajo-sistemas-agroforestales-con-el-apoyo-de-WCS.aspx\" target=\"_blank\" rel=\"noreferrer noopener\">AQU\u00cd.<\/a><\/strong><\/h4>\n\n\n\n<p>Ver nuevas notas publicadas en la secci\u00f3n de noticias en el siguiente link:\u00a0 <a href=\"https:\/\/bolivia.wcs.org\/es-es\/Recursos-Informativos\/Sala-de-noticias.aspx\" target=\"_blank\" rel=\"noreferrer noopener\">https:\/\/bolivia.wcs.org\/es-es\/Recursos-Informativos\/Sala-de-noticias.aspx<\/a><\/p>\n\n\n\n<p><\/p>\n\n\n\n<p><\/p>\n\n\n\n<p><\/p>\n\n\n\n<p><\/p>\n\n\n\n<p><\/p>\n","protected":false},"excerpt":{"rendered":"<p>En febrero, la Asociaci\u00f3n de Productores de Caf\u00e9 Ecol\u00f3gico Regional Larecaja (APCERL), integrada por 72 productores de comunidades de Teoponte y de cuatro comunidades del pueblo ind\u00edgena Leco de Apolo (norte de La Paz) exportaron de manera conjunta a Estados Unidos 24,6 toneladas de caf\u00e9, 34% m\u00e1s respecto al a\u00f1o anterior, por un valor de &hellip; <\/p>\n<p><a class=\"more-link btn\" href=\"https:\/\/cebem.org\/?p=9660\">Seguir leyendo<\/a><\/p>\n","protected":false},"author":12,"featured_media":9661,"comment_status":"closed","ping_status":"closed","sticky":false,"template":"","format":"standard","meta":{"_jetpack_memberships_contains_paid_content":false,"footnotes":"","jetpack_publicize_message":"","jetpack_publicize_feature_enabled":true,"jetpack_social_post_already_shared":true,"jetpack_social_options":{"image_generator_settings":{"template":"highway","default_image_id":0,"font":"","enabled":false},"version":2}},"categories":[1],"tags":[1466,1463,1465,863],"class_list":["post-9660","post","type-post","status-publish","format-standard","has-post-thumbnail","hentry","category-noticias","tag-1466","tag-boletin-2-febrero-2022","tag-noticas","tag-wcs","item-wrap"],"jetpack_publicize_connections":[],"jetpack_featured_media_url":"https:\/\/i0.wp.com\/cebem.org\/wp-content\/uploads\/2022\/03\/NoticiaCafe_1.jpg?fit=1116%2C492&ssl=1","jetpack_sharing_enabled":true,"_links":{"self":[{"href":"https:\/\/cebem.org\/index.php?rest_route=\/wp\/v2\/posts\/9660","targetHints":{"allow":["GET"]}}],"collection":[{"href":"https:\/\/cebem.org\/index.php?rest_route=\/wp\/v2\/posts"}],"about":[{"href":"https:\/\/cebem.org\/index.php?rest_route=\/wp\/v2\/types\/post"}],"author":[{"embeddable":true,"href":"https:\/\/cebem.org\/index.php?rest_route=\/wp\/v2\/users\/12"}],"replies":[{"embeddable":true,"href":"https:\/\/cebem.org\/index.php?rest_route=%2Fwp%2Fv2%2Fcomments&post=9660"}],"version-history":[{"count":1,"href":"https:\/\/cebem.org\/index.php?rest_route=\/wp\/v2\/posts\/9660\/revisions"}],"predecessor-version":[{"id":9662,"href":"https:\/\/cebem.org\/index.php?rest_route=\/wp\/v2\/posts\/9660\/revisions\/9662"}],"wp:featuredmedia":[{"embeddable":true,"href":"https:\/\/cebem.org\/index.php?rest_route=\/wp\/v2\/media\/9661"}],"wp:attachment":[{"href":"https:\/\/cebem.org\/index.php?rest_route=%2Fwp%2Fv2%2Fmedia&parent=9660"}],"wp:term":[{"taxonomy":"category","embeddable":true,"href":"https:\/\/cebem.org\/index.php?rest_route=%2Fwp%2Fv2%2Fcategories&post=9660"},{"taxonomy":"post_tag","embeddable":true,"href":"https:\/\/cebem.org\/index.php?rest_route=%2Fwp%2Fv2%2Ftags&post=9660"}],"curies":[{"name":"wp","href":"https:\/\/api.w.org\/{rel}","templated":true}]}}