
{"id":9621,"date":"2022-02-14T22:12:00","date_gmt":"2022-02-15T02:12:00","guid":{"rendered":"https:\/\/cebem.org\/?p=9621"},"modified":"2022-05-04T09:57:54","modified_gmt":"2022-05-04T13:57:54","slug":"14-de-febrero-dia-de-la-energia","status":"publish","type":"post","link":"https:\/\/cebem.org\/?p=9621","title":{"rendered":"14 de febrero D\u00eda de la Energ\u00eda"},"content":{"rendered":"\n<div class=\"wp-block-image\"><figure class=\"aligncenter size-full is-resized\"><img data-recalc-dims=\"1\" fetchpriority=\"high\" decoding=\"async\" src=\"https:\/\/i0.wp.com\/cebem.org\/wp-content\/uploads\/2022\/02\/torres-energia-pixabay.jpg?resize=512%2C341&#038;ssl=1\" alt=\"\" class=\"wp-image-9624\" width=\"512\" height=\"341\" srcset=\"https:\/\/i0.wp.com\/cebem.org\/wp-content\/uploads\/2022\/02\/torres-energia-pixabay.jpg?w=1024&amp;ssl=1 1024w, https:\/\/i0.wp.com\/cebem.org\/wp-content\/uploads\/2022\/02\/torres-energia-pixabay.jpg?resize=300%2C200&amp;ssl=1 300w, https:\/\/i0.wp.com\/cebem.org\/wp-content\/uploads\/2022\/02\/torres-energia-pixabay.jpg?resize=768%2C512&amp;ssl=1 768w, https:\/\/i0.wp.com\/cebem.org\/wp-content\/uploads\/2022\/02\/torres-energia-pixabay.jpg?resize=600%2C400&amp;ssl=1 600w, https:\/\/i0.wp.com\/cebem.org\/wp-content\/uploads\/2022\/02\/torres-energia-pixabay.jpg?resize=750%2C500&amp;ssl=1 750w\" sizes=\"(max-width: 512px) 100vw, 512px\" \/><\/figure><\/div>\n\n\n\n<p>Desde 1949, el 14 de febrero se conmemora el D\u00eda Mundial de la Energ\u00eda, el cual tiene como principal objetivo crear conciencia respecto al uso racional y cuidado de la energ\u00eda en nuestra vida cotidiana.<\/p>\n\n\n\n<p>La energ\u00eda es una fuente esencial para el desarrollo social de un pa\u00eds, pues de ella dependen su crecimiento econ\u00f3mico y la calidad de vida. Es la luz que ilumina nuestros hogares y exteriores, el calentamiento y acondicionamiento de nuestras casas, el transporte de personas y mercanc\u00edas, la obtenci\u00f3n de alimento y su preparaci\u00f3n, entre otras actividades.<\/p>\n\n\n\n<p>En la actualidad el uso racional de la energ\u00eda, su ahorro y la b\u00fasqueda y avance de energ\u00edas renovables se enmarcan en la urgencia de los procesos de mitigaci\u00f3n del cambio clim\u00e1tico. Los diferentes pa\u00edses asumieron el compromiso de modificar su matriz energ\u00e9tica y su matriz de generaci\u00f3n el\u00e9ctrica a los fines de disminuir la generaci\u00f3n de Gases de Efecto Invernadero que devienen del sector energ\u00e9tico.<\/p>\n\n\n\n<p>Los desaf\u00edos son numerosos y es responsabilidad de todos, el desarrollo de buenas pr\u00e1cticas de uso de energ\u00eda.<\/p>\n\n\n\n<h4 class=\"wp-block-heading\" id=\"mas-informacion-https-www-gob-mx-cenace-articulos-este-14-de-febrero-dia-mundial-de-la-energia-cuidemos-nuestro-planeta\">M\u00e1s informaci\u00f3n:<br><a href=\"https:\/\/www.gob.mx\/cenace\/articulos\/este-14-de-febrero-dia-mundial-de-la-energia-cuidemos-nuestro-planeta\" target=\"_blank\" rel=\"noreferrer noopener\">https:\/\/www.gob.mx\/cenace\/articulos\/este-14-de-febrero-dia-mundial-de-la-energia-cuidemos-nuestro-planeta<\/a><\/h4>\n\n\n\n<blockquote class=\"wp-block-quote has-tiny-font-size is-layout-flow wp-block-quote-is-layout-flow\"><p>*Texto desarrollado por Daniela Sevilla Morales y Lorena Coria, en el marco del Proyecto Observatorio Ambiental CEBEM REDESMA. Correcciones por Lorena G. Coria<\/p><\/blockquote>\n","protected":false},"excerpt":{"rendered":"<p>Desde 1949, el 14 de febrero se conmemora el D\u00eda Mundial de la Energ\u00eda, el cual tiene como principal objetivo crear conciencia respecto al uso racional y cuidado de la energ\u00eda en nuestra vida cotidiana. La energ\u00eda es una fuente esencial para el desarrollo social de un pa\u00eds, pues de ella dependen su crecimiento econ\u00f3mico &hellip; <\/p>\n<p><a class=\"more-link btn\" href=\"https:\/\/cebem.org\/?p=9621\">Seguir leyendo<\/a><\/p>\n","protected":false},"author":14,"featured_media":9624,"comment_status":"closed","ping_status":"closed","sticky":false,"template":"","format":"standard","meta":{"_jetpack_memberships_contains_paid_content":false,"footnotes":"","jetpack_publicize_message":"","jetpack_publicize_feature_enabled":false,"jetpack_social_post_already_shared":true,"jetpack_social_options":{"image_generator_settings":{"template":"highway","default_image_id":0,"font":"","enabled":false},"version":2}},"categories":[1],"tags":[1462,1034,1478],"class_list":["post-9621","post","type-post","status-publish","format-standard","has-post-thumbnail","hentry","category-noticias","tag-calendario-ambiental","tag-educacion-ambiental","tag-observatorio-ambiental-cebem-redesma","item-wrap"],"jetpack_publicize_connections":[],"jetpack_featured_media_url":"https:\/\/i0.wp.com\/cebem.org\/wp-content\/uploads\/2022\/02\/torres-energia-pixabay.jpg?fit=1024%2C682&ssl=1","jetpack_sharing_enabled":true,"_links":{"self":[{"href":"https:\/\/cebem.org\/index.php?rest_route=\/wp\/v2\/posts\/9621","targetHints":{"allow":["GET"]}}],"collection":[{"href":"https:\/\/cebem.org\/index.php?rest_route=\/wp\/v2\/posts"}],"about":[{"href":"https:\/\/cebem.org\/index.php?rest_route=\/wp\/v2\/types\/post"}],"author":[{"embeddable":true,"href":"https:\/\/cebem.org\/index.php?rest_route=\/wp\/v2\/users\/14"}],"replies":[{"embeddable":true,"href":"https:\/\/cebem.org\/index.php?rest_route=%2Fwp%2Fv2%2Fcomments&post=9621"}],"version-history":[{"count":1,"href":"https:\/\/cebem.org\/index.php?rest_route=\/wp\/v2\/posts\/9621\/revisions"}],"predecessor-version":[{"id":9625,"href":"https:\/\/cebem.org\/index.php?rest_route=\/wp\/v2\/posts\/9621\/revisions\/9625"}],"wp:featuredmedia":[{"embeddable":true,"href":"https:\/\/cebem.org\/index.php?rest_route=\/wp\/v2\/media\/9624"}],"wp:attachment":[{"href":"https:\/\/cebem.org\/index.php?rest_route=%2Fwp%2Fv2%2Fmedia&parent=9621"}],"wp:term":[{"taxonomy":"category","embeddable":true,"href":"https:\/\/cebem.org\/index.php?rest_route=%2Fwp%2Fv2%2Fcategories&post=9621"},{"taxonomy":"post_tag","embeddable":true,"href":"https:\/\/cebem.org\/index.php?rest_route=%2Fwp%2Fv2%2Ftags&post=9621"}],"curies":[{"name":"wp","href":"https:\/\/api.w.org\/{rel}","templated":true}]}}