
{"id":9615,"date":"2022-02-11T21:01:00","date_gmt":"2022-02-12T01:01:00","guid":{"rendered":"https:\/\/cebem.org\/?p=9615"},"modified":"2022-05-04T09:55:22","modified_gmt":"2022-05-04T13:55:22","slug":"11-de-febrero-dia-internacional-de-la-nina-y-la-mujer-en-la-ciencia","status":"publish","type":"post","link":"https:\/\/cebem.org\/?p=9615","title":{"rendered":"11 de febrero D\u00eda internacional de la Ni\u00f1a y la Mujer en la Ciencia"},"content":{"rendered":"\n<div class=\"wp-block-image\"><figure class=\"aligncenter size-full is-resized\"><img data-recalc-dims=\"1\" fetchpriority=\"high\" decoding=\"async\" src=\"https:\/\/i0.wp.com\/cebem.org\/wp-content\/uploads\/2022\/02\/nina-y-la-ciencia.jpg?resize=512%2C342&#038;ssl=1\" alt=\"\" class=\"wp-image-9616\" width=\"512\" height=\"342\" srcset=\"https:\/\/i0.wp.com\/cebem.org\/wp-content\/uploads\/2022\/02\/nina-y-la-ciencia.jpg?w=1024&amp;ssl=1 1024w, https:\/\/i0.wp.com\/cebem.org\/wp-content\/uploads\/2022\/02\/nina-y-la-ciencia.jpg?resize=300%2C200&amp;ssl=1 300w, https:\/\/i0.wp.com\/cebem.org\/wp-content\/uploads\/2022\/02\/nina-y-la-ciencia.jpg?resize=768%2C512&amp;ssl=1 768w, https:\/\/i0.wp.com\/cebem.org\/wp-content\/uploads\/2022\/02\/nina-y-la-ciencia.jpg?resize=600%2C400&amp;ssl=1 600w, https:\/\/i0.wp.com\/cebem.org\/wp-content\/uploads\/2022\/02\/nina-y-la-ciencia.jpg?resize=750%2C500&amp;ssl=1 750w\" sizes=\"(max-width: 512px) 100vw, 512px\" \/><\/figure><\/div>\n\n\n\n<p>Fue aprobado por la Asamblea General de las Naciones Unidas con el fin de lograr el acceso y la participaci\u00f3n plena y equitativa en la ciencia para las mujeres y las ni\u00f1as, y adem\u00e1s para lograr la igualdad de g\u00e9nero y el empoderamiento de las mujeres y las ni\u00f1as. Este D\u00eda es un recordatorio de que las mujeres y las ni\u00f1as desempe\u00f1an un papel fundamental en las comunidades de ciencia y tecnolog\u00eda y que su participaci\u00f3n debe fortalecerse. La celebraci\u00f3n de este d\u00eda est\u00e1 dirigida por la UNESCO y ONU-Mujeres, en colaboraci\u00f3n con instituciones y socios de la sociedad civil que promueven el acceso y la participaci\u00f3n de mujeres y ni\u00f1as en la ciencia.<\/p>\n\n\n\n<h4 class=\"wp-block-heading\" id=\"para-mas-informacion-consultar-en-https-es-unesco-org-commemorations-womenandgirlinscienceday\">Para m\u00e1s informaci\u00f3n consultar en:<br><a rel=\"noreferrer noopener\" href=\"https:\/\/es.unesco.org\/commemorations\/womenandgirlinscienceday\" target=\"_blank\">https:\/\/es.unesco.org\/commemorations\/womenandgirlinscienceday<\/a><\/h4>\n\n\n\n<blockquote class=\"wp-block-quote is-style-plain has-tiny-font-size is-layout-flow wp-block-quote-is-layout-flow\"><p>*Texto desarrollado por Daniela Sevilla Morales y Lorena Coria, en el marco del Proyecto Observatorio Ambiental CEBEM REDESMA. Correcciones por Lorena G. Coria<\/p><\/blockquote>\n","protected":false},"excerpt":{"rendered":"<p>Fue aprobado por la Asamblea General de las Naciones Unidas con el fin de lograr el acceso y la participaci\u00f3n plena y equitativa en la ciencia para las mujeres y las ni\u00f1as, y adem\u00e1s para lograr la igualdad de g\u00e9nero y el empoderamiento de las mujeres y las ni\u00f1as. Este D\u00eda es un recordatorio de &hellip; <\/p>\n<p><a class=\"more-link btn\" href=\"https:\/\/cebem.org\/?p=9615\">Seguir leyendo<\/a><\/p>\n","protected":false},"author":14,"featured_media":9616,"comment_status":"closed","ping_status":"closed","sticky":false,"template":"","format":"standard","meta":{"_jetpack_memberships_contains_paid_content":false,"footnotes":"","jetpack_publicize_message":"","jetpack_publicize_feature_enabled":false,"jetpack_social_post_already_shared":true,"jetpack_social_options":{"image_generator_settings":{"template":"highway","default_image_id":0,"font":"","enabled":false},"version":2}},"categories":[1],"tags":[1462,1034,1478],"class_list":["post-9615","post","type-post","status-publish","format-standard","has-post-thumbnail","hentry","category-noticias","tag-calendario-ambiental","tag-educacion-ambiental","tag-observatorio-ambiental-cebem-redesma","item-wrap"],"jetpack_publicize_connections":[],"jetpack_featured_media_url":"https:\/\/i0.wp.com\/cebem.org\/wp-content\/uploads\/2022\/02\/nina-y-la-ciencia.jpg?fit=1024%2C683&ssl=1","jetpack_sharing_enabled":true,"_links":{"self":[{"href":"https:\/\/cebem.org\/index.php?rest_route=\/wp\/v2\/posts\/9615","targetHints":{"allow":["GET"]}}],"collection":[{"href":"https:\/\/cebem.org\/index.php?rest_route=\/wp\/v2\/posts"}],"about":[{"href":"https:\/\/cebem.org\/index.php?rest_route=\/wp\/v2\/types\/post"}],"author":[{"embeddable":true,"href":"https:\/\/cebem.org\/index.php?rest_route=\/wp\/v2\/users\/14"}],"replies":[{"embeddable":true,"href":"https:\/\/cebem.org\/index.php?rest_route=%2Fwp%2Fv2%2Fcomments&post=9615"}],"version-history":[{"count":2,"href":"https:\/\/cebem.org\/index.php?rest_route=\/wp\/v2\/posts\/9615\/revisions"}],"predecessor-version":[{"id":9623,"href":"https:\/\/cebem.org\/index.php?rest_route=\/wp\/v2\/posts\/9615\/revisions\/9623"}],"wp:featuredmedia":[{"embeddable":true,"href":"https:\/\/cebem.org\/index.php?rest_route=\/wp\/v2\/media\/9616"}],"wp:attachment":[{"href":"https:\/\/cebem.org\/index.php?rest_route=%2Fwp%2Fv2%2Fmedia&parent=9615"}],"wp:term":[{"taxonomy":"category","embeddable":true,"href":"https:\/\/cebem.org\/index.php?rest_route=%2Fwp%2Fv2%2Fcategories&post=9615"},{"taxonomy":"post_tag","embeddable":true,"href":"https:\/\/cebem.org\/index.php?rest_route=%2Fwp%2Fv2%2Ftags&post=9615"}],"curies":[{"name":"wp","href":"https:\/\/api.w.org\/{rel}","templated":true}]}}