
{"id":9548,"date":"2022-01-31T12:24:51","date_gmt":"2022-01-31T16:24:51","guid":{"rendered":"https:\/\/cebem.org\/?p=9548"},"modified":"2022-02-02T12:14:31","modified_gmt":"2022-02-02T16:14:31","slug":"estudiantes-del-area-urbana-y-rural-de-bolivia-comprometidos-con-el-cuidado-del-medio-ambiente-y-la-conservacion","status":"publish","type":"post","link":"https:\/\/cebem.org\/?p=9548","title":{"rendered":"Estudiantes del \u00e1rea urbana y rural de Bolivia comprometidos con el cuidado del medio ambiente y la conservaci\u00f3n"},"content":{"rendered":"\n<figure class=\"wp-block-image size-large is-resized\"><img data-recalc-dims=\"1\" fetchpriority=\"high\" decoding=\"async\" src=\"https:\/\/i0.wp.com\/cebem.org\/wp-content\/uploads\/2022\/01\/Nota-2a-20150923_101158.jpg?resize=750%2C563&#038;ssl=1\" alt=\"\" class=\"wp-image-9549\" width=\"750\" height=\"563\" srcset=\"https:\/\/i0.wp.com\/cebem.org\/wp-content\/uploads\/2022\/01\/Nota-2a-20150923_101158-scaled.jpg?resize=1024%2C768&amp;ssl=1 1024w, https:\/\/i0.wp.com\/cebem.org\/wp-content\/uploads\/2022\/01\/Nota-2a-20150923_101158-scaled.jpg?resize=300%2C225&amp;ssl=1 300w, https:\/\/i0.wp.com\/cebem.org\/wp-content\/uploads\/2022\/01\/Nota-2a-20150923_101158-scaled.jpg?resize=768%2C576&amp;ssl=1 768w, https:\/\/i0.wp.com\/cebem.org\/wp-content\/uploads\/2022\/01\/Nota-2a-20150923_101158-scaled.jpg?resize=600%2C450&amp;ssl=1 600w, https:\/\/i0.wp.com\/cebem.org\/wp-content\/uploads\/2022\/01\/Nota-2a-20150923_101158-scaled.jpg?resize=1536%2C1152&amp;ssl=1 1536w, https:\/\/i0.wp.com\/cebem.org\/wp-content\/uploads\/2022\/01\/Nota-2a-20150923_101158-scaled.jpg?resize=2048%2C1536&amp;ssl=1 2048w, https:\/\/i0.wp.com\/cebem.org\/wp-content\/uploads\/2022\/01\/Nota-2a-20150923_101158-scaled.jpg?resize=750%2C563&amp;ssl=1 750w, https:\/\/i0.wp.com\/cebem.org\/wp-content\/uploads\/2022\/01\/Nota-2a-20150923_101158-scaled.jpg?w=2250&amp;ssl=1 2250w\" sizes=\"(max-width: 750px) 100vw, 750px\" \/><\/figure>\n\n\n\n<p><\/p>\n\n\n\n<p>La WCS Bolivia presenta varias notas nuevas publicadas en su secci\u00f3n Recursos informativos &#8211; Sala de noticias &nbsp;entre ellas destacamos la siguiente nota.<\/p>\n\n\n\n<p><strong>&nbsp;(enero 05, 2022)&nbsp;<\/strong>Las actividades de difusi\u00f3n cient\u00edfica en unidades educativas, realizadas por el equipo de comunicaci\u00f3n de WCS Bolivia, entre 2015 y 2018, involucraron a 46.895 estudiantes del nivel secundario de las ciudades de La Paz y El Alto, y a 2.751 estudiantes del \u00e1rea rural del norte de La Paz. Estos resultados fueron posibles gracias a la coordinaci\u00f3n con el Ministerio de Educaci\u00f3n, el Parque Nacional Madidi, los gobiernos municipales y las organizaciones de pueblos ind\u00edgenas de la regi\u00f3n. <\/p>\n\n\n\n<h4 class=\"wp-block-heading\" id=\"leer-la-noticia-aqui\">Leer la noticia<a rel=\"noreferrer noopener\" href=\"https:\/\/bolivia.wcs.org\/es-es\/Recursos-Informativos\/Sala-de-noticias\/articleType\/ArticleView\/articleId\/17081\/Estudiantes-del-area-urbana-y-rural-de-Bolivia-comprometidos-con-el-cuidado-del-medio-ambiente-y-la-conservacion.aspx\" target=\"_blank\"> AQU\u00cd<\/a>.<\/h4>\n\n\n\n<p>Tambi\u00e9n pueden ver mas nuevas notas publicadas en la secci\u00f3n de noticias en el siguiente link: <a href=\"https:\/\/bolivia.wcs.org\/es-es\/Recursos-Informativos\/Sala-de-noticias.aspx\" target=\"_blank\" rel=\"noreferrer noopener\">https:\/\/bolivia.wcs.org\/es-es\/Recursos-Informativos\/Sala-de-noticias.aspx<\/a><\/p>\n\n\n\n<p><\/p>\n","protected":false},"excerpt":{"rendered":"<p>Las actividades de difusi\u00f3n cient\u00edfica en unidades educativas, realizadas por el equipo de comunicaci\u00f3n de WCS Bolivia, entre 2015 y 2018.<\/p>\n","protected":false},"author":12,"featured_media":9549,"comment_status":"closed","ping_status":"closed","sticky":false,"template":"","format":"standard","meta":{"_jetpack_memberships_contains_paid_content":false,"footnotes":"","jetpack_publicize_message":"","jetpack_publicize_feature_enabled":true,"jetpack_social_post_already_shared":true,"jetpack_social_options":{"image_generator_settings":{"template":"highway","default_image_id":0,"font":"","enabled":false},"version":2}},"categories":[1],"tags":[1444,698,1181],"class_list":["post-9548","post","type-post","status-publish","format-standard","has-post-thumbnail","hentry","category-noticias","tag-boletin-1-enero-2022","tag-noticias-ambientales","tag-wcs-bolivia","item-wrap"],"jetpack_publicize_connections":[],"jetpack_featured_media_url":"https:\/\/i0.wp.com\/cebem.org\/wp-content\/uploads\/2022\/01\/Nota-2a-20150923_101158-scaled.jpg?fit=2560%2C1920&ssl=1","jetpack_sharing_enabled":true,"_links":{"self":[{"href":"https:\/\/cebem.org\/index.php?rest_route=\/wp\/v2\/posts\/9548","targetHints":{"allow":["GET"]}}],"collection":[{"href":"https:\/\/cebem.org\/index.php?rest_route=\/wp\/v2\/posts"}],"about":[{"href":"https:\/\/cebem.org\/index.php?rest_route=\/wp\/v2\/types\/post"}],"author":[{"embeddable":true,"href":"https:\/\/cebem.org\/index.php?rest_route=\/wp\/v2\/users\/12"}],"replies":[{"embeddable":true,"href":"https:\/\/cebem.org\/index.php?rest_route=%2Fwp%2Fv2%2Fcomments&post=9548"}],"version-history":[{"count":4,"href":"https:\/\/cebem.org\/index.php?rest_route=\/wp\/v2\/posts\/9548\/revisions"}],"predecessor-version":[{"id":9558,"href":"https:\/\/cebem.org\/index.php?rest_route=\/wp\/v2\/posts\/9548\/revisions\/9558"}],"wp:featuredmedia":[{"embeddable":true,"href":"https:\/\/cebem.org\/index.php?rest_route=\/wp\/v2\/media\/9549"}],"wp:attachment":[{"href":"https:\/\/cebem.org\/index.php?rest_route=%2Fwp%2Fv2%2Fmedia&parent=9548"}],"wp:term":[{"taxonomy":"category","embeddable":true,"href":"https:\/\/cebem.org\/index.php?rest_route=%2Fwp%2Fv2%2Fcategories&post=9548"},{"taxonomy":"post_tag","embeddable":true,"href":"https:\/\/cebem.org\/index.php?rest_route=%2Fwp%2Fv2%2Ftags&post=9548"}],"curies":[{"name":"wp","href":"https:\/\/api.w.org\/{rel}","templated":true}]}}