
{"id":9526,"date":"2022-01-26T19:36:35","date_gmt":"2022-01-26T23:36:35","guid":{"rendered":"https:\/\/cebem.org\/?p=9526"},"modified":"2022-05-04T09:51:45","modified_gmt":"2022-05-04T13:51:45","slug":"dia-mundial-de-la-educacion-ambiental","status":"publish","type":"post","link":"https:\/\/cebem.org\/?p=9526","title":{"rendered":"D\u00eda Mundial de la Educaci\u00f3n Ambiental"},"content":{"rendered":"\n<h4 class=\"has-text-align-center wp-block-heading\" id=\"que-se-celebra-el-26-de-enero\"><strong>\u00bfQu\u00e9 se celebra el 26 de Enero?<\/strong><\/h4>\n\n\n\n<div class=\"wp-block-image\"><figure class=\"aligncenter size-full is-resized\"><img data-recalc-dims=\"1\" fetchpriority=\"high\" decoding=\"async\" src=\"https:\/\/i0.wp.com\/cebem.org\/wp-content\/uploads\/2022\/01\/ban-dia_educacion-ambiental.jpg?resize=512%2C288&#038;ssl=1\" alt=\"\" class=\"wp-image-9527\" width=\"512\" height=\"288\" srcset=\"https:\/\/i0.wp.com\/cebem.org\/wp-content\/uploads\/2022\/01\/ban-dia_educacion-ambiental.jpg?w=1024&amp;ssl=1 1024w, https:\/\/i0.wp.com\/cebem.org\/wp-content\/uploads\/2022\/01\/ban-dia_educacion-ambiental.jpg?resize=300%2C169&amp;ssl=1 300w, https:\/\/i0.wp.com\/cebem.org\/wp-content\/uploads\/2022\/01\/ban-dia_educacion-ambiental.jpg?resize=768%2C432&amp;ssl=1 768w, https:\/\/i0.wp.com\/cebem.org\/wp-content\/uploads\/2022\/01\/ban-dia_educacion-ambiental.jpg?resize=600%2C338&amp;ssl=1 600w, https:\/\/i0.wp.com\/cebem.org\/wp-content\/uploads\/2022\/01\/ban-dia_educacion-ambiental.jpg?resize=750%2C422&amp;ssl=1 750w\" sizes=\"(max-width: 512px) 100vw, 512px\" \/><\/figure><\/div>\n\n\n\n<p>El 26 de enero se celebra el D\u00eda Mundial de la Educaci\u00f3n Ambiental.&nbsp; Esta celebraci\u00f3n surge a partir de la Conferencia de Estocolmo (Suecia) de 1972. Esta conferencia marca el comienzo oficial de la protecci\u00f3n del ambiente, ya que es el primer evento internacional y oficial en el que se aborda la problem\u00e1tica de la degradaci\u00f3n del ambiente como consecuencia de las acciones humanas.&nbsp;<\/p>\n\n\n\n<p>Posterior a la Conferencia de Estocolmo, tuvo lugar el Seminario Internacional de Educaci\u00f3n Ambiental de Belgrado (Serbia) en el a\u00f1o 1975. Este seminario no se centr\u00f3 en la protecci\u00f3n del ambiente en general, sino en la importancia que tiene la educaci\u00f3n de la sociedad en su conjunto para la protecci\u00f3n del ambiente. La educaci\u00f3n ambiental est\u00e1 dirigida tanto a ni\u00f1os y j\u00f3venes como a personas adultas, as\u00ed como a instituciones p\u00fablicas y privadas, a gobiernos y empresas, en definitiva, a cualquier agente social que tenga relaci\u00f3n con el ambiente.*<\/p>\n\n\n\n<h4 class=\"wp-block-heading\" id=\"pueden-obtener-mas-informacion-en-https-www-ecologiaverde-com-el-dia-mundial-de-la-educacion-ambiental-1841-html\">Pueden obtener m\u00e1s informaci\u00f3n en:<br><a href=\"https:\/\/www.ecologiaverde.com\/el-dia-mundial-de-la-educacion-ambiental-1841.html\" target=\"_blank\" rel=\"noreferrer noopener\">https:\/\/www.ecologiaverde.com\/el-dia-mundial-de-la-educacion-ambiental-1841.html<\/a><\/h4>\n\n\n\n<p class=\"has-tiny-font-size\">*Texto desarrollado por Daniela Sevilla Morales, en el marco del Proyecto Observatorio Ambiental. Correcciones por <em>Lorena G. Coria<\/em><\/p>\n\n\n\n<p><\/p>\n\n\n\n<h3 class=\"wp-block-heading\" id=\"y-celebrando-el-dia-hacemos-la-invitacion-a-los-siguientes-cursos-con-la-misma-tematica\">Y celebrando el d\u00eda hacemos la invitaci\u00f3n a los siguientes cursos con la misma tem\u00e1tica.<\/h3>\n\n\n\n<div class=\"wp-block-media-text is-stacked-on-mobile\" style=\"grid-template-columns:36% auto\"><figure class=\"wp-block-media-text__media\"><img data-recalc-dims=\"1\" decoding=\"async\" width=\"750\" height=\"394\" src=\"https:\/\/i0.wp.com\/cebem.org\/wp-content\/uploads\/2021\/11\/portada-curso-ea3v-1024x538.jpg?resize=750%2C394&#038;ssl=1\" alt=\"\" class=\"wp-image-9282 size-full\" srcset=\"https:\/\/i0.wp.com\/cebem.org\/wp-content\/uploads\/2021\/11\/portada-curso-ea3v.jpg?resize=1024%2C538&amp;ssl=1 1024w, https:\/\/i0.wp.com\/cebem.org\/wp-content\/uploads\/2021\/11\/portada-curso-ea3v.jpg?resize=300%2C158&amp;ssl=1 300w, https:\/\/i0.wp.com\/cebem.org\/wp-content\/uploads\/2021\/11\/portada-curso-ea3v.jpg?resize=768%2C403&amp;ssl=1 768w, https:\/\/i0.wp.com\/cebem.org\/wp-content\/uploads\/2021\/11\/portada-curso-ea3v.jpg?resize=600%2C315&amp;ssl=1 600w, https:\/\/i0.wp.com\/cebem.org\/wp-content\/uploads\/2021\/11\/portada-curso-ea3v.jpg?resize=750%2C394&amp;ssl=1 750w, https:\/\/i0.wp.com\/cebem.org\/wp-content\/uploads\/2021\/11\/portada-curso-ea3v.jpg?w=1200&amp;ssl=1 1200w\" sizes=\"(max-width: 750px) 100vw, 750px\" \/><\/figure><div class=\"wp-block-media-text__content\">\n<p class=\"has-regular-font-size\"><strong>Curso virtual : Bases y Herramientas de la Educaci\u00f3n Ambiental (3ra versi\u00f3n)<\/strong><\/p>\n\n\n\n<p class=\"has-small-font-size\" id=\"duracion-14-de-febrero-al-10-de-abril-de-2022\">Duracion: 14 de febrero al 10 de abril de 2022<\/p>\n\n\n\n<p><a href=\"https:\/\/cebem.org\/?p=9281\" target=\"_blank\" rel=\"noreferrer noopener\">Informate sobre el curso<\/a><\/p>\n<\/div><\/div>\n\n\n\n<div class=\"wp-block-media-text is-stacked-on-mobile\" style=\"grid-template-columns:36% auto\"><figure class=\"wp-block-media-text__media\"><img data-recalc-dims=\"1\" decoding=\"async\" width=\"750\" height=\"468\" src=\"https:\/\/i0.wp.com\/cebem.org\/wp-content\/uploads\/2021\/11\/proyectos-de-educacion-ambiental.jpg?resize=750%2C468&#038;ssl=1\" alt=\"\" class=\"wp-image-9276 size-full\" srcset=\"https:\/\/i0.wp.com\/cebem.org\/wp-content\/uploads\/2021\/11\/proyectos-de-educacion-ambiental.jpg?resize=1024%2C639&amp;ssl=1 1024w, https:\/\/i0.wp.com\/cebem.org\/wp-content\/uploads\/2021\/11\/proyectos-de-educacion-ambiental.jpg?resize=300%2C187&amp;ssl=1 300w, https:\/\/i0.wp.com\/cebem.org\/wp-content\/uploads\/2021\/11\/proyectos-de-educacion-ambiental.jpg?resize=768%2C479&amp;ssl=1 768w, https:\/\/i0.wp.com\/cebem.org\/wp-content\/uploads\/2021\/11\/proyectos-de-educacion-ambiental.jpg?resize=600%2C374&amp;ssl=1 600w, https:\/\/i0.wp.com\/cebem.org\/wp-content\/uploads\/2021\/11\/proyectos-de-educacion-ambiental.jpg?resize=1536%2C958&amp;ssl=1 1536w, https:\/\/i0.wp.com\/cebem.org\/wp-content\/uploads\/2021\/11\/proyectos-de-educacion-ambiental.jpg?resize=750%2C468&amp;ssl=1 750w, https:\/\/i0.wp.com\/cebem.org\/wp-content\/uploads\/2021\/11\/proyectos-de-educacion-ambiental.jpg?w=1920&amp;ssl=1 1920w\" sizes=\"(max-width: 750px) 100vw, 750px\" \/><\/figure><div class=\"wp-block-media-text__content\">\n<p class=\"has-regular-font-size\"><strong>Curso virtual: Dise\u00f1o de Proyectos de Educaci\u00f3n Ambiental (PEA) \u2013 Bases te\u00f3ricas y metodol\u00f3gicas para la acci\u00f3n ambiental<\/strong><\/p>\n\n\n\n<p class=\"has-small-font-size\">Duraci\u00f3n: del 21 de febrero al 6 de abril de 2022<\/p>\n\n\n\n<p><a href=\"https:\/\/cebem.org\/?p=9275\" target=\"_blank\" rel=\"noreferrer noopener\">Informate sobre el curso<\/a><\/p>\n<\/div><\/div>\n","protected":false},"excerpt":{"rendered":"<p>El 26 de enero se celebra el D\u00eda Mundial de la Educaci\u00f3n Ambiental.\u00a0 Esta celebraci\u00f3n surge a partir de la Conferencia de Estocolmo (Suecia) de 1972.<\/p>\n","protected":false},"author":14,"featured_media":9527,"comment_status":"closed","ping_status":"closed","sticky":false,"template":"","format":"standard","meta":{"_jetpack_memberships_contains_paid_content":false,"footnotes":"","jetpack_publicize_message":"","jetpack_publicize_feature_enabled":false,"jetpack_social_post_already_shared":true,"jetpack_social_options":{"image_generator_settings":{"template":"highway","default_image_id":0,"font":"","enabled":false},"version":2}},"categories":[1],"tags":[1444,1462,1034,1478],"class_list":["post-9526","post","type-post","status-publish","format-standard","has-post-thumbnail","hentry","category-noticias","tag-boletin-1-enero-2022","tag-calendario-ambiental","tag-educacion-ambiental","tag-observatorio-ambiental-cebem-redesma","item-wrap"],"jetpack_publicize_connections":[],"jetpack_featured_media_url":"https:\/\/i0.wp.com\/cebem.org\/wp-content\/uploads\/2022\/01\/ban-dia_educacion-ambiental.jpg?fit=1024%2C576&ssl=1","jetpack_sharing_enabled":true,"_links":{"self":[{"href":"https:\/\/cebem.org\/index.php?rest_route=\/wp\/v2\/posts\/9526","targetHints":{"allow":["GET"]}}],"collection":[{"href":"https:\/\/cebem.org\/index.php?rest_route=\/wp\/v2\/posts"}],"about":[{"href":"https:\/\/cebem.org\/index.php?rest_route=\/wp\/v2\/types\/post"}],"author":[{"embeddable":true,"href":"https:\/\/cebem.org\/index.php?rest_route=\/wp\/v2\/users\/14"}],"replies":[{"embeddable":true,"href":"https:\/\/cebem.org\/index.php?rest_route=%2Fwp%2Fv2%2Fcomments&post=9526"}],"version-history":[{"count":4,"href":"https:\/\/cebem.org\/index.php?rest_route=\/wp\/v2\/posts\/9526\/revisions"}],"predecessor-version":[{"id":10452,"href":"https:\/\/cebem.org\/index.php?rest_route=\/wp\/v2\/posts\/9526\/revisions\/10452"}],"wp:featuredmedia":[{"embeddable":true,"href":"https:\/\/cebem.org\/index.php?rest_route=\/wp\/v2\/media\/9527"}],"wp:attachment":[{"href":"https:\/\/cebem.org\/index.php?rest_route=%2Fwp%2Fv2%2Fmedia&parent=9526"}],"wp:term":[{"taxonomy":"category","embeddable":true,"href":"https:\/\/cebem.org\/index.php?rest_route=%2Fwp%2Fv2%2Fcategories&post=9526"},{"taxonomy":"post_tag","embeddable":true,"href":"https:\/\/cebem.org\/index.php?rest_route=%2Fwp%2Fv2%2Ftags&post=9526"}],"curies":[{"name":"wp","href":"https:\/\/api.w.org\/{rel}","templated":true}]}}