
{"id":952,"date":"2016-05-31T11:34:07","date_gmt":"2016-05-31T15:34:07","guid":{"rendered":"http:\/\/cebem.org\/?p=952"},"modified":"2016-05-31T11:34:07","modified_gmt":"2016-05-31T15:34:07","slug":"v-curso-internacional-de-posgrado-de-evaluacion-ambiental-estrategica","status":"publish","type":"post","link":"https:\/\/cebem.org\/?p=952","title":{"rendered":"V Curso Internacional de Posgrado de Evaluaci\u00f3n Ambiental Estrat\u00e9gica"},"content":{"rendered":"<p><strong>(trimestral a distancia del 7 de junio al 5 de agosto de 2016)<\/strong><\/p>\n<p><strong>DIRIGIDO A<\/strong>: graduados universitarios (carreras de 4 o m\u00e1s a\u00f1os) interesados en una capacitaci\u00f3n, especializaci\u00f3n o\u00a0\u00a0\u00a0\u00a0 perfeccionamiento en metodolog\u00eda y pr\u00e1ctica de la Evaluaci\u00f3n\u00a0 Ambiental Estrat\u00e9gica a nivel internacional con un enfoque interdisciplinario (ciencias aplicadas, sociales y humanas).<\/p>\n<p><strong>OBJETIVOS:<\/strong> se espera que a la finalizaci\u00f3n del curso, los participantes est\u00e9n en condiciones de elaborar profesionalmente un estudio de Evaluaci\u00f3n\u00a0 Ambiental Estrat\u00e9gica de pol\u00edticas, planes o programas.<\/p>\n<p><strong>DIRECCI\u00d3N: <\/strong>S. Horacio Fazio y Domingo G\u00f3mez Orea<\/p>\n<p><strong>COORDINACI\u00d3N ACAD\u00c9MICA: <\/strong>Mar\u00eda Teresa y Alejandro G\u00f3mez Villarino<\/p>\n<p><strong>EQUIPO DOCENTE:<\/strong> FAZIO S. Horacio (Universidad de Bs. As.; FUNDABAIRES); FERN\u00c1NDEZ Roberto (Universidades de Bs. As. y Nac. de Mar del Plata); GALLOP\u00cdN Gilberto (Programa Ambiente de\u00a0 FUNDABAIRES); G\u00d3MEZ OREA Domingo (Universidad Polit\u00e9cnica Madrid); G\u00d3MEZ VILLARINO Mar\u00eda Teresa (Univ. Polit\u00e9cnica de Madrid); G\u00d3MEZ VILLARINO Alejandro (Univ. Polit\u00e9cnica de Madrid); IGLESIAS Alicia (Universidad Nacional de Luj\u00e1n); LARA Albina (Universidades de Bs. As.,\u00a0 Cuyo y\u00a0 California L. A.); \u00a0RODR\u00cdGUEZ Carlos A. (Universidad Nacional. del Nordeste y Universidad del Pa\u00eds Vasco).<\/p>\n<p><strong>PROGRAMA SINT\u00c9TICO: <\/strong>Econom\u00eda y generaciones futuras: de la EIA a la EAE. La EAE en Am\u00e9rica Latina.\u00a0 Condiciones legales e institucionales para la aplicaci\u00f3n de la EAE.\u00a0 La construcci\u00f3n de escenarios de sostenibilidad.\u00a0 Sobre el elemento activo de la EAE: pol\u00edtica, plan y programa.\u00a0 Sobre el elemento pasivo en la EAE: estudio y diagn\u00f3stico del entorno.\u00a0 La concertaci\u00f3n entre plan y su entorno: principios, referencias y criterios.\u00a0 La formulaci\u00f3n de propuestas al plan desde el ambiente.\u00a0 Metodolog\u00eda\u00a0 general para elaborar el Informe de EAE (IEAE) de una pol\u00edtica, plan o programa.\u00a0 Modelos y t\u00e9cnicas para elaborar el Informe de EAE (IEAE): identificaci\u00f3n.\u00a0 Modelos y t\u00e9cnicas para elaborar el Informe de EAE (IEAE): valoraci\u00f3n, prevenci\u00f3n, mitigaci\u00f3n, seguimiento y control. La informaci\u00f3n y la participaci\u00f3n ciudadana en la EAE.<\/p>\n<p><strong>METODOLOG\u00cdA:<\/strong> El Curso se dicta por Internet, ingresando a nuestro\u00a0 Campus Virtual donde se publicar\u00e1n las 2 clases semanales, disponibles los martes y viernes a partir de las 8 horas de Argentina (GMT -3).<\/p>\n<p><strong>CERTIFICACI\u00d3N Y EVALUACI\u00d3N: <\/strong>Para acceder a la certificaci\u00f3n del curso los participantes deber\u00e1n presentar para su evaluaci\u00f3n los res\u00famenes de las clases y resolver un caso pr\u00e1ctico de EAE.<\/p>\n<p><strong>CARGA HORARIA:<\/strong> 100 horas totales, calificables para acreditar en Universidades (maestr\u00edas, doctorados),\u00a0 en la Administraci\u00f3n P\u00fablica en general y en los Registros Provinciales de Consultores Ambientales.<\/p>\n<p><strong>MEDIAS BECAS<\/strong>: disponibles para becarios de doctorado del CONICET de Argentina.<\/p>\n<p><strong>CONVENIOS DE FUNDABAIRES: <\/strong>Istituto di Studi Politici, Economici e Sociali (EURISPES) y Federazione Italiana Agricoltura Biologica e Biodinamica (FEDERBIO), Roma, Italia; Programa de Naciones Unidas para el Medio Ambiente (PNUMA\/UNEP); Revista Cient\u00edfica Internacional Monfrag\u00fce Desarrollo Resiliente (Universidad de Extremadura, Universidad de Lisboa y Universidad Nacional Aut\u00f3noma de M\u00e9xico). El Curso integra la Red de Posgrados del Instituto Nacional de la Administraci\u00f3n P\u00fablica\u00a0 Argentina (INAP).<\/p>\n<p><strong>COSTO:<\/strong> Argentina: $4800 \u00f3 2 cuotas de $2500; tarjetas de cr\u00e9dito hasta en 12 cuotas sin inter\u00e9s. Otros pa\u00edses: un pago de USD 400 por transferencia bancaria internacional, Paypal o MoneyGram<\/p>\n<p><strong>PROGRAMA ANAL\u00cdTICO, INSCRIPCI\u00d3N Y CONSULTAS: <u><a href=\"http:\/\/www.programa-ambiente.com.ar\" target=\"_blank\">www.programa-ambiente.com.ar<\/a><\/u><\/strong><\/p>\n","protected":false},"excerpt":{"rendered":"<p>(trimestral a distancia del 7 de junio al 5 de agosto de 2016) DIRIGIDO A: graduados universitarios (carreras de 4 o m\u00e1s a\u00f1os) interesados en una capacitaci\u00f3n, especializaci\u00f3n o\u00a0\u00a0\u00a0\u00a0 perfeccionamiento en metodolog\u00eda y pr\u00e1ctica de la Evaluaci\u00f3n\u00a0 Ambiental Estrat\u00e9gica a nivel internacional con un enfoque interdisciplinario (ciencias aplicadas, sociales y humanas). OBJETIVOS: se espera que &hellip; <\/p>\n<p><a class=\"more-link btn\" href=\"https:\/\/cebem.org\/?p=952\">Seguir leyendo<\/a><\/p>\n","protected":false},"author":2,"featured_media":953,"comment_status":"closed","ping_status":"closed","sticky":false,"template":"","format":"standard","meta":{"_jetpack_memberships_contains_paid_content":false,"footnotes":"","jetpack_publicize_message":"","jetpack_publicize_feature_enabled":true,"jetpack_social_post_already_shared":true,"jetpack_social_options":{"image_generator_settings":{"template":"highway","default_image_id":0,"font":"","enabled":false},"version":2}},"categories":[10],"tags":[37,38],"class_list":["post-952","post","type-post","status-publish","format-standard","has-post-thumbnail","hentry","category-otros-cursos","tag-boletin-4-mayo-2016","tag-curso","item-wrap"],"jetpack_publicize_connections":[],"jetpack_featured_media_url":"https:\/\/i0.wp.com\/cebem.org\/wp-content\/uploads\/2016\/05\/logofundabaires.jpg?fit=295%2C80&ssl=1","jetpack_sharing_enabled":true,"_links":{"self":[{"href":"https:\/\/cebem.org\/index.php?rest_route=\/wp\/v2\/posts\/952","targetHints":{"allow":["GET"]}}],"collection":[{"href":"https:\/\/cebem.org\/index.php?rest_route=\/wp\/v2\/posts"}],"about":[{"href":"https:\/\/cebem.org\/index.php?rest_route=\/wp\/v2\/types\/post"}],"author":[{"embeddable":true,"href":"https:\/\/cebem.org\/index.php?rest_route=\/wp\/v2\/users\/2"}],"replies":[{"embeddable":true,"href":"https:\/\/cebem.org\/index.php?rest_route=%2Fwp%2Fv2%2Fcomments&post=952"}],"version-history":[{"count":1,"href":"https:\/\/cebem.org\/index.php?rest_route=\/wp\/v2\/posts\/952\/revisions"}],"predecessor-version":[{"id":954,"href":"https:\/\/cebem.org\/index.php?rest_route=\/wp\/v2\/posts\/952\/revisions\/954"}],"wp:featuredmedia":[{"embeddable":true,"href":"https:\/\/cebem.org\/index.php?rest_route=\/wp\/v2\/media\/953"}],"wp:attachment":[{"href":"https:\/\/cebem.org\/index.php?rest_route=%2Fwp%2Fv2%2Fmedia&parent=952"}],"wp:term":[{"taxonomy":"category","embeddable":true,"href":"https:\/\/cebem.org\/index.php?rest_route=%2Fwp%2Fv2%2Fcategories&post=952"},{"taxonomy":"post_tag","embeddable":true,"href":"https:\/\/cebem.org\/index.php?rest_route=%2Fwp%2Fv2%2Ftags&post=952"}],"curies":[{"name":"wp","href":"https:\/\/api.w.org\/{rel}","templated":true}]}}