
{"id":9496,"date":"2022-01-26T11:54:26","date_gmt":"2022-01-26T15:54:26","guid":{"rendered":"https:\/\/cebem.org\/?p=9496"},"modified":"2022-01-26T11:54:27","modified_gmt":"2022-01-26T15:54:27","slug":"newsletter-rc-130-concursos-premios-subsidios-becas-y-ayudas-para-arte-y-cultura","status":"publish","type":"post","link":"https:\/\/cebem.org\/?p=9496","title":{"rendered":"Newsletter RC #130 &#8211; Concursos, premios, subsidios, becas y ayudas para arte y cultura"},"content":{"rendered":"\n<div class=\"wp-block-image\"><figure class=\"aligncenter size-full\"><img data-recalc-dims=\"1\" fetchpriority=\"high\" decoding=\"async\" width=\"750\" height=\"132\" src=\"https:\/\/i0.wp.com\/cebem.org\/wp-content\/uploads\/2022\/01\/ecursos-culturales.jpg?resize=750%2C132&#038;ssl=1\" alt=\"\" class=\"wp-image-9497\" srcset=\"https:\/\/i0.wp.com\/cebem.org\/wp-content\/uploads\/2022\/01\/ecursos-culturales.jpg?w=840&amp;ssl=1 840w, https:\/\/i0.wp.com\/cebem.org\/wp-content\/uploads\/2022\/01\/ecursos-culturales.jpg?resize=300%2C53&amp;ssl=1 300w, https:\/\/i0.wp.com\/cebem.org\/wp-content\/uploads\/2022\/01\/ecursos-culturales.jpg?resize=768%2C135&amp;ssl=1 768w, https:\/\/i0.wp.com\/cebem.org\/wp-content\/uploads\/2022\/01\/ecursos-culturales.jpg?resize=600%2C106&amp;ssl=1 600w, https:\/\/i0.wp.com\/cebem.org\/wp-content\/uploads\/2022\/01\/ecursos-culturales.jpg?resize=750%2C132&amp;ssl=1 750w\" sizes=\"(max-width: 750px) 100vw, 750px\" \/><\/figure><\/div>\n\n\n\n<p>Compartimos nuevas convocatorias para esta gesti\u00f3n de nuestros amigos Recursos Culturales<\/p>\n\n\n\n<h4 class=\"wp-block-heading\" id=\"recomendamos-a-quienes-trabajan-en-proyectos-por-y-para-mujeres-ninas-y-personas-trans-dar-una-mirada-a-la-convocatoria-de-mama-cash-mayor-informacion-aqui\">Recomendamos a quienes trabajan en\u00a0proyectos por y para mujeres, ni\u00f1as y personas trans, dar una mirada a la convocatoria de Mama Cash.  Mayor informaci\u00f3n <a rel=\"noreferrer noopener\" href=\"https:\/\/www.recursosculturales.com\/fondo-mama-cash-mujer\/\" target=\"_blank\">AQUI<\/a> .<\/h4>\n\n\n\n<h4 class=\"wp-block-heading\" id=\"para-proyectos-comunitarios-en-argentina-las-ayudas-de-la-embajada-de-suiza-pueden-ser-una-gran-oportunidad-ingresar-al-link-https-www-recursosculturales-com-embajada-de-suiza-argentina-proyectos-de-cooperacion\">Para proyectos comunitarios en Argentina, las ayudas de la Embajada de Suiza pueden ser una gran oportunidad. Ingresar al link:<a href=\"https:\/\/www.recursosculturales.com\/embajada-de-suiza-argentina-proyectos-de-cooperacion\/\">https:\/\/www.recursosculturales.com\/embajada-de-suiza-argentina-proyectos-de-cooperacion\/<\/a><\/h4>\n\n\n\n<h4 class=\"wp-block-heading\" id=\"en-espana-atencion-a-las-ayudas-del-inaem-para-modernizacion-de-estructuras-de-gestion-de-artes-escenicas-y-musica-que-cierra-el-dia-26-de-este-mes-mayor-informacion-https-www-recursosculturales-com-ayudas-inaem-estructuras\">En Espa\u00f1a, atenci\u00f3n a las ayudas del INAEM para modernizaci\u00f3n de estructuras de gesti\u00f3n de artes esc\u00e9nicas y m\u00fasica, que cierra el d\u00eda 26 de este mes.\u00a0<\/h4>\n\n\n\n<h4 class=\"wp-block-heading\" id=\"en-espana-atencion-a-las-ayudas-del-inaem-para-modernizacion-de-estructuras-de-gestion-de-artes-escenicas-y-musica-que-cierra-el-dia-26-de-este-mes-mayor-informacion-https-www-recursosculturales-com-ayudas-inaem-estructuras\">Mayor informaci\u00f3n  <a href=\"https:\/\/www.recursosculturales.com\/ayudas-inaem-estructuras\/\">https:\/\/www.recursosculturales.com\/ayudas-inaem-estructuras\/<\/a><\/h4>\n\n\n\n<h4 class=\"wp-block-heading\" id=\"premio-de-literatura-gran-angular-y-el-barco-de-vapor-2022-mexico-con-la-finalidad-de-promover-la-creacion-literaria-destinada-a-ninos-y-jovenes-y-fomentar-la-lectura-entre-el-publico-infantil-y-juvenil-con-textos-de-gran-calidad-cierre-28-de-febrero-mas-informacion-en-el-siguiente-link-https-www-recursosculturales-com-premio-de-literatura-infantil-juvenil-barco-de-vapor-mexico\">Premio de Literatura Gran Angular y el Barco de Vapor 2022 (M\u00e9xico). Con la finalidad de promover la creaci\u00f3n literaria destinada a ni\u00f1os y j\u00f3venes y fomentar la lectura entre el p\u00fablico infantil y juvenil con textos de gran calidad <strong>Cierre 28 de febrero: <\/strong><strong>M\u00e1s informaci\u00f3n en el siguiente link:<\/strong> <a href=\"https:\/\/www.recursosculturales.com\/premio-de-literatura-infantil-juvenil-barco-de-vapor-mexico\/\">https:\/\/www.recursosculturales.com\/premio-de-literatura-infantil-juvenil-barco-de-vapor-mexico\/<\/a><\/h4>\n\n\n\n<h4 class=\"wp-block-heading\" id=\"todas-estas-convocatorias-y-nuevas-convocatorias-pueden-obtener-en-la-web-de-recursos-culturales-https-www-recursosculturales-com\">Todas estas convocatorias y nuevas convocatorias pueden obtener en la web de Recursos Culturales:  <a href=\"https:\/\/www.recursosculturales.com\/\">https:\/\/www.recursosculturales.com\/<\/a><\/h4>\n\n\n\n<p><\/p>\n","protected":false},"excerpt":{"rendered":"<p>Convocatorias sobre Arte, Cultura, Concursos, Becas en Recursos Culturales.<\/p>\n","protected":false},"author":12,"featured_media":9497,"comment_status":"closed","ping_status":"closed","sticky":false,"template":"","format":"standard","meta":{"_jetpack_memberships_contains_paid_content":false,"footnotes":"","jetpack_publicize_message":"","jetpack_publicize_feature_enabled":true,"jetpack_social_post_already_shared":true,"jetpack_social_options":{"image_generator_settings":{"template":"highway","default_image_id":0,"font":"","enabled":false},"version":2}},"categories":[1],"tags":[1460,20,1444,675,1461,676],"class_list":["post-9496","post","type-post","status-publish","format-standard","has-post-thumbnail","hentry","category-noticias","tag-arte-y-cultura","tag-becas","tag-boletin-1-enero-2022","tag-concursos","tag-convocatorias-en-recursos-naturales","tag-premios","item-wrap"],"jetpack_publicize_connections":[],"jetpack_featured_media_url":"https:\/\/i0.wp.com\/cebem.org\/wp-content\/uploads\/2022\/01\/ecursos-culturales.jpg?fit=840%2C148&ssl=1","jetpack_sharing_enabled":true,"_links":{"self":[{"href":"https:\/\/cebem.org\/index.php?rest_route=\/wp\/v2\/posts\/9496","targetHints":{"allow":["GET"]}}],"collection":[{"href":"https:\/\/cebem.org\/index.php?rest_route=\/wp\/v2\/posts"}],"about":[{"href":"https:\/\/cebem.org\/index.php?rest_route=\/wp\/v2\/types\/post"}],"author":[{"embeddable":true,"href":"https:\/\/cebem.org\/index.php?rest_route=\/wp\/v2\/users\/12"}],"replies":[{"embeddable":true,"href":"https:\/\/cebem.org\/index.php?rest_route=%2Fwp%2Fv2%2Fcomments&post=9496"}],"version-history":[{"count":3,"href":"https:\/\/cebem.org\/index.php?rest_route=\/wp\/v2\/posts\/9496\/revisions"}],"predecessor-version":[{"id":9518,"href":"https:\/\/cebem.org\/index.php?rest_route=\/wp\/v2\/posts\/9496\/revisions\/9518"}],"wp:featuredmedia":[{"embeddable":true,"href":"https:\/\/cebem.org\/index.php?rest_route=\/wp\/v2\/media\/9497"}],"wp:attachment":[{"href":"https:\/\/cebem.org\/index.php?rest_route=%2Fwp%2Fv2%2Fmedia&parent=9496"}],"wp:term":[{"taxonomy":"category","embeddable":true,"href":"https:\/\/cebem.org\/index.php?rest_route=%2Fwp%2Fv2%2Fcategories&post=9496"},{"taxonomy":"post_tag","embeddable":true,"href":"https:\/\/cebem.org\/index.php?rest_route=%2Fwp%2Fv2%2Ftags&post=9496"}],"curies":[{"name":"wp","href":"https:\/\/api.w.org\/{rel}","templated":true}]}}