
{"id":942,"date":"2016-05-31T08:17:01","date_gmt":"2016-05-31T12:17:01","guid":{"rendered":"http:\/\/cebem.org\/?p=942"},"modified":"2016-05-31T08:17:01","modified_gmt":"2016-05-31T12:17:01","slug":"convocatoria-para-contratar-a-dos-profesores-investigadores-en-el-area-de-estudios-urbanos-y-ambientales-en-el-colegio-de-mexico","status":"publish","type":"post","link":"https:\/\/cebem.org\/?p=942","title":{"rendered":"Convocatoria para contratar a dos profesores-investigadores en el \u00e1rea de estudios urbanos y ambientales en El Colegio de M\u00e9xico"},"content":{"rendered":"<p>El Centro de Estudios Demogr\u00e1ficos, Urbanos y Ambientales (CEDUA) tiene tres objetivos: i) realizar investigaciones que contribuyan al avance del conocimiento en los campos de la poblaci\u00f3n, la urbanizaci\u00f3n y el medio ambiente en M\u00e9xico y Am\u00e9rica Latina; ii) ofrecer programas de posgrado en las \u00e1reas antes mencionadas, y iii) difundir los resultados de sus traba- jos en el \u00e1mbito acad\u00e9mico y para el p\u00fablico en general.<\/p>\n<p>Con el prop\u00f3sito de fortalecer sus objetivos, el CEDUA convoca a interesados de cualquier nacionalidad al concurso para con- tratar a dos profesores-investigadores de tiempo completo y exclusivo, correspondiente a la categor\u00eda A del Estatuto del Per- sonal Acad\u00e9mico de El Colegio de M\u00e9xico, a partir del 1\u00b0 de enero de 2017.<\/p>\n<p>El plazo para la presentaci\u00f3n de candidaturas ser\u00e1 entre el 16 de mayo y el 19 de agosto de 2016. No se aceptar\u00e1n solicitudes extempor\u00e1neas.<\/p>\n<h4><a href=\"http:\/\/cedua.colmex.mx\/images\/_convocatorias\/2016\/contratacion-profesores\/convocatoria-extenso.pdf\" target=\"_blank\">VER Convocatoria<\/a><\/h4>\n","protected":false},"excerpt":{"rendered":"<p>El Centro de Estudios Demogr\u00e1ficos, Urbanos y Ambientales (CEDUA) tiene tres objetivos: i) realizar investigaciones que contribuyan al avance del conocimiento en los campos de la poblaci\u00f3n, la urbanizaci\u00f3n y el medio ambiente en M\u00e9xico y Am\u00e9rica Latina; ii) ofrecer programas de posgrado en las \u00e1reas antes mencionadas, y iii) difundir los resultados de sus &hellip; <\/p>\n<p><a class=\"more-link btn\" href=\"https:\/\/cebem.org\/?p=942\">Seguir leyendo<\/a><\/p>\n","protected":false},"author":2,"featured_media":943,"comment_status":"closed","ping_status":"closed","sticky":false,"template":"","format":"standard","meta":{"_jetpack_memberships_contains_paid_content":false,"footnotes":"","jetpack_publicize_message":"","jetpack_publicize_feature_enabled":true,"jetpack_social_post_already_shared":true,"jetpack_social_options":{"image_generator_settings":{"template":"highway","default_image_id":0,"font":"","enabled":false},"version":2}},"categories":[8],"tags":[37],"class_list":["post-942","post","type-post","status-publish","format-standard","has-post-thumbnail","hentry","category-convocatorias","tag-boletin-4-mayo-2016","item-wrap"],"jetpack_publicize_connections":[],"jetpack_featured_media_url":"https:\/\/i0.wp.com\/cebem.org\/wp-content\/uploads\/2016\/05\/image003.jpg?fit=1301%2C992&ssl=1","jetpack_sharing_enabled":true,"_links":{"self":[{"href":"https:\/\/cebem.org\/index.php?rest_route=\/wp\/v2\/posts\/942","targetHints":{"allow":["GET"]}}],"collection":[{"href":"https:\/\/cebem.org\/index.php?rest_route=\/wp\/v2\/posts"}],"about":[{"href":"https:\/\/cebem.org\/index.php?rest_route=\/wp\/v2\/types\/post"}],"author":[{"embeddable":true,"href":"https:\/\/cebem.org\/index.php?rest_route=\/wp\/v2\/users\/2"}],"replies":[{"embeddable":true,"href":"https:\/\/cebem.org\/index.php?rest_route=%2Fwp%2Fv2%2Fcomments&post=942"}],"version-history":[{"count":1,"href":"https:\/\/cebem.org\/index.php?rest_route=\/wp\/v2\/posts\/942\/revisions"}],"predecessor-version":[{"id":944,"href":"https:\/\/cebem.org\/index.php?rest_route=\/wp\/v2\/posts\/942\/revisions\/944"}],"wp:featuredmedia":[{"embeddable":true,"href":"https:\/\/cebem.org\/index.php?rest_route=\/wp\/v2\/media\/943"}],"wp:attachment":[{"href":"https:\/\/cebem.org\/index.php?rest_route=%2Fwp%2Fv2%2Fmedia&parent=942"}],"wp:term":[{"taxonomy":"category","embeddable":true,"href":"https:\/\/cebem.org\/index.php?rest_route=%2Fwp%2Fv2%2Fcategories&post=942"},{"taxonomy":"post_tag","embeddable":true,"href":"https:\/\/cebem.org\/index.php?rest_route=%2Fwp%2Fv2%2Ftags&post=942"}],"curies":[{"name":"wp","href":"https:\/\/api.w.org\/{rel}","templated":true}]}}