
{"id":9404,"date":"2021-12-15T10:22:15","date_gmt":"2021-12-15T14:22:15","guid":{"rendered":"https:\/\/cebem.org\/?p=9404"},"modified":"2021-12-15T10:22:16","modified_gmt":"2021-12-15T14:22:16","slug":"curso-fundamentos-basicos-de-agricultura-urbana","status":"publish","type":"post","link":"https:\/\/cebem.org\/?p=9404","title":{"rendered":"Curso: Fundamentos B\u00e1sicos de Agricultura Urbana"},"content":{"rendered":"\n<figure class=\"wp-block-image size-large\"><img data-recalc-dims=\"1\" fetchpriority=\"high\" decoding=\"async\" width=\"750\" height=\"422\" src=\"https:\/\/i0.wp.com\/cebem.org\/wp-content\/uploads\/2021\/12\/Fund-Bcos-Agricultura-Urbana.jpg?resize=750%2C422&#038;ssl=1\" alt=\"\" class=\"wp-image-9405\" srcset=\"https:\/\/i0.wp.com\/cebem.org\/wp-content\/uploads\/2021\/12\/Fund-Bcos-Agricultura-Urbana-scaled.jpg?resize=1024%2C576&amp;ssl=1 1024w, https:\/\/i0.wp.com\/cebem.org\/wp-content\/uploads\/2021\/12\/Fund-Bcos-Agricultura-Urbana-scaled.jpg?resize=300%2C169&amp;ssl=1 300w, https:\/\/i0.wp.com\/cebem.org\/wp-content\/uploads\/2021\/12\/Fund-Bcos-Agricultura-Urbana-scaled.jpg?resize=768%2C432&amp;ssl=1 768w, https:\/\/i0.wp.com\/cebem.org\/wp-content\/uploads\/2021\/12\/Fund-Bcos-Agricultura-Urbana-scaled.jpg?resize=600%2C338&amp;ssl=1 600w, https:\/\/i0.wp.com\/cebem.org\/wp-content\/uploads\/2021\/12\/Fund-Bcos-Agricultura-Urbana-scaled.jpg?resize=1536%2C864&amp;ssl=1 1536w, https:\/\/i0.wp.com\/cebem.org\/wp-content\/uploads\/2021\/12\/Fund-Bcos-Agricultura-Urbana-scaled.jpg?resize=2048%2C1152&amp;ssl=1 2048w, https:\/\/i0.wp.com\/cebem.org\/wp-content\/uploads\/2021\/12\/Fund-Bcos-Agricultura-Urbana-scaled.jpg?resize=750%2C422&amp;ssl=1 750w, https:\/\/i0.wp.com\/cebem.org\/wp-content\/uploads\/2021\/12\/Fund-Bcos-Agricultura-Urbana-scaled.jpg?w=2250&amp;ssl=1 2250w\" sizes=\"(max-width: 750px) 100vw, 750px\" \/><\/figure>\n\n\n\n<p class=\"has-text-align-justify\">Del 12 de enero al 6 de marzo de 2022 se realizar\u00e1 el curso \u00abFundamentos B\u00e1sicos de Agricultura Urbana\u00bb, dirigido a la comunidad universitaria de la UMSS y al personal t\u00e9cnico de los municipios del departamento de Cochabamba.<\/p>\n\n\n\n<h4 class=\"wp-block-heading\">El curso se llevar\u00e1 a cabo los d\u00edas: jueves, viernes y s\u00e1bados, de 08:00 a 1 1:00 aproximadamente.<\/h4>\n\n\n\n<h4 class=\"wp-block-heading\">La modalidad ser\u00e1 virtual, con pr\u00e1cticas presenciales, siendo la duraci\u00f3n total de 52 horas.<\/h4>\n\n\n\n<p>Quienes superen el curso recibir\u00e1n un certificado emitido por la UMSS.<\/p>\n\n\n\n<p class=\"has-text-align-justify\">Las personas aceptadas recibir\u00e1n, de manera previa al inicio, un correo con el usuario y contrase\u00f1a para acceder a la plataforma Moodle de la Universidad de C\u00f3rdoba.<\/p>\n\n\n\n<h4 class=\"wp-block-heading\">Para solicitar el curso  completar el siguiente formulario: <a rel=\"noreferrer noopener\" href=\"https:\/\/forms.gle\/sc3KxoG4LvCr4i499\" target=\"_blank\">https:\/\/forms.gle\/sc3KxoG4LvCr4i499<\/a><\/h4>\n\n\n\n<h4 class=\"wp-block-heading\">Mayor Informaci\u00f3n sobre solicitud y proceso de selecci\u00f3n en los correos electr\u00f3nicos: <a href=\"mailto:desarrollo.rural@umss.edu\">desarrollo.rural@umss.edu<\/a>, \u00a0<a href=\"mailto:d.ponce@umss.edu\">d.ponce@umss.edu<\/a> e <a href=\"mailto:internacional.desarrollo@uco.es\">internacional.desarrollo@uco.es<\/a>.<\/h4>\n\n\n\n<div class=\"wp-block-file\"><a href=\"https:\/\/cebem.org\/wp-content\/uploads\/2021\/12\/Afiche-con-informacion.pdf\">Afiche-con-informacion<\/a><a href=\"https:\/\/cebem.org\/wp-content\/uploads\/2021\/12\/Afiche-con-informacion.pdf\" class=\"wp-block-file__button\" download>Descarga<\/a><\/div>\n\n\n\n<p><\/p>\n","protected":false},"excerpt":{"rendered":"<p>Curso \u00abFundamentos B\u00e1sicos de Agricultura Urbana\u00bb, dirigido a la comunidad universitaria de la UMSS y al personal t\u00e9cnico de los municipios del departamento de Cochabamba. Del 12 enero al 6 de marzo 2022.<\/p>\n","protected":false},"author":12,"featured_media":9405,"comment_status":"closed","ping_status":"closed","sticky":false,"template":"","format":"standard","meta":{"_jetpack_memberships_contains_paid_content":false,"footnotes":"","jetpack_publicize_message":"","jetpack_publicize_feature_enabled":true,"jetpack_social_post_already_shared":true,"jetpack_social_options":{"image_generator_settings":{"template":"highway","default_image_id":0,"font":"","enabled":false},"version":2}},"categories":[10],"tags":[1405,1438,1436,1435],"class_list":["post-9404","post","type-post","status-publish","format-standard","has-post-thumbnail","hentry","category-otros-cursos","tag-boletin-12-diciembre-2021","tag-curso-virtual-practicas-presenciales","tag-fundamentos-basicos-de-agricultura-urbana","tag-umss-uco","item-wrap"],"jetpack_publicize_connections":[],"jetpack_featured_media_url":"https:\/\/i0.wp.com\/cebem.org\/wp-content\/uploads\/2021\/12\/Fund-Bcos-Agricultura-Urbana-scaled.jpg?fit=2560%2C1440&ssl=1","jetpack_sharing_enabled":true,"_links":{"self":[{"href":"https:\/\/cebem.org\/index.php?rest_route=\/wp\/v2\/posts\/9404","targetHints":{"allow":["GET"]}}],"collection":[{"href":"https:\/\/cebem.org\/index.php?rest_route=\/wp\/v2\/posts"}],"about":[{"href":"https:\/\/cebem.org\/index.php?rest_route=\/wp\/v2\/types\/post"}],"author":[{"embeddable":true,"href":"https:\/\/cebem.org\/index.php?rest_route=\/wp\/v2\/users\/12"}],"replies":[{"embeddable":true,"href":"https:\/\/cebem.org\/index.php?rest_route=%2Fwp%2Fv2%2Fcomments&post=9404"}],"version-history":[{"count":2,"href":"https:\/\/cebem.org\/index.php?rest_route=\/wp\/v2\/posts\/9404\/revisions"}],"predecessor-version":[{"id":9409,"href":"https:\/\/cebem.org\/index.php?rest_route=\/wp\/v2\/posts\/9404\/revisions\/9409"}],"wp:featuredmedia":[{"embeddable":true,"href":"https:\/\/cebem.org\/index.php?rest_route=\/wp\/v2\/media\/9405"}],"wp:attachment":[{"href":"https:\/\/cebem.org\/index.php?rest_route=%2Fwp%2Fv2%2Fmedia&parent=9404"}],"wp:term":[{"taxonomy":"category","embeddable":true,"href":"https:\/\/cebem.org\/index.php?rest_route=%2Fwp%2Fv2%2Fcategories&post=9404"},{"taxonomy":"post_tag","embeddable":true,"href":"https:\/\/cebem.org\/index.php?rest_route=%2Fwp%2Fv2%2Ftags&post=9404"}],"curies":[{"name":"wp","href":"https:\/\/api.w.org\/{rel}","templated":true}]}}