
{"id":938,"date":"2016-05-31T07:57:08","date_gmt":"2016-05-31T11:57:08","guid":{"rendered":"http:\/\/cebem.org\/?p=938"},"modified":"2016-05-31T15:11:34","modified_gmt":"2016-05-31T19:11:34","slug":"servicio-de-noticias-ambientales-sena-223","status":"publish","type":"post","link":"https:\/\/cebem.org\/?p=938","title":{"rendered":"Servicio de Noticias Ambientales SENA 223"},"content":{"rendered":"<p>El Foro Boliviano sobre Medio Ambiente y Desarrollo es una persona colectiva, bajo la estructura org\u00e1nica y funcional de asociaci\u00f3n civil privada y sin fines de lucro, destinada a articular y coordinar el movimiento socio ambiental en Bolivia, para promover una sociedad sustentable.<\/p>\n<p>El Foro Boliviano sobre Medio Ambiente y Desarrollo es una organizaci\u00f3n que articula organizaciones sociales, ecologistas, juveniles, agrupaciones acad\u00e9micas, colectivos y personas que trabajan en sus comunidades o en apoyo de ellas para la protecci\u00f3n de su ambiente y recursos naturales. Sus \u00e1mbitos de acci\u00f3n, c\u00f3mo instancia anal\u00edtica y propositiva son la intervenci\u00f3n en acciones nacionales en torno a politicas ambientales, seguimiento y fiscalizaci\u00f3n de la gesti\u00f3n ambiental, apoyo a comunidades para la gesti\u00f3n de conflictos ambientales, soberan\u00eda alimentaria, el ejercicio de derechos ambientales y la incorporaci\u00f3n del enfoque de sustentabilidad en el debate pol\u00edtico nacional a trav\u00e9s de la promoci\u00f3n de actividades de uso sustentable de los recursos naturales, ejercidas por actores locales.<\/p>\n<h4><a href=\"http:\/\/cebem.org\/wp-content\/uploads\/2016\/05\/Boletin-Servicio-de-Noticias-Ambientales-SENA-223.pdf\" target=\"_blank\" rel=\"\">DESCARGAR Bolet\u00edn<\/a><\/h4>\n","protected":false},"excerpt":{"rendered":"<p>El Foro Boliviano sobre Medio Ambiente y Desarrollo es una persona colectiva, bajo la estructura org\u00e1nica y funcional de asociaci\u00f3n civil privada y sin fines de lucro, destinada a articular y coordinar el movimiento socio ambiental en Bolivia, para promover una sociedad sustentable. El Foro Boliviano sobre Medio Ambiente y Desarrollo es una organizaci\u00f3n que &hellip; <\/p>\n<p><a class=\"more-link btn\" href=\"https:\/\/cebem.org\/?p=938\">Seguir leyendo<\/a><\/p>\n","protected":false},"author":2,"featured_media":941,"comment_status":"closed","ping_status":"closed","sticky":false,"template":"","format":"standard","meta":{"_jetpack_memberships_contains_paid_content":false,"footnotes":"","jetpack_publicize_message":"","jetpack_publicize_feature_enabled":true,"jetpack_social_post_already_shared":true,"jetpack_social_options":{"image_generator_settings":{"template":"highway","default_image_id":0,"font":"","enabled":false},"version":2}},"categories":[7],"tags":[17,37],"class_list":["post-938","post","type-post","status-publish","format-standard","has-post-thumbnail","hentry","category-otras-publicaciones","tag-boletin","tag-boletin-4-mayo-2016","item-wrap"],"jetpack_publicize_connections":[],"jetpack_featured_media_url":"https:\/\/i0.wp.com\/cebem.org\/wp-content\/uploads\/2016\/05\/boletinsena.jpg?fit=236%2C120&ssl=1","jetpack_sharing_enabled":true,"_links":{"self":[{"href":"https:\/\/cebem.org\/index.php?rest_route=\/wp\/v2\/posts\/938","targetHints":{"allow":["GET"]}}],"collection":[{"href":"https:\/\/cebem.org\/index.php?rest_route=\/wp\/v2\/posts"}],"about":[{"href":"https:\/\/cebem.org\/index.php?rest_route=\/wp\/v2\/types\/post"}],"author":[{"embeddable":true,"href":"https:\/\/cebem.org\/index.php?rest_route=\/wp\/v2\/users\/2"}],"replies":[{"embeddable":true,"href":"https:\/\/cebem.org\/index.php?rest_route=%2Fwp%2Fv2%2Fcomments&post=938"}],"version-history":[{"count":3,"href":"https:\/\/cebem.org\/index.php?rest_route=\/wp\/v2\/posts\/938\/revisions"}],"predecessor-version":[{"id":969,"href":"https:\/\/cebem.org\/index.php?rest_route=\/wp\/v2\/posts\/938\/revisions\/969"}],"wp:featuredmedia":[{"embeddable":true,"href":"https:\/\/cebem.org\/index.php?rest_route=\/wp\/v2\/media\/941"}],"wp:attachment":[{"href":"https:\/\/cebem.org\/index.php?rest_route=%2Fwp%2Fv2%2Fmedia&parent=938"}],"wp:term":[{"taxonomy":"category","embeddable":true,"href":"https:\/\/cebem.org\/index.php?rest_route=%2Fwp%2Fv2%2Fcategories&post=938"},{"taxonomy":"post_tag","embeddable":true,"href":"https:\/\/cebem.org\/index.php?rest_route=%2Fwp%2Fv2%2Ftags&post=938"}],"curies":[{"name":"wp","href":"https:\/\/api.w.org\/{rel}","templated":true}]}}