
{"id":9348,"date":"2021-12-02T18:34:43","date_gmt":"2021-12-02T22:34:43","guid":{"rendered":"https:\/\/cebem.org\/?p=9348"},"modified":"2022-02-02T11:07:12","modified_gmt":"2022-02-02T15:07:12","slug":"recuperacion-con-igualdad-de-genero-y-justicia-climatica","status":"publish","type":"post","link":"https:\/\/cebem.org\/?p=9348","title":{"rendered":"Recuperaci\u00f3n con igualdad de g\u00e9nero y justicia clim\u00e1tica"},"content":{"rendered":"\n<div class=\"wp-block-image\"><figure class=\"aligncenter size-full\"><img data-recalc-dims=\"1\" fetchpriority=\"high\" decoding=\"async\" width=\"548\" height=\"300\" src=\"https:\/\/i0.wp.com\/cebem.org\/wp-content\/uploads\/2021\/12\/Convocatoria-CLACSO-We-Effect-banner-web-548x300-1.jpg?resize=548%2C300&#038;ssl=1\" alt=\"\" class=\"wp-image-9349\" srcset=\"https:\/\/i0.wp.com\/cebem.org\/wp-content\/uploads\/2021\/12\/Convocatoria-CLACSO-We-Effect-banner-web-548x300-1.jpg?w=548&amp;ssl=1 548w, https:\/\/i0.wp.com\/cebem.org\/wp-content\/uploads\/2021\/12\/Convocatoria-CLACSO-We-Effect-banner-web-548x300-1.jpg?resize=300%2C164&amp;ssl=1 300w\" sizes=\"(max-width: 548px) 100vw, 548px\" \/><\/figure><\/div>\n\n\n\n<p class=\"has-text-align-justify\">We Effect en Am\u00e9rica Latina y el Consejo Latinoamericano de Ciencias Sociales (CLACSO) lanzan la presente convocatoria para que mujeres y hombres j\u00f3venes en todas sus diversidades aporten con evidencias, an\u00e1lisis y propuestas sobre la relaci\u00f3n entre el derecho a la alimentaci\u00f3n y un h\u00e1bitat sustentable, teniendo como sujeto de estudio a las mujeres rurales de comunidades campesinas, ind\u00edgenas o afrodescendientes. La convocatoria est\u00e1 abierta para equipos mixtos, integrados por investigadores j\u00f3venes y por activistas. Adem\u00e1s, las propuestas deben abordar de manera transversal la recuperaci\u00f3n socioecon\u00f3mica ante la Covid-19, bajo una perspectiva de justicia clim\u00e1tica y de g\u00e9nero.<\/p>\n\n\n\n<h4 class=\"wp-block-heading\" id=\"cierre-de-inscripcion-20-de-diciembre-de-2021\"><strong>Cierre de inscripci\u00f3n: 20 de diciembre de 2021<\/strong>.<\/h4>\n\n\n\n<h4 class=\"wp-block-heading\" id=\"inscribite-https-sistemas-clacso-org-inscripciones-becas-inscripciones-login-php-convocatoria-19\"><strong>INSCRIBITE <a href=\"https:\/\/sistemas.clacso.org\/inscripciones\/becas\/inscripciones\/login.php?convocatoria=19\" target=\"_blank\" rel=\"noreferrer noopener\">https:\/\/sistemas.clacso.org\/inscripciones\/becas\/inscripciones\/login.php?convocatoria=19<\/a><\/strong><\/h4>\n\n\n\n<h4 class=\"wp-block-heading\" id=\"mayor-informacion-aqui\"><strong><a href=\"https:\/\/www.clacso.org\/recuperacion-con-igualdad-de-genero-y-justicia-climatica\/\" target=\"_blank\" rel=\"noreferrer noopener\">Mayor informaci\u00f3n AQU\u00cd <\/a>\u00a0<\/strong><\/h4>\n\n\n\n<p><\/p>\n","protected":false},"excerpt":{"rendered":"<p>We Effect en Am\u00e9rica Latina y el Consejo Latinoamericano de Ciencias Sociales (CLACSO) lanzan la presente convocatoria para que mujeres y hombres j\u00f3venes en todas sus diversidades aporten con evidencias, an\u00e1lisis y propuestas sobre la relaci\u00f3n entre el derecho a la alimentaci\u00f3n y un h\u00e1bitat sustentable, teniendo como sujeto de estudio a las mujeres rurales &hellip; <\/p>\n<p><a class=\"more-link btn\" href=\"https:\/\/cebem.org\/?p=9348\">Seguir leyendo<\/a><\/p>\n","protected":false},"author":12,"featured_media":9349,"comment_status":"closed","ping_status":"closed","sticky":false,"template":"","format":"standard","meta":{"_jetpack_memberships_contains_paid_content":false,"footnotes":"","jetpack_publicize_message":"Convocatoria Cierre de inscripci\u00f3n 20 12 2021 Recuperaci\u00f3n con igualdad de g\u00e9nero y justicia clim\u00e1tica. ","jetpack_publicize_feature_enabled":true,"jetpack_social_post_already_shared":true,"jetpack_social_options":{"image_generator_settings":{"template":"highway","default_image_id":0,"font":"","enabled":false},"version":2}},"categories":[8],"tags":[1413,85,1417,1416],"class_list":["post-9348","post","type-post","status-publish","format-standard","has-post-thumbnail","hentry","category-convocatorias","tag-boletin-12-diciembre-2021-2","tag-convocatoria","tag-igualdad-genero-y-justicia","tag-we-effect-clacso","item-wrap"],"jetpack_publicize_connections":[],"jetpack_featured_media_url":"https:\/\/i0.wp.com\/cebem.org\/wp-content\/uploads\/2021\/12\/Convocatoria-CLACSO-We-Effect-banner-web-548x300-1.jpg?fit=548%2C300&ssl=1","jetpack_sharing_enabled":true,"_links":{"self":[{"href":"https:\/\/cebem.org\/index.php?rest_route=\/wp\/v2\/posts\/9348","targetHints":{"allow":["GET"]}}],"collection":[{"href":"https:\/\/cebem.org\/index.php?rest_route=\/wp\/v2\/posts"}],"about":[{"href":"https:\/\/cebem.org\/index.php?rest_route=\/wp\/v2\/types\/post"}],"author":[{"embeddable":true,"href":"https:\/\/cebem.org\/index.php?rest_route=\/wp\/v2\/users\/12"}],"replies":[{"embeddable":true,"href":"https:\/\/cebem.org\/index.php?rest_route=%2Fwp%2Fv2%2Fcomments&post=9348"}],"version-history":[{"count":2,"href":"https:\/\/cebem.org\/index.php?rest_route=\/wp\/v2\/posts\/9348\/revisions"}],"predecessor-version":[{"id":9557,"href":"https:\/\/cebem.org\/index.php?rest_route=\/wp\/v2\/posts\/9348\/revisions\/9557"}],"wp:featuredmedia":[{"embeddable":true,"href":"https:\/\/cebem.org\/index.php?rest_route=\/wp\/v2\/media\/9349"}],"wp:attachment":[{"href":"https:\/\/cebem.org\/index.php?rest_route=%2Fwp%2Fv2%2Fmedia&parent=9348"}],"wp:term":[{"taxonomy":"category","embeddable":true,"href":"https:\/\/cebem.org\/index.php?rest_route=%2Fwp%2Fv2%2Fcategories&post=9348"},{"taxonomy":"post_tag","embeddable":true,"href":"https:\/\/cebem.org\/index.php?rest_route=%2Fwp%2Fv2%2Ftags&post=9348"}],"curies":[{"name":"wp","href":"https:\/\/api.w.org\/{rel}","templated":true}]}}