
{"id":931,"date":"2016-05-31T07:22:20","date_gmt":"2016-05-31T11:22:20","guid":{"rendered":"http:\/\/cebem.org\/?p=931"},"modified":"2016-05-31T07:22:20","modified_gmt":"2016-05-31T11:22:20","slug":"convocatoria-al-congreso-internacional-agua-cultura-y-territorio-en-centroamerica","status":"publish","type":"post","link":"https:\/\/cebem.org\/?p=931","title":{"rendered":"Convocatoria al Congreso Internacional Agua, Cultura y Territorio en Centroam\u00e9rica"},"content":{"rendered":"<p><a href=\"https:\/\/i0.wp.com\/cebem.org\/wp-content\/uploads\/2016\/05\/invitacion-congreso.jpg\" target=\"_blank\"><img data-recalc-dims=\"1\" fetchpriority=\"high\" decoding=\"async\" class=\"alignleft wp-image-933 size-medium\" src=\"https:\/\/i0.wp.com\/cebem.org\/wp-content\/uploads\/2016\/05\/invitacion-congreso-259x300.jpg?resize=259%2C300\" alt=\"Web\" width=\"259\" height=\"300\" srcset=\"https:\/\/i0.wp.com\/cebem.org\/wp-content\/uploads\/2016\/05\/invitacion-congreso.jpg?resize=259%2C300&amp;ssl=1 259w, https:\/\/i0.wp.com\/cebem.org\/wp-content\/uploads\/2016\/05\/invitacion-congreso.jpg?resize=768%2C891&amp;ssl=1 768w, https:\/\/i0.wp.com\/cebem.org\/wp-content\/uploads\/2016\/05\/invitacion-congreso.jpg?resize=883%2C1024&amp;ssl=1 883w, https:\/\/i0.wp.com\/cebem.org\/wp-content\/uploads\/2016\/05\/invitacion-congreso.jpg?resize=600%2C696&amp;ssl=1 600w, https:\/\/i0.wp.com\/cebem.org\/wp-content\/uploads\/2016\/05\/invitacion-congreso.jpg?w=1500&amp;ssl=1 1500w, https:\/\/i0.wp.com\/cebem.org\/wp-content\/uploads\/2016\/05\/invitacion-congreso.jpg?w=2250&amp;ssl=1 2250w\" sizes=\"(max-width: 259px) 100vw, 259px\" \/><\/a>El Programa Interdisciplinario de Investigaci\u00f3n y Gesti\u00f3n del Agua de La Universidad Nacional PRIGA, en el marco de la celebraci\u00f3n del a\u00f1o 2016 como el a\u00f1o de la Madre Tierra, invita a a acad\u00e9micos(as) investigadores(as), funcionarios(as), T\u00e9cnicos(as),\u00a0 Profesionales y Gestores Comunales en el tema del agua a participar y presentar ponencias en el Congreso Internacional Agua, Cultura y Territorio en Centroam\u00e9rica a realizarse del 14 al 18 de Noviembre de 2016 en la UNA.<\/p>\n<p>Las \u00e1reas tem\u00e1ticas a desarrollar en el congreso son las siguientes:<\/p>\n<p><strong>1. Agua y Arquitectura<\/strong><\/p>\n<p>Infraestructuras de abastecimiento de agua potable<br \/>\nMaterializaci\u00f3n de la obra construida<br \/>\nTecnolog\u00edas alternativas del agua<br \/>\nTecnolog\u00edas para abastecimiento y saneamiento<br \/>\nReservorios<br \/>\nSistemas de desalinizaci\u00f3n<br \/>\nSistemas de riego<br \/>\nAlcantarillado sanitario<\/p>\n<p><strong>2. Agua y Cambio Clim\u00e1tico<\/strong><\/p>\n<p>Gesti\u00f3n de riesgos h\u00eddricos<br \/>\nReducci\u00f3n de la vulnerabilidad<br \/>\nEventos extremos<br \/>\nAumento de la capacidad de adaptaci\u00f3n<br \/>\nPol\u00edticas P\u00fablicas para el recurso h\u00eddrico<br \/>\nUsos del agua y la salud<\/p>\n<p><strong>3. Agua y Sociedad<\/strong><\/p>\n<p>Gesti\u00f3n Comunitaria del agua<br \/>\nDefensas y luchas sociales por el agua<br \/>\nConflictos por el recurso h\u00eddrico<br \/>\nProblem\u00e1ticas, desaf\u00edos \u00a0y respuestas con el recurso h\u00eddrico<br \/>\nEducaci\u00f3n y una nueva Cultura del agua<\/p>\n<p><strong>4. Imaginarios del Agua<\/strong><\/p>\n<p>Agua: creencias, pr\u00e1cticas e identidades<br \/>\nPueblos ind\u00edgenas y gesti\u00f3n de recursos h\u00eddricos<br \/>\nRecurso h\u00eddrico: \u00e1mbito territorial<br \/>\nAgua y poblaciones<br \/>\nComunidades costeras<br \/>\nCosmovisi\u00f3n del agua<\/p>\n<p><strong>5. Agua, Vida y Naturaleza<\/strong><\/p>\n<p>Paisaje y patrimonio hidrico\/hidr\u00e1ulico<br \/>\nTurismo, sostenibilidad y optimizaci\u00f3n de los\u00a0recursos patrimoniales<br \/>\nLa Gesti\u00f3n Integrada del Recurso H\u00eddrico<br \/>\nServicios ecosist\u00e9micos<\/p>\n<p><strong>6. Agua, Arte e Historia<\/strong><\/p>\n<p>El Patrimonio material e inmaterial \u00a0y\u00a0el agua<br \/>\nHistoria y arquelog\u00edas del agua<br \/>\nLa creaci\u00f3n ante el agua: arte y cultura visual<br \/>\nEl agua en la memoria hist\u00f3rica<br \/>\nAgua y religiosidad<\/p>\n<p><strong>El evento es organizado y coorganizado por:<\/strong><\/p>\n<ul>\n<li>Universidad Nacional (Instituci\u00f3n Anfitriona)<\/li>\n<li>Universidad Pablo de Olavide, Espa\u00f1a<\/li>\n<li>Red de Patrimonio Cultural de los Pa\u00edses de Centroam\u00e9rica<\/li>\n<li>Instituto Costarricense de Acueductos y Alcantarillados<\/li>\n<li>Universidad de Costa Rica<\/li>\n<li>Instituto Tecnol\u00f3gico de Costa Rica<\/li>\n<li>Ministerio de Cultura, Juventud y Deportes<\/li>\n<li>Ministerio de la Presidencia<\/li>\n<\/ul>\n<p>Para mayor informaci\u00f3n sobre objetivos, organizaci\u00f3n, mesas tem\u00e1ticas, env\u00edo de ponencias, programa, inscripci\u00f3n, costos y otros detalles puede ingresar al sitio WEB oficial del congreso:<\/p>\n<p><strong><a href=\"http:\/\/www.aguaculturayterritorio.org\" target=\"_blank\">www.aguaculturayterritorio.org<\/a><\/strong><\/p>\n<p><strong>El sitio facebook del congreso es:<\/strong><\/p>\n<p><strong><a href=\"https:\/\/www.facebook.com\/aguaculturayterritorio\/\" target=\"_blank\">https:\/\/www.facebook.com\/aguaculturayterritorio\/<\/a><\/strong><\/p>\n","protected":false},"excerpt":{"rendered":"<p>El Programa Interdisciplinario de Investigaci\u00f3n y Gesti\u00f3n del Agua de La Universidad Nacional PRIGA, en el marco de la celebraci\u00f3n del a\u00f1o 2016 como el a\u00f1o de la Madre Tierra, invita a a acad\u00e9micos(as) investigadores(as), funcionarios(as), T\u00e9cnicos(as),\u00a0 Profesionales y Gestores Comunales en el tema del agua a participar y presentar ponencias en el Congreso Internacional &hellip; <\/p>\n<p><a class=\"more-link btn\" href=\"https:\/\/cebem.org\/?p=931\">Seguir leyendo<\/a><\/p>\n","protected":false},"author":2,"featured_media":932,"comment_status":"closed","ping_status":"closed","sticky":false,"template":"","format":"standard","meta":{"_jetpack_memberships_contains_paid_content":false,"footnotes":"","jetpack_publicize_message":"","jetpack_publicize_feature_enabled":true,"jetpack_social_post_already_shared":true,"jetpack_social_options":{"image_generator_settings":{"template":"highway","default_image_id":0,"font":"","enabled":false},"version":2}},"categories":[8],"tags":[37,13],"class_list":["post-931","post","type-post","status-publish","format-standard","has-post-thumbnail","hentry","category-convocatorias","tag-boletin-4-mayo-2016","tag-evento","item-wrap"],"jetpack_publicize_connections":[],"jetpack_featured_media_url":"https:\/\/i0.wp.com\/cebem.org\/wp-content\/uploads\/2016\/05\/congreso-agua.jpg?fit=755%2C755&ssl=1","jetpack_sharing_enabled":true,"_links":{"self":[{"href":"https:\/\/cebem.org\/index.php?rest_route=\/wp\/v2\/posts\/931","targetHints":{"allow":["GET"]}}],"collection":[{"href":"https:\/\/cebem.org\/index.php?rest_route=\/wp\/v2\/posts"}],"about":[{"href":"https:\/\/cebem.org\/index.php?rest_route=\/wp\/v2\/types\/post"}],"author":[{"embeddable":true,"href":"https:\/\/cebem.org\/index.php?rest_route=\/wp\/v2\/users\/2"}],"replies":[{"embeddable":true,"href":"https:\/\/cebem.org\/index.php?rest_route=%2Fwp%2Fv2%2Fcomments&post=931"}],"version-history":[{"count":1,"href":"https:\/\/cebem.org\/index.php?rest_route=\/wp\/v2\/posts\/931\/revisions"}],"predecessor-version":[{"id":934,"href":"https:\/\/cebem.org\/index.php?rest_route=\/wp\/v2\/posts\/931\/revisions\/934"}],"wp:featuredmedia":[{"embeddable":true,"href":"https:\/\/cebem.org\/index.php?rest_route=\/wp\/v2\/media\/932"}],"wp:attachment":[{"href":"https:\/\/cebem.org\/index.php?rest_route=%2Fwp%2Fv2%2Fmedia&parent=931"}],"wp:term":[{"taxonomy":"category","embeddable":true,"href":"https:\/\/cebem.org\/index.php?rest_route=%2Fwp%2Fv2%2Fcategories&post=931"},{"taxonomy":"post_tag","embeddable":true,"href":"https:\/\/cebem.org\/index.php?rest_route=%2Fwp%2Fv2%2Ftags&post=931"}],"curies":[{"name":"wp","href":"https:\/\/api.w.org\/{rel}","templated":true}]}}