
{"id":9305,"date":"2021-12-05T11:39:00","date_gmt":"2021-12-05T15:39:00","guid":{"rendered":"https:\/\/cebem.org\/?p=9305"},"modified":"2022-02-07T12:09:54","modified_gmt":"2022-02-07T16:09:54","slug":"curso-virtual-actualizacion-profesional-formulacion-de-proyectos-basada-en-resultados","status":"publish","type":"post","link":"https:\/\/cebem.org\/?p=9305","title":{"rendered":"Curso virtual: Actualizaci\u00f3n profesional Formulaci\u00f3n de Proyectos basada en resultados"},"content":{"rendered":"\n<h3 class=\"has-text-align-center wp-block-heading\" id=\"modalidad-sincronica-via-zoom\"> <strong><em>Modalidad Sincr\u00f3nica v\u00eda ZOOM<\/em><\/strong> <\/h3>\n\n\n\n<h3 class=\"has-text-align-center wp-block-heading\" id=\"4-5-y-6-de-febrero-de-2022\">4, 5 y 6 de febrero<strong> de 2022<\/strong><\/h3>\n\n\n\n<div class=\"wp-block-image\"><figure class=\"aligncenter size-large is-resized\"><img data-recalc-dims=\"1\" fetchpriority=\"high\" decoding=\"async\" src=\"https:\/\/i0.wp.com\/cebem.org\/wp-content\/uploads\/2021\/11\/Imagen-1-formulacion-de-proyectos-basada-en-resultados.jpg?resize=512%2C288&#038;ssl=1\" alt=\"\" class=\"wp-image-9311\" width=\"512\" height=\"288\" srcset=\"https:\/\/i0.wp.com\/cebem.org\/wp-content\/uploads\/2021\/11\/Imagen-1-formulacion-de-proyectos-basada-en-resultados.jpg?resize=1024%2C576&amp;ssl=1 1024w, https:\/\/i0.wp.com\/cebem.org\/wp-content\/uploads\/2021\/11\/Imagen-1-formulacion-de-proyectos-basada-en-resultados.jpg?resize=300%2C169&amp;ssl=1 300w, https:\/\/i0.wp.com\/cebem.org\/wp-content\/uploads\/2021\/11\/Imagen-1-formulacion-de-proyectos-basada-en-resultados.jpg?resize=768%2C432&amp;ssl=1 768w, https:\/\/i0.wp.com\/cebem.org\/wp-content\/uploads\/2021\/11\/Imagen-1-formulacion-de-proyectos-basada-en-resultados.jpg?resize=600%2C338&amp;ssl=1 600w, https:\/\/i0.wp.com\/cebem.org\/wp-content\/uploads\/2021\/11\/Imagen-1-formulacion-de-proyectos-basada-en-resultados.jpg?resize=750%2C422&amp;ssl=1 750w, https:\/\/i0.wp.com\/cebem.org\/wp-content\/uploads\/2021\/11\/Imagen-1-formulacion-de-proyectos-basada-en-resultados.jpg?w=1500&amp;ssl=1 1500w\" sizes=\"(max-width: 512px) 100vw, 512px\" \/><\/figure><\/div>\n\n\n\n<p class=\"has-text-align-justify\">Gran parte o pr\u00e1cticamente todas las Organizaciones o Instituciones de Desarrollo organizan su trabajo por medio de Programas y Proyectos, y con ellos buscan alcanzar resultados concretos (impactos \u2013 efectos) para sus grupos metas, beneficiarios o segmentos poblacionales, en t\u00e9rminos de desarrollo socio econ\u00f3mico o bienestar de la poblaci\u00f3n.<\/p>\n\n\n\n<p class=\"has-text-align-justify\">Considerando que la gesti\u00f3n de proyectos es una disciplina din\u00e1mica que evoluciona tambi\u00e9n con el tiempo, existen todav\u00eda falencias a la hora de dise\u00f1ar (formular) e implementar los programas y proyectos, en el monitoreo y evaluaci\u00f3n, la gesti\u00f3n de riesgos y otros factores importantes que hacen a la gesti\u00f3n de programas y proyectos basada en resultados, gener\u00e1ndose brechas entre los objetivos de desarrollo planteados y su implementaci\u00f3n, y es all\u00ed donde se generan diferencias sustanciales entre los planes de programas y proyectos realizados y su implementaci\u00f3n.<\/p>\n\n\n\n<p class=\"has-text-align-justify\">\u00bfBusca garantizar una adecuada formulaci\u00f3n de proyectos? \u00bfCuan relevante es establecer un marco de resultados apropiado y al mismo tiempo ambicioso?.\u00bfBusca que sus proyectos logren efectos e impactos reales en las poblaciones meta?. \u00bfBuscan dise\u00f1ar proyectos basados en resultados que resulten mas atrayentes para las inversiones?. Estas y otras preguntas ser\u00e1n resueltas en este curso pensado para ayudarte a formular tus proyectos y orientarlos a resultados.<\/p>\n\n\n\n<blockquote class=\"wp-block-quote has-text-align-center is-layout-flow wp-block-quote-is-layout-flow\"><p><strong>La formulaci\u00f3n de proyectos es el primer eslab\u00f3n para el planteamiento adecuado de un proyecto, y de \u00e9l dependen todas las dem\u00e1s fases de la gesti\u00f3n de proyectos, es decir, un buen planteamiento del proyecto garantizar\u00e1 una mejor implementaci\u00f3n, seguimiento y evaluaci\u00f3n del mismo.<\/strong><\/p><\/blockquote>\n\n\n\n<h4 class=\"has-vivid-purple-color has-text-color wp-block-heading\" id=\"contenido\"><strong>CONTENIDO<\/strong>:<\/h4>\n\n\n\n<ul class=\"wp-block-list\"><li>Identificaci\u00f3n adecuada de proyectos<\/li><li>Formulaci\u00f3n de un marco de resultados o cadena l\u00f3gica de objetivos<\/li><li>Caracter\u00edsticas y est\u00e1ndares&nbsp;por cada nivel del marco de resultados<\/li><li>Factores de \u00e9xito para una buena formulaci\u00f3n de proyectos.<\/li><li>Dise\u00f1o y definici\u00f3n de indicadores, medios de verificaci\u00f3n y supuestos<\/li><li>Indicadores seg\u00fan niveles del Marco de Resultados<\/li><li>Formato y est\u00e1ndares de una nota de concepto &#8211; perfil de proyecto&nbsp;<\/li><li>Ejemplos y ejercicios pr\u00e1cticos para una correcta asimilaci\u00f3n&nbsp;y desarrollo de capacidades<\/li><\/ul>\n\n\n\n<h4 class=\"has-vivid-purple-color has-text-color wp-block-heading\" id=\"dirigido-a\"><strong>DIRIGIDO A:<\/strong><\/h4>\n\n\n\n<ul class=\"wp-block-list\"><li>Profesionales de ONGs, asociaciones, fundaciones, organismos de cooperaci\u00f3n, u otras organizaciones de desarrollo que deseen actualizar sus competencias en el tema.<\/li><li>Profesionales que trabajan en el tema<\/li><li>Profesionales en general<\/li><\/ul>\n\n\n\n<h4 class=\"has-vivid-purple-color has-text-color wp-block-heading\" id=\"modalidad\"><strong>MODALIDAD:<\/strong><\/h4>\n\n\n\n<ul class=\"wp-block-list\"><li>Orientaci\u00f3n practica<\/li><li>V\u00edas sesiones zoom y jornadas interactivas<\/li><li>Plataforma online \u201cCampus Cebem\u201d<\/li><\/ul>\n\n\n\n<h4 class=\"has-vivid-purple-color has-text-color wp-block-heading\" id=\"horarios-diciembre\"><strong>HORARIOS (diciembre):<\/strong><\/h4>\n\n\n\n<ul class=\"wp-block-list\"><li>Viernes 4 de febrero: De 19:00 \u2013 21:30<\/li><li>S\u00e1bado 5 de febrero: De 08:45 \u2013 12:15<\/li><li>Domingo 6 de febrero: De 08:45 &#8211; 12:15<\/li><\/ul>\n\n\n\n<h4 class=\"has-vivid-purple-color has-text-color wp-block-heading\" id=\"facilitadora\"><strong>FACILITADORA<\/strong><\/h4>\n\n\n\n<div class=\"wp-block-image\"><figure class=\"alignleft size-large is-resized\"><img data-recalc-dims=\"1\" decoding=\"async\" src=\"https:\/\/i0.wp.com\/cebem.org\/wp-content\/uploads\/2018\/04\/Evelin-troche.jpg?resize=160%2C125&#038;ssl=1\" alt=\"\" class=\"wp-image-3374\" width=\"160\" height=\"125\" srcset=\"https:\/\/i0.wp.com\/cebem.org\/wp-content\/uploads\/2018\/04\/Evelin-troche.jpg?w=330&amp;ssl=1 330w, https:\/\/i0.wp.com\/cebem.org\/wp-content\/uploads\/2018\/04\/Evelin-troche.jpg?resize=300%2C234&amp;ssl=1 300w\" sizes=\"(max-width: 160px) 100vw, 160px\" \/><\/figure><\/div>\n\n\n\n<p class=\"has-text-align-justify\"><strong>Evelin Troche Araujo,<\/strong> Consultora, Asesora Senior y economista de profesi\u00f3n, cuenta con alrededor 20 a\u00f1os de experiencia en el sector del desarrollo socio econ\u00f3mico, liderando y gerenciando procesos, programas y proyectos de desarrollo socio econ\u00f3mico en organizaciones sociales y privadas en las \u00e1reas de planificaci\u00f3n y direcci\u00f3n estrat\u00e9gica, operaciones, dise\u00f1o (planeaci\u00f3n), monitoreo y evaluaci\u00f3n, gerencia por resultados, gerencia de programas y proyectos, gerenciamiento de procesos estrat\u00e9gicos institucionales, gesti\u00f3n de la calidad e innovaci\u00f3n, liderazgo organizacional, entre otros campos. Cuenta adem\u00e1s con amplia experiencia en el manejo del ciclo de gesti\u00f3n del aprendizaje, desarrollo de capacidades y competencias, y metodolog\u00edas relacionadas. Se ha desempe\u00f1ado y desempe\u00f1a tambi\u00e9n como docente y facilitadora (desarrollo de capacidades y competencias).&nbsp;<\/p>\n\n\n\n<p class=\"has-text-align-justify\"><strong>Evelin Troche<\/strong> ha realizado estudios de Postgrado en varios campos multidisciplinarios, destacando entre ellos, Direcci\u00f3n y Administraci\u00f3n de Empresas, EEN;&nbsp;Liderazgo Organizacional en Instituto Tecnol\u00f3gico y de Estudios Superiores de Monterrey (ITSEM, M\u00e9xico); Educaci\u00f3n Superior, Universidad Del Valle; Certificada en Project Management for Development Professionals \u2013 PMD Pro, APMG Group International, entre otros.&nbsp;<\/p>\n\n\n\n<h3 class=\"has-text-align-center wp-block-heading\" id=\"block-d6305b82-a6e5-4c19-a919-454d89a8372b\">\u00bfTe interesa participar del curso?<\/h3>\n\n\n\n<div class=\"wp-block-buttons is-horizontal is-content-justification-center is-layout-flex wp-container-core-buttons-is-layout-499968f5 wp-block-buttons-is-layout-flex\">\n<div class=\"wp-block-button\"><a class=\"wp-block-button__link has-black-color has-light-green-cyan-background-color has-text-color has-background\" href=\"https:\/\/forms.gle\/MxkFmFATX7WB9MLs5\" style=\"border-radius:5px\" target=\"_blank\" rel=\"noreferrer noopener\">REALIZA TU  PRE-INSCRIPCI\u00d3N<\/a><\/div>\n<\/div>\n\n\n\n<h4 class=\"has-vivid-purple-color has-text-color wp-block-heading\" id=\"inversion\"><strong>INVERSI\u00d3N:<\/strong><\/h4>\n\n\n\n<p> Para Bolivia Bs. 400 (bolivianos) o para fuera de Bolivia $us. 60 (d\u00f3lares) por participante. <\/p>\n\n\n\t\t\t\t\t\t<style>\r\n\t\t\t\t\r\n\t\t\t\t\t#tab_container_9314 {\r\n\toverflow:hidden;\r\n\tdisplay:block;\r\n\twidth:100%;\r\n\tborder:0px solid #ddd;\r\n\tmargin-bottom:30px;\r\n\t}\r\n\r\n#tab_container_9314 .tab-content{\r\n\tpadding:20px;\r\n\tborder: 1px solid #e6e6e6 !important;\r\n\tmargin-top: 0px;\r\n\tbackground-color:#ffffff !important;\r\n\tcolor: #000000 !important;\r\n\tfont-size:15px !important;\r\n\tfont-family: Arial !important;\r\n\t\r\n\t\tborder: 1px solid #e6e6e6 !important;\r\n\t}\r\n#tab_container_9314 .wpsm_nav-tabs {\r\n    border-bottom: 0px solid #ddd;\r\n}\r\n#tab_container_9314 .wpsm_nav-tabs > li.active > a, #tab_container_9314 .wpsm_nav-tabs > li.active > a:hover, #tab_container_9314 .wpsm_nav-tabs > li.active > a:focus {\r\n\tcolor: #000000 !important;\r\n\tcursor: default;\r\n\tbackground-color: #ffffff !important;\r\n\tborder: 1px solid #e6e6e6 !important;\r\n}\r\n\r\n#tab_container_9314 .wpsm_nav-tabs > li > a {\r\n    margin-right: 0px !important; \r\n    line-height: 1.42857143 !important;\r\n    border: 1px solid #0080d0 !important;\r\n    border-radius: 0px 0px 0 0 !important; \r\n\tbackground-color: #0693e3 !important;\r\n\tcolor: #ffffff !important;\r\n\tpadding: 15px 18px 15px 18px !important;\r\n\ttext-decoration: none !important;\r\n\tfont-size: 14px !important;\r\n\ttext-align:center !important;\r\n\tfont-family: Arial !important;\r\n}\r\n#tab_container_9314 .wpsm_nav-tabs > li > a:focus {\r\noutline: 0px !important;\r\n}\r\n\r\n#tab_container_9314 .wpsm_nav-tabs > li > a:before {\r\n\tdisplay:none !important;\r\n}\r\n#tab_container_9314 .wpsm_nav-tabs > li > a:after {\r\n\tdisplay:none !important ;\r\n}\r\n#tab_container_9314 .wpsm_nav-tabs > li{\r\npadding:0px !important ;\r\nmargin:0px;\r\n}\r\n\r\n#tab_container_9314 .wpsm_nav-tabs > li > a:hover , #tab_container_9314 .wpsm_nav-tabs > li > a:focus {\r\n    color: #ffffff !important;\r\n    background-color: #0693e3 !important;\r\n\tborder: 1px solid #0080d0 !important;\r\n\t\r\n}\r\n#tab_container_9314 .wpsm_nav-tabs > li > a .fa{\r\n\r\nmargin-right:5px !important;\r\n\r\nmargin-left:5px !important;\r\n\r\n\r\n}\r\n\r\n\t\t#tab_container_9314 .wpsm_nav-tabs a{\r\n\t\t\tbackground-image: none;\r\n\t\t\tbackground-position: 0 0;\r\n\t\t\tbackground-repeat: repeat-x;\r\n\t\t}\r\n\t\t\t\r\n\r\n\r\n#tab_container_9314 .wpsm_nav-tabs > li {\r\n    float: left;\r\n    margin-bottom: -1px !important;\r\n\tmargin-right:0px !important; \r\n}\r\n\r\n\r\n#tab_container_9314 .tab-content{\r\noverflow:hidden !important;\r\n}\r\n\r\n\r\n@media (min-width: 769px) {\r\n\r\n\t#tab_container_9314 .wpsm_nav-tabs > li{\r\n\t\tfloat:left !important ;\r\n\t\t\t\tmargin-right:-1px !important;\r\n\t\t\t\t\t}\r\n\t#tab_container_9314 .wpsm_nav-tabs{\r\n\t\tfloat:none !important;\r\n\t\tmargin:0px !important;\r\n\t}\r\n\r\n\t#tab_container_9314 .wpsm_nav-tabs > li {\r\n\t\t\t\t\r\n\t}\r\n\t#tab_container_9314 .wpsm_nav{\r\n\t\t\t}\r\n\r\n}\r\n\r\n\r\n\r\n@media (max-width: 768px) {\r\n\t#tab_container_9314 .wpsm_nav-tabs > li {\r\n\t\t\t\t\r\n\t}\r\n\t#tab_container_9314 .wpsm_nav{\r\n\t\t\t}\r\n}\r\n\r\n\r\n\t.wpsm_nav-tabs li:before{\r\n\t\tdisplay:none !important;\r\n\t}\r\n\r\n\t@media (max-width: 768px) {\r\n\t\t\t\t\r\n\t\t\t\t.wpsm_nav-tabs{\r\n\t\t\tmargin-left:0px !important;\r\n\t\t\tmargin-right:0px !important; \r\n\t\t\t\r\n\t\t}\r\n\t\t\t\t#tab_container_9314 .wpsm_nav-tabs > li{\r\n\t\t\tfloat:none !important;\r\n\t\t}\r\n\t\t\t\r\n\t}\t\t\t\t<\/style>\r\n\t\t\t\t<div id=\"tab_container_9314\" >\r\n\t \r\n\t\t\t\t\t<ul class=\"wpsm_nav wpsm_nav-tabs\" role=\"tablist\" id=\"myTab_9314\">\r\n\t\t\t\t\t\t\t\r\n\t\t\t\t\t\t\t<li role=\"presentation\"  class=\"active\"  onclick=\"do_resize()\">\r\n\t\t\t\t\t\t\t\t<a href=\"#tabs_desc_9314_1\" aria-controls=\"tabs_desc_9314_1\" role=\"tab\" data-toggle=\"tab\">\r\n\t\t\t\t\t\t\t\t\t\r\n\t\t\t\t\t\t\t\t\t\t\t\t\t\t\t\t\t\t\t\t\t\t\t\t\t\t\t\t\t\t\t\t\t\t\t\t\t\t\t\t\t\t\t\t\t\t\t\t\t\r\n\t\t\t\t\t\t\t\t\t\t\t\t\t\t\t\t\t\t\r\n\t\t\t\t\t\t\t\t\t<span>PAGO TARJETA DE D\u00c9BITO\/CR\u00c9DITO<\/span>\r\n\t\t\t\t\t\t\t\t\t\r\n\t\t\t\t\t\t\t\t\t\t\t\t\t\t\t\t\t\t\r\n\t\t\t\t\t\t\t\t\t\t\t\t\t\t\t\t\t\t\t\t\r\n\t\t\t\t\t\t\t\t\t\r\n\t\t\t\t\t\t\t\t<\/a>\r\n\t\t\t\t\t\t\t<\/li>\r\n\t\t\t\t\t\t\t\r\n\t\t\t\t\t\t\t<li role=\"presentation\"  onclick=\"do_resize()\">\r\n\t\t\t\t\t\t\t\t<a href=\"#tabs_desc_9314_2\" aria-controls=\"tabs_desc_9314_2\" role=\"tab\" data-toggle=\"tab\">\r\n\t\t\t\t\t\t\t\t\t\r\n\t\t\t\t\t\t\t\t\t\t\t\t\t\t\t\t\t\t\t\t\t\t\t\t\t\t\t\t\t\t\t\t\t\t\t\t\t\t\t\t\t\t\t\t\t\t\t\t\t\r\n\t\t\t\t\t\t\t\t\t\t\t\t\t\t\t\t\t\t\r\n\t\t\t\t\t\t\t\t\t<span>DEP\u00d3SITO BANCARIO<\/span>\r\n\t\t\t\t\t\t\t\t\t\r\n\t\t\t\t\t\t\t\t\t\t\t\t\t\t\t\t\t\t\r\n\t\t\t\t\t\t\t\t\t\t\t\t\t\t\t\t\t\t\t\t\r\n\t\t\t\t\t\t\t\t\t\r\n\t\t\t\t\t\t\t\t<\/a>\r\n\t\t\t\t\t\t\t<\/li>\r\n\t\t\t\t\t\t\t\r\n\t\t\t\t\t\t\t<li role=\"presentation\"  onclick=\"do_resize()\">\r\n\t\t\t\t\t\t\t\t<a href=\"#tabs_desc_9314_3\" aria-controls=\"tabs_desc_9314_3\" role=\"tab\" data-toggle=\"tab\">\r\n\t\t\t\t\t\t\t\t\t\r\n\t\t\t\t\t\t\t\t\t\t\t\t\t\t\t\t\t\t\t\t\t\t\t\t\t\t\t\t\t\t\t\t\t\t\t\t\t\t\t\t\t\t\t\t\t\t\t\t\t\r\n\t\t\t\t\t\t\t\t\t\t\t\t\t\t\t\t\t\t\r\n\t\t\t\t\t\t\t\t\t<span>PRODEM o FIE<\/span>\r\n\t\t\t\t\t\t\t\t\t\r\n\t\t\t\t\t\t\t\t\t\t\t\t\t\t\t\t\t\t\r\n\t\t\t\t\t\t\t\t\t\t\t\t\t\t\t\t\t\t\t\t\r\n\t\t\t\t\t\t\t\t\t\r\n\t\t\t\t\t\t\t\t<\/a>\r\n\t\t\t\t\t\t\t<\/li>\r\n\t\t\t\t\t\t\t\r\n\t\t\t\t\t\t\t<li role=\"presentation\"  onclick=\"do_resize()\">\r\n\t\t\t\t\t\t\t\t<a href=\"#tabs_desc_9314_4\" aria-controls=\"tabs_desc_9314_4\" role=\"tab\" data-toggle=\"tab\">\r\n\t\t\t\t\t\t\t\t\t\r\n\t\t\t\t\t\t\t\t\t\t\t\t\t\t\t\t\t\t\t\t\t\t\t\t\t\t\t\t\t\t\t\t\t\t\t\t\t\t\t\t\t\t\t\t\t\t\t\t\t\r\n\t\t\t\t\t\t\t\t\t\t\t\t\t\t\t\t\t\t\r\n\t\t\t\t\t\t\t\t\t<span>EFECTIVO<\/span>\r\n\t\t\t\t\t\t\t\t\t\r\n\t\t\t\t\t\t\t\t\t\t\t\t\t\t\t\t\t\t\r\n\t\t\t\t\t\t\t\t\t\t\t\t\t\t\t\t\t\t\t\t\r\n\t\t\t\t\t\t\t\t\t\r\n\t\t\t\t\t\t\t\t<\/a>\r\n\t\t\t\t\t\t\t<\/li>\r\n\t\t\t\t\t\t\t\t\t\t\t <\/ul>\r\n\r\n\t\t\t\t\t  <!-- Tab panes -->\r\n\t\t\t\t\t  <div class=\"tab-content\" id=\"tab-content_9314\">\r\n\t\t\t\t\t\t\t\t\t\t\t\t <div role=\"tabpanel\" class=\"tab-pane  in active \" id=\"tabs_desc_9314_1\">\r\n\t\t\t\t\t\t\t\t<p style=\"text-align: center;\" align=\"center\">Realice su inversi\u00f3n de manera segura mediante nuestra pasarela de pago con su tarjeta de d\u00e9bito o cr\u00e9dito<\/p>\r\n<p align=\"center\"><a href=\"https:\/\/i0.wp.com\/cebem.org\/wp-content\/uploads\/2021\/09\/logo-visa-mastercard.png?ssl=1\"><img data-recalc-dims=\"1\" decoding=\"async\" class=\"size-full wp-image-8995 aligncenter\" src=\"https:\/\/i0.wp.com\/cebem.org\/wp-content\/uploads\/2021\/09\/logo-visa-mastercard.png?resize=300%2C110&#038;ssl=1\" alt=\"\" width=\"300\" height=\"110\" \/><\/a><\/p>\r\n\r\n<div class=\"has-text-align-center\">\r\n<div class=\"wp-block-button\" style=\"text-align: center;\"><a class=\"wp-block-button__link\" href=\"https:\/\/links.libelula.bo\/Pay\/c8fa6166-4cb7-472f-b18a-b8b1856c215d\" target=\"_blank\" rel=\"noreferrer noopener\">PAGAR AQU\u00cd en bolivianos\r\n400 Bs<\/a><\/div>\r\n<div class=\"wp-block-button\" style=\"text-align: center;\"><a class=\"wp-block-button__link\" href=\"https:\/\/links.libelula.bo\/Pay\/30a07385-278a-4f09-8951-821d77455b4b\" target=\"_blank\" rel=\"noreferrer noopener\">PAGAR AQU\u00cd en dolares\r\n60 $us<\/a><\/div>\r\n<\/div>\t\t\t\t\t\t <\/div>\r\n\t\t\t\t\t\t\t\t\t\t\t\t <div role=\"tabpanel\" class=\"tab-pane \" id=\"tabs_desc_9314_2\">\r\n\t\t\t\t\t\t\t\t<p style=\"text-align: center;\"><img data-recalc-dims=\"1\" loading=\"lazy\" decoding=\"async\" class=\"aligncenter wp-image-7043\" src=\"https:\/\/i0.wp.com\/cebem.org\/wp-content\/uploads\/2020\/04\/Logo_Banco_BISA.png?resize=250%2C75&#038;ssl=1\" alt=\"\" width=\"250\" height=\"75\" srcset=\"https:\/\/i0.wp.com\/cebem.org\/wp-content\/uploads\/2020\/04\/Logo_Banco_BISA.png?w=600&amp;ssl=1 600w, https:\/\/i0.wp.com\/cebem.org\/wp-content\/uploads\/2020\/04\/Logo_Banco_BISA.png?resize=300%2C90&amp;ssl=1 300w\" sizes=\"(max-width: 250px) 100vw, 250px\" \/><\/p>\r\n<p style=\"text-align: center;\"><strong>En bolivianos - BS<br>\r\n<\/strong>Cuenta corriente: 130861-001-9<br>\r\nTitular de la cuenta: Cebem\u200b<br>\r\nNIT: 1006059021<\/p>\r\n<p style=\"text-align: center;\"><strong>En d\u00f3lares - U$<br>\r\n<\/strong>Cuenta corriente: 130861-206-2<br>\r\nTitular de la cuenta: Cebem\u200b<br>\r\nNIT: 1006059021<\/p>\r\n<em>Posterior al pago enviar una foto de la constancia de transferencia al correo beatriz@cebem.org indicando su nombre y el nombre del curso al cual se ha inscrito.<\/em>\t\t\t\t\t\t <\/div>\r\n\t\t\t\t\t\t\t\t\t\t\t\t <div role=\"tabpanel\" class=\"tab-pane \" id=\"tabs_desc_9314_3\">\r\n\t\t\t\t\t\t\t\t<p style=\"text-align: center;\"><a href=\"https:\/\/i0.wp.com\/cebem.org\/wp-content\/uploads\/2020\/04\/logo-prodem.png?ssl=1\"><img data-recalc-dims=\"1\" loading=\"lazy\" decoding=\"async\" class=\"aligncenter wp-image-7050\" src=\"https:\/\/i0.wp.com\/cebem.org\/wp-content\/uploads\/2020\/04\/logo-prodem.png?resize=250%2C68&#038;ssl=1\" alt=\"\" width=\"250\" height=\"68\" srcset=\"https:\/\/i0.wp.com\/cebem.org\/wp-content\/uploads\/2020\/04\/logo-prodem.png?w=600&amp;ssl=1 600w, https:\/\/i0.wp.com\/cebem.org\/wp-content\/uploads\/2020\/04\/logo-prodem.png?resize=300%2C82&amp;ssl=1 300w\" sizes=\"(max-width: 250px) 100vw, 250px\" \/><\/a>\r\n<a href=\"https:\/\/i0.wp.com\/cebem.org\/wp-content\/uploads\/2020\/04\/logo-banco-fie.jpg?ssl=1\"><img data-recalc-dims=\"1\" loading=\"lazy\" decoding=\"async\" class=\"aligncenter wp-image-7045\" src=\"https:\/\/i0.wp.com\/cebem.org\/wp-content\/uploads\/2020\/04\/logo-banco-fie.jpg?resize=250%2C84&#038;ssl=1\" alt=\"\" width=\"250\" height=\"84\" srcset=\"https:\/\/i0.wp.com\/cebem.org\/wp-content\/uploads\/2020\/04\/logo-banco-fie.jpg?w=757&amp;ssl=1 757w, https:\/\/i0.wp.com\/cebem.org\/wp-content\/uploads\/2020\/04\/logo-banco-fie.jpg?resize=300%2C100&amp;ssl=1 300w, https:\/\/i0.wp.com\/cebem.org\/wp-content\/uploads\/2020\/04\/logo-banco-fie.jpg?resize=600%2C201&amp;ssl=1 600w, https:\/\/i0.wp.com\/cebem.org\/wp-content\/uploads\/2020\/04\/logo-banco-fie.jpg?resize=750%2C253&amp;ssl=1 750w\" sizes=\"(max-width: 250px) 100vw, 250px\" \/><\/a><\/p>\r\n<p style=\"text-align: center;\">(para el interior de Bolivia)<br>\r\n<strong>Destinatario:<\/strong> Cinda Beatriz Herrera Rodr\u00edguez<br>\r\n<strong> CI:<\/strong> 2234285 LP\u200b<\/p>\r\n<em>Posterior al pago enviar una foto de la constancia de transferencia al correo beatriz@cebem.org indicando su nombre y el nombre del curso al cual se ha inscrito.<\/em>\t\t\t\t\t\t <\/div>\r\n\t\t\t\t\t\t\t\t\t\t\t\t <div role=\"tabpanel\" class=\"tab-pane \" id=\"tabs_desc_9314_4\">\r\n\t\t\t\t\t\t\t\t<p style=\"text-align: center;\"><strong>De LUNES a VIERNES<\/strong><\/p>\r\n<p style=\"text-align: center;\"><strong>De 9 de la ma\u00f1ana hasta las 14:00 horas<\/strong><\/p>\r\n<p style=\"text-align: center;\">Calle Macario Pinilla # 2588 esq. Av. Arce, Edificio Arcadia, Mezzanine, Of. 101 - La Paz, Bolivia<\/p>\r\n<p style=\"text-align: center;\">Tel\u00e9fono: +591 2431818 - Celular: +591 73027636 - Casilla No 9205<\/p>\r\n<p style=\"text-align: center;\"><iframe src=\"https:\/\/www.google.com\/maps\/d\/embed?mid=1hgDK66fw1KbCWvksTp9idh6bQQU&hl=es\" width=\"640\" height=\"480\"><\/iframe><\/p>\t\t\t\t\t\t <\/div>\r\n\t\t\t\t\t\t\t\r\n\t\t\t\t\t <\/div>\r\n\t\t\t\t\t \r\n\t\t\t\t <\/div>\r\n <script>\r\n\t\tjQuery(function () {\r\n\t\t\tjQuery('#myTab_9314 a:first').tab('show')\r\n\t\t});\r\n\t\t\r\n\t\t\t\tjQuery(function(){\r\n\t\t\tvar b=\"fadeIn\";\r\n\t\t\tvar c;\r\n\t\t\tvar a;\r\n\t\t\td(jQuery(\"#myTab_9314 a\"),jQuery(\"#tab-content_9314\"));function d(e,f,g){\r\n\t\t\t\te.click(function(i){\r\n\t\t\t\t\ti.preventDefault();\r\n\t\t\t\t\tjQuery(this).tab(\"show\");\r\n\t\t\t\t\tvar h=jQuery(this).data(\"easein\");\r\n\t\t\t\t\tif(c){c.removeClass(a);}\r\n\t\t\t\t\tif(h){f.find(\"div.active\").addClass(\"animated \"+h);a=h;}\r\n\t\t\t\t\telse{if(g){f.find(\"div.active\").addClass(\"animated \"+g);a=g;}else{f.find(\"div.active\").addClass(\"animated \"+b);a=b;}}c=f.find(\"div.active\");\r\n\t\t\t\t});\r\n\t\t\t}\r\n\t\t});\r\n\t\t\r\n\r\n\t\tfunction do_resize(){\r\n\r\n\t\t\tvar width=jQuery( '.tab-content .tab-pane iframe' ).width();\r\n\t\t\tvar height=jQuery( '.tab-content .tab-pane iframe' ).height();\r\n\r\n\t\t\tvar toggleSize = true;\r\n\t\t\tjQuery('iframe').animate({\r\n\t\t\t    width: toggleSize ? width : 640,\r\n\t\t\t    height: toggleSize ? height : 360\r\n\t\t\t  }, 250);\r\n\r\n\t\t\t  toggleSize = !toggleSize;\r\n\t\t}\r\n\r\n\r\n\t<\/script>\r\n\t\t\t\t\r\n\t\t\t\n\n\n\n<h3 class=\"has-text-align-center wp-block-heading\" id=\"finaliza-el-curso-y-obten-tu-certificado\">\u00a1Finaliza el curso y obt\u00e9n tu CERTIFICADO!<br><img data-recalc-dims=\"1\" loading=\"lazy\" decoding=\"async\" src=\"https:\/\/i0.wp.com\/cebem.org\/wp-content\/uploads\/2020\/11\/ejemplo-certificado-2020.jpg?resize=455%2C321&#038;ssl=1\" alt=\"La imagen tiene un atributo ALT vac\u00edo; su nombre de archivo es ejemplo-certificado-2020.jpg\" width=\"455\" height=\"321\"><br><\/h3>\n\n\n\n<p>Se otorgar\u00e1 un&nbsp;<strong>CERTIFICADO<\/strong> <strong>DIGITAL<\/strong>&nbsp;al finalizar el curso y completando las actividades, esto lo recibir\u00e1 directamente a su correo electr\u00f3nico.<br><\/p>\n\n\n\n<h4 class=\"has-vivid-purple-color has-text-color wp-block-heading\" id=\"block-ae2b1ae1-1cfb-4c8f-834c-4a77fc8b1428\"><strong>\u00bfTIENES ALGUNA CONSULTA? ESCR\u00cdBENOS:<\/strong><\/h4>\n\n\n\n<div class=\"wp-block-columns is-layout-flex wp-container-core-columns-is-layout-9d6595d7 wp-block-columns-is-layout-flex\">\n<div class=\"wp-block-column is-layout-flow wp-block-column-is-layout-flow\">\n<div id=\"block-03a03a78-c7b6-4921-9eef-537a891cf30c\" class=\"wp-block-image\"><figure class=\"aligncenter is-resized\"><img data-recalc-dims=\"1\" loading=\"lazy\" decoding=\"async\" src=\"https:\/\/i0.wp.com\/cebem.org\/wp-content\/uploads\/2019\/07\/envelope-3152053_960_720.png?resize=71%2C54&#038;ssl=1\" alt=\"La imagen tiene un atributo ALT vac\u00edo; su nombre de archivo es envelope-3152053_960_720.png\" width=\"71\" height=\"54\"\/><\/figure><\/div>\n\n\n\n<p class=\"has-text-align-center\" id=\"block-ad3c28f6-942a-4847-9bc2-f1f8cb5f179f\"><a href=\"mailto:beatriz@cebem.org\"><strong>beatriz@cebem.org<\/strong><\/a><\/p>\n<\/div>\n\n\n\n<div class=\"wp-block-column is-layout-flow wp-block-column-is-layout-flow\">\n<div id=\"block-ab0ee5bb-071a-4e1f-aaf9-6b3653d31dc2\" class=\"wp-block-image\"><figure class=\"aligncenter is-resized\"><img data-recalc-dims=\"1\" loading=\"lazy\" decoding=\"async\" src=\"https:\/\/i0.wp.com\/cebem.org\/wp-content\/uploads\/2019\/07\/Whatsapp_icon-icons.png?resize=66%2C66&#038;ssl=1\" alt=\"La imagen tiene un atributo ALT vac\u00edo; su nombre de archivo es Whatsapp_icon-icons.png\" width=\"66\" height=\"66\"\/><\/figure><\/div>\n\n\n\n<p class=\"has-text-align-center\" id=\"block-f8faf0af-f3fd-4dee-84b3-68a6e9ba01c2\"><a href=\"https:\/\/api.whatsapp.com\/send?phone=59170522053&amp;text=Curso%20virtual:%20Actualizaci%C3%B3n%20profesional%20Formulaci%C3%B3n%20de%20Proyectos%20basada%20en%20resultados%20\" target=\"_blank\" rel=\"noreferrer noopener\"><strong>WhatsApp:<\/strong>&nbsp;+591 70522053<\/a><\/p>\n<\/div>\n<\/div>\n","protected":false},"excerpt":{"rendered":"<p><b>4, 5 y 6 de febrero de 2022.<\/b><br \/>\nLa formulaci\u00f3n de proyectos es el primer eslab\u00f3n para el planteamiento adecuado de un proyecto, y de \u00e9l dependen todas las dem\u00e1s fases de la gesti\u00f3n de proyectos, es decir, un buen planteamiento del proyecto garantizar\u00e1 una mejor implementaci\u00f3n, seguimiento y evaluaci\u00f3n del mismo.<\/p>\n","protected":false},"author":2,"featured_media":9311,"comment_status":"closed","ping_status":"closed","sticky":false,"template":"","format":"standard","meta":{"_jetpack_memberships_contains_paid_content":false,"footnotes":"","jetpack_publicize_message":"Curso virtual: Actualizaci\u00f3n profesional Formulaci\u00f3n de Proyectos basada en resultados\n\n10, 11 y 12 de diciembre de 2021.\nModalidad Sincr\u00f3nica v\u00eda ZOOM ","jetpack_publicize_feature_enabled":true,"jetpack_social_post_already_shared":true,"jetpack_social_options":{"image_generator_settings":{"template":"highway","default_image_id":0,"font":"","enabled":false},"version":2}},"categories":[4],"tags":[38,1391],"class_list":["post-9305","post","type-post","status-publish","format-standard","has-post-thumbnail","hentry","category-cursos-culminados-cebem","tag-curso","tag-zoom","nodate","item-wrap"],"jetpack_publicize_connections":[],"jetpack_featured_media_url":"https:\/\/i0.wp.com\/cebem.org\/wp-content\/uploads\/2021\/11\/Imagen-1-formulacion-de-proyectos-basada-en-resultados.jpg?fit=1500%2C844&ssl=1","jetpack_sharing_enabled":true,"_links":{"self":[{"href":"https:\/\/cebem.org\/index.php?rest_route=\/wp\/v2\/posts\/9305","targetHints":{"allow":["GET"]}}],"collection":[{"href":"https:\/\/cebem.org\/index.php?rest_route=\/wp\/v2\/posts"}],"about":[{"href":"https:\/\/cebem.org\/index.php?rest_route=\/wp\/v2\/types\/post"}],"author":[{"embeddable":true,"href":"https:\/\/cebem.org\/index.php?rest_route=\/wp\/v2\/users\/2"}],"replies":[{"embeddable":true,"href":"https:\/\/cebem.org\/index.php?rest_route=%2Fwp%2Fv2%2Fcomments&post=9305"}],"version-history":[{"count":14,"href":"https:\/\/cebem.org\/index.php?rest_route=\/wp\/v2\/posts\/9305\/revisions"}],"predecessor-version":[{"id":9601,"href":"https:\/\/cebem.org\/index.php?rest_route=\/wp\/v2\/posts\/9305\/revisions\/9601"}],"wp:featuredmedia":[{"embeddable":true,"href":"https:\/\/cebem.org\/index.php?rest_route=\/wp\/v2\/media\/9311"}],"wp:attachment":[{"href":"https:\/\/cebem.org\/index.php?rest_route=%2Fwp%2Fv2%2Fmedia&parent=9305"}],"wp:term":[{"taxonomy":"category","embeddable":true,"href":"https:\/\/cebem.org\/index.php?rest_route=%2Fwp%2Fv2%2Fcategories&post=9305"},{"taxonomy":"post_tag","embeddable":true,"href":"https:\/\/cebem.org\/index.php?rest_route=%2Fwp%2Fv2%2Ftags&post=9305"}],"curies":[{"name":"wp","href":"https:\/\/api.w.org\/{rel}","templated":true}]}}