
{"id":9299,"date":"2022-03-03T19:00:00","date_gmt":"2022-03-03T23:00:00","guid":{"rendered":"https:\/\/cebem.org\/?p=9299"},"modified":"2022-04-12T11:51:55","modified_gmt":"2022-04-12T15:51:55","slug":"curso-virtual-impacto-ambiental-de-parques-solares-2","status":"publish","type":"post","link":"https:\/\/cebem.org\/?p=9299","title":{"rendered":"Curso virtual: Cooperaci\u00f3n Internacional y Proyectos Ambientales"},"content":{"rendered":"\n<p class=\"has-text-align-center\"><strong>NUEVA FECHA DE INICIO, 21 DE MARZO DE 2022<\/strong><\/p>\n\n\n\n<p class=\"has-text-align-center\"><strong>Modalidad: <\/strong>asincr\u00f3nica y sincr\u00f3nica v\u00eda Zoom<\/p>\n\n\n\n<div class=\"wp-block-image\"><figure class=\"aligncenter size-large is-resized\"><img data-recalc-dims=\"1\" fetchpriority=\"high\" decoding=\"async\" src=\"https:\/\/i0.wp.com\/cebem.org\/wp-content\/uploads\/2022\/03\/curso-cooperacion-internacional-2022-nueva-fecha.jpg?resize=512%2C512&#038;ssl=1\" alt=\"\" class=\"wp-image-9732\" width=\"512\" height=\"512\" srcset=\"https:\/\/i0.wp.com\/cebem.org\/wp-content\/uploads\/2022\/03\/curso-cooperacion-internacional-2022-nueva-fecha.jpg?resize=1024%2C1024&amp;ssl=1 1024w, https:\/\/i0.wp.com\/cebem.org\/wp-content\/uploads\/2022\/03\/curso-cooperacion-internacional-2022-nueva-fecha.jpg?resize=300%2C300&amp;ssl=1 300w, https:\/\/i0.wp.com\/cebem.org\/wp-content\/uploads\/2022\/03\/curso-cooperacion-internacional-2022-nueva-fecha.jpg?resize=150%2C150&amp;ssl=1 150w, https:\/\/i0.wp.com\/cebem.org\/wp-content\/uploads\/2022\/03\/curso-cooperacion-internacional-2022-nueva-fecha.jpg?resize=768%2C768&amp;ssl=1 768w, https:\/\/i0.wp.com\/cebem.org\/wp-content\/uploads\/2022\/03\/curso-cooperacion-internacional-2022-nueva-fecha.jpg?resize=600%2C600&amp;ssl=1 600w, https:\/\/i0.wp.com\/cebem.org\/wp-content\/uploads\/2022\/03\/curso-cooperacion-internacional-2022-nueva-fecha.jpg?resize=750%2C750&amp;ssl=1 750w, https:\/\/i0.wp.com\/cebem.org\/wp-content\/uploads\/2022\/03\/curso-cooperacion-internacional-2022-nueva-fecha.jpg?w=1280&amp;ssl=1 1280w\" sizes=\"(max-width: 512px) 100vw, 512px\" \/><\/figure><\/div>\n\n\n\n<p class=\"has-text-align-center\"><strong>Duraci\u00f3n del curso: <\/strong>del 21 de marzo&nbsp;al 1 de mayo<\/p>\n\n\n\n<p class=\"has-text-align-center\"><strong>Cantidad de horas<\/strong>: 40 horas<\/p>\n\n\n\n<p class=\"has-vivid-purple-color has-text-color\"><strong>INTRODUCCI\u00d3N<\/strong><\/p>\n\n\n\n<p>El tema ambiental y sus problem\u00e1ticas se han manifestado desde sus or\u00edgenes en el orden internacional. En los \u00faltimos 10 a\u00f1os han ido ganando prioridad en la Agenda internacional a partir de lo planteado por la Agenda de los ODS, que termina visibilizando y ordenando los grandes temas a nivel global y hacia adentro en las agendas nacionales y locales. Esa priorizaci\u00f3n debe ir acompa\u00f1ada de recursos.<\/p>\n\n\n\n<p>Los t\u00e9cnicos y profesionales, as\u00ed como los miembros de ONGS en este contexto tan din\u00e1mico, requieren conocer los elementos b\u00e1sicos, adquirir capacidades para gestionar diversos recursos y comprender por donde avanza la cooperaci\u00f3n internacional para vincular su tarea y sus iniciativas a \u00e9stas l\u00edneas y poder acceder as\u00ed a beneficios para sus proyectos as\u00ed como la integraci\u00f3n y conformaci\u00f3n de redes para el trabajo sin\u00e9rgico.&nbsp;<\/p>\n\n\n\n<p>El curso plantea avanzar sobre los conceptos b\u00e1sicos de la cooperaci\u00f3n internacional, las fuentes de financiaci\u00f3n y los actores relevantes (generales de la cooperaci\u00f3n y propios de la tem\u00e1tica ambiental). Avanza, sobre el contexto de los problemas ambientales en el marco de la cooperaci\u00f3n&nbsp; as\u00ed como los elementos b\u00e1sicos que deben reunir los proyectos para su participaci\u00f3n y acceso a las distintas oportunidades existentes ligadas a fortalecer acciones dirigidas a enfrentar la emergencia clim\u00e1tica hoy.<\/p>\n\n\n\n<p class=\"has-vivid-purple-color has-text-color\"><strong>OBJETIVOS<\/strong><\/p>\n\n\n\n<p class=\"has-vivid-purple-color has-text-color\"><strong>OBJETIVO GENERAL<\/strong><\/p>\n\n\n\n<p>Mejorar el conocimiento, las habilidades y destrezas para identificar, planificar y gestionar programas,  proyectos y recursos de la cooperaci\u00f3n internacional a fin de promover el desarrollo sostenible y enfrentar los actuales desaf\u00edos sociales y ambientales territoriales.<\/p>\n\n\n\n<p class=\"has-vivid-purple-color has-text-color\"><strong>OBJETIVOS ESPEC\u00cdFICOS<\/strong><\/p>\n\n\n\n<ul class=\"wp-block-list\"><li>Comprender c\u00f3mo funciona el escenario de la cooperaci\u00f3n internacional&nbsp;<\/li><li>Establecer la relaci\u00f3n entre los proyectos ambientales y la cooperaci\u00f3n internacional<\/li><li>Identificar las coordenadas de la Agenda 2030<\/li><li>Conocer la Metodolog\u00eda del Marco L\u00f3gico (MML)&nbsp; como herramienta de planificaci\u00f3n de proyectos de cooperaci\u00f3n<\/li><li>Mejorar las capacidades en el dise\u00f1o t\u00e9cnico de proyectos de cooperaci\u00f3n bajo la Metodolog\u00eda de Marco L\u00f3gico (MML).<\/li><li>Conocer el rol de la comunicaci\u00f3n en los proyectos de desarrollo<\/li><li>Orientar el dise\u00f1o de mecanismos para identificar y gestionar fuentes de recursos de cooperaci\u00f3n internacional<\/li><\/ul>\n\n\n\n<p class=\"has-vivid-purple-color has-text-color\" id=\"contenido\"><strong>CONTENIDOS M\u00cdNIMOS<\/strong><\/p>\n\n\n\n<p class=\"has-vivid-purple-color has-text-color\"><strong>M\u00f3dulo I: EL ESCENARIO DE LA COOPERACI\u00d3N INTERNACIONAL<\/strong><\/p>\n\n\n\n<ul class=\"wp-block-list\"><li>El Sistema Internacional de la Ayuda Oficial al Desarrollo y la Cooperaci\u00f3n al Desarrollo<\/li><li>Actores de la Cooperaci\u00f3n al Desarrollo<\/li><li>Modalidades de ayuda (tipos)<\/li><li>Instrumentos de cooperaci\u00f3n (Programas, proyectos, tipos de cooperaci\u00f3n)<\/li><\/ul>\n\n\n\n<p class=\"has-vivid-purple-color has-text-color\"><strong>M\u00f3dulo II: La dimensi\u00f3n Ambiental y la Cooperaci\u00f3n Internacional.&nbsp;<\/strong><\/p>\n\n\n\n<ul class=\"wp-block-list\"><li>Elementos b\u00e1sicos del marco conceptual de la cuesti\u00f3n ambiental.&nbsp; El desarrollo sostenible y el desarrollo sustentable<\/li><li>La problem\u00e1tica ambiental en el contexto internacional. Antecedentes. La agenda que marca el Cambio Clim\u00e1tico<\/li><li>El marco de la Agenda 2030 (Los objetivos del Desarrollo Sostenible de la ONU)&nbsp;<\/li><li>Las pol\u00edticas ambientales y los proyectos ambientales<\/li><\/ul>\n\n\n\n<p class=\"has-vivid-purple-color has-text-color\"><strong>M\u00f3dulo III y IV: LOS PROYECTOS COMO HERRAMIENTA DE PLANIFICACI\u00d3N&nbsp; Y GESTI\u00d3N DEL DESARROLLO SOSTENIBLE: Los proyectos de cooperaci\u00f3n internacional<\/strong><\/p>\n\n\n\n<ul class=\"wp-block-list\"><li>Enfoque de Marco L\u00f3gico EML: la Metodolog\u00eda del Marco L\u00f3gico. Fases de Identificaci\u00f3n y Dise\u00f1o<\/li><li>La Estructura Anal\u00edtica del Proyecto (EAP)<\/li><li>La construcci\u00f3n de la Matriz de Marco l\u00f3gico- MML- o de Planificaci\u00f3n del Proyecto \u2013MPP-<\/li><\/ul>\n\n\n\n<ul class=\"wp-block-list\"><li>La integraci\u00f3n de la dimensi\u00f3n ambiental y los servicios ecosist\u00e9micos en la planificaci\u00f3n de los proyectos: orientaciones generales<\/li><\/ul>\n\n\n\n<p class=\"has-vivid-purple-color has-text-color\"><strong>M\u00f3dulo V- COMUNICACI\u00d3N Y APROPIACI\u00d3N SOCIAL DE LOS PROYECTOS<\/strong><\/p>\n\n\n\n<ul class=\"wp-block-list\"><li>La comunicaci\u00f3n como herramienta de gesti\u00f3n para la acci\u00f3n internacional.&nbsp; La comunicaci\u00f3n gerencial&nbsp;<\/li><li>Estrategias de Comunicaci\u00f3n para la sostenibilidad de los proyectos. La comunicaci\u00f3n comunitaria.&nbsp;<\/li><li>La comunicaci\u00f3n como clave para la b\u00fasqueda de aliados, asociaciones para la cooperaci\u00f3n internacional hacia el relacionamiento y las alianzas estrat\u00e9gicas<\/li><\/ul>\n\n\n\n<p class=\"has-vivid-purple-color has-text-color\"><strong>M\u00f3dulo VI-LA GESTI\u00d3N DE RECURSOS DE COFINANCIACI\u00d3N<\/strong><\/p>\n\n\n\n<ul class=\"wp-block-list\"><li>Recursos de la cooperaci\u00f3n internacional: Mecanismos para una gesti\u00f3n efectiva. Mapeo de aliados. Mapeo de fondos.<\/li><li>Fuentes alternativas de cofinanciaci\u00f3n:&nbsp; Tipolog\u00eda de instrumentos de pol\u00edtica&nbsp; econ\u00f3mica ambiental que gravitan alrededor de los proyectos ambientales.&nbsp;<\/li><\/ul>\n\n\n\n<p class=\"has-vivid-purple-color has-text-color\"><strong>REQUISITOS<\/strong><\/p>\n\n\n\n<ul class=\"wp-block-list\"><li>Acceso a internet<\/li><li>Computadora de preferencia o tel\u00e9fono inteligente.<\/li><li>Disponibilidad de tiempo para llevar el curso&nbsp;<\/li><li>Disciplina en las lecturas<\/li><li>Entrega de actividades individuales y\/o grupales<\/li><\/ul>\n\n\n\n<p class=\"has-vivid-purple-color has-text-color\"><strong>METODOLOG\u00cdA<\/strong><\/p>\n\n\n\n<p>El Curso emplea principalmente:<\/p>\n\n\n\n<ul class=\"wp-block-list\"><li><strong>Foros tem\u00e1ticos<\/strong>, los cuales ser\u00e1n habilitados para otorgar al estudiante un espacio virtual de discusi\u00f3n y opini\u00f3n cr\u00edtica, cuya moderaci\u00f3n estar\u00e1 a cargo del docente del curso<\/li><li><strong>El curso desarrolla un caso pr\u00e1ctico b\u00e1sico<\/strong> como t\u00e9cnica did\u00e1ctica&nbsp; paralela al avance de los contenidos metodol\u00f3gicos vinculados a la formulaci\u00f3n de proyectos ( Marco L\u00f3gico)&nbsp;<\/li><li><strong>Actividades evaluativas<\/strong> en las cuales se revisar\u00e1 el grado de conocimiento y comprensi\u00f3n de los principales conceptos y asuntos discutidos en el curso.<\/li><li>Se realizar\u00e1 un <strong>ejercicio grupal<\/strong>, con un caso tipo b\u00e1sico,&nbsp; para afianzar el aprendizaje de la metodolog\u00eda tratada.&nbsp;<\/li><\/ul>\n\n\n\n<p class=\"has-vivid-purple-color has-text-color\"><strong>MODALIDAD<\/strong><\/p>\n\n\n\n<p>El curso se realiza 100 % virtual combinando la modalidad asincr\u00f3nica y sincr\u00f3nica. Esta \u00faltima  implica el desarrollo de encuentros sincr\u00f3nicos fijados por por cronograma <strong>solo para tres m\u00f3dulos <\/strong> que se dictar\u00e1n los d\u00edas mi\u00e9rcoles de 19 a 22 hs Bolivia (M\u00f3dulo 3, 4 y 5). Esas clases quedar\u00e1n grabadas y subidas al webcampus. <\/p>\n\n\n\n<p class=\"has-vivid-purple-color has-text-color\"><strong>DESTINATARIOS<\/strong><\/p>\n\n\n\n<p>El curso est\u00e1 dirigido a gestores y t\u00e9cnicos del orden p\u00fablico y privado, asociados a los temas de gesti\u00f3n ambiental, as\u00ed como  a miembros de organizaciones no gubernamentales, cuyo marco de trabajo est\u00e9 vinculado a la dimensi\u00f3n ambiental e interesados en la acci\u00f3n internacional de sus entidades,&nbsp; programas y proyectos.&nbsp;<\/p>\n\n\n\n<p class=\"has-vivid-purple-color has-text-color\"><strong>DOCENTES Y TUTORES<\/strong><\/p>\n\n\n\n<div class=\"wp-block-media-text is-stacked-on-mobile is-vertically-aligned-top\" style=\"grid-template-columns:20% auto\"><figure class=\"wp-block-media-text__media\"><img data-recalc-dims=\"1\" decoding=\"async\" width=\"512\" height=\"771\" src=\"https:\/\/i0.wp.com\/cebem.org\/wp-content\/uploads\/2022\/02\/rosa-maria.jpg?resize=512%2C771&#038;ssl=1\" alt=\"\" class=\"wp-image-9589 size-full\" srcset=\"https:\/\/i0.wp.com\/cebem.org\/wp-content\/uploads\/2022\/02\/rosa-maria.jpg?w=512&amp;ssl=1 512w, https:\/\/i0.wp.com\/cebem.org\/wp-content\/uploads\/2022\/02\/rosa-maria.jpg?resize=199%2C300&amp;ssl=1 199w\" sizes=\"(max-width: 512px) 100vw, 512px\" \/><\/figure><div class=\"wp-block-media-text__content\">\n<p><strong>Rosa Mar\u00eda G\u00f3mez Zuluaga<\/strong> (Colombia)<\/p>\n\n\n\n<p>Magister en Ciencias Sociales y Humanidades de la Universidad Nacional de Quilmes- Argentina-, Especialista en Estudios Internacionales -Universidad de Antioquia-, Especialista en Cooperaci\u00f3n, Financiaci\u00f3n y Acci\u00f3n Exterior de los Gobiernos Locales &#8211; Uni\u00f3n Iberoamericana de Municipalistas (UIM) y Centro Iberoamericano de Gobernabilidad, Administraci\u00f3n y Pol\u00edticas P\u00fablicas (CIGOB)-; Experta en Evaluaci\u00f3n de Pol\u00edticas P\u00fablicas Universidad de Sevilla. Experta en Cooperaci\u00f3n Internacional con estudios en Bolivia, Argentina, M\u00e9xico y Colombia.<\/p>\n\n\n\n<p>Tutora virtual en el Curso internacional de Planificaci\u00f3n, Seguimiento y Evaluaci\u00f3n de Proyectos y Programas de Desarrollo ofrecido por el Instituto Latinoamericano y del Caribe de Planificaci\u00f3n Econ\u00f3mica y Social, ILPES (CEPAL).<\/p>\n\n\n\n<p>Docente de c\u00e1tedra, asesora y consultora en asuntos de planificaci\u00f3n, cooperaci\u00f3n y relaciones internacionales en entidades p\u00fablicas, privadas, sociales y universitarias. Directora de la Plataforma Pueblos en Red para la internacionalizaci\u00f3n y el desarrollo local (www.pueblosenred.org).&nbsp;<\/p>\n<\/div><\/div>\n\n\n\n<div class=\"wp-block-media-text is-stacked-on-mobile is-vertically-aligned-top\" style=\"grid-template-columns:20% auto\"><figure class=\"wp-block-media-text__media\"><img data-recalc-dims=\"1\" decoding=\"async\" width=\"150\" height=\"150\" src=\"https:\/\/i0.wp.com\/cebem.org\/wp-content\/uploads\/2021\/01\/lorena-coria.jpg?resize=150%2C150&#038;ssl=1\" alt=\"\" class=\"wp-image-8194 size-full\"\/><\/figure><div class=\"wp-block-media-text__content\">\n<p><strong>Lorena G. Coria<\/strong> (Argentina)<\/p>\n\n\n\n<p>Lic. en Informaci\u00f3n Ambiental (Ulu)- Esp. en Educaci\u00f3n en Ambiente para el desarrollo sustentable (UNCo). Esp. En Evaluaci\u00f3n de Impacto Ambiental (Universidad Polit\u00e9cnica de Catalu\u00f1a) y Esp. En Educaci\u00f3n Abierta en entornos virtuales. Mg. en Desarrollo Local \u00abEstrategias Ambientales y Territoriales\u00bb (UNIA Espa\u00f1a).<\/p>\n\n\n\n<p>Promotora Objetivos de Desarrollo Sostenible. Docente universitaria de grado y posgrado.&nbsp;<\/p>\n\n\n\n<p>Tutora y Dise\u00f1adora en materia de educaci\u00f3n a distancia. Consultora en \u00e1mbitos p\u00fablicos y privados en temas de Gesti\u00f3n Ambiental, Educaci\u00f3n Ambiental y Pol\u00edticas Ambientales. Asesora de Organizaciones no gubernamentales.&nbsp;<\/p>\n\n\n\n<p>Integrante de la Comisi\u00f3n de Educaci\u00f3n y Comunicaci\u00f3n de la UICN y de la Comisi\u00f3n de Pol\u00edtica Ambiental de UICN. Red Internacional de Promotores ODS. Coordinadora de 3 libros, autora de 10 cap\u00edtulos de libros, expositora en 25 congresos y autora de diversos art\u00edculos para revistas peri\u00f3dicas y no peri\u00f3dicas. Ex coordinadora de la Revista DELOS \u00abDesarrollo Local Sostenible\u00bb del grupo Eumed de la Universidad de M\u00e1laga. Investigadora en Observatorio Ambiental sobre Educaci\u00f3n y Pol\u00edticas Ambientales del CEBEM-REDESMA.&nbsp;<\/p>\n<\/div><\/div>\n\n\n\n<p class=\"has-vivid-purple-color has-text-color\" id=\"inversion\"><strong>INVERSI\u00d3N&nbsp;<\/strong><\/p>\n\n\n\n<p>La <strong>inversi\u00f3n<\/strong> para este curso es de Bs. 840 (bolivianos) y para inscripciones desde fuera de Bolivia $us 120 (d\u00f3lares).<\/p>\n\n\n\t\t\t\t\t\t<style>\r\n\t\t\t\t\r\n\t\t\t\t\t#tab_container_9591 {\r\n\toverflow:hidden;\r\n\tdisplay:block;\r\n\twidth:100%;\r\n\tborder:0px solid #ddd;\r\n\tmargin-bottom:30px;\r\n\t}\r\n\r\n#tab_container_9591 .tab-content{\r\n\tpadding:20px;\r\n\tborder: 1px solid #e6e6e6 !important;\r\n\tmargin-top: 0px;\r\n\tbackground-color:#ffffff !important;\r\n\tcolor: #000000 !important;\r\n\tfont-size:15px !important;\r\n\tfont-family: Arial !important;\r\n\t\r\n\t\tborder: 1px solid #e6e6e6 !important;\r\n\t}\r\n#tab_container_9591 .wpsm_nav-tabs {\r\n    border-bottom: 0px solid #ddd;\r\n}\r\n#tab_container_9591 .wpsm_nav-tabs > li.active > a, #tab_container_9591 .wpsm_nav-tabs > li.active > a:hover, #tab_container_9591 .wpsm_nav-tabs > li.active > a:focus {\r\n\tcolor: #000000 !important;\r\n\tcursor: default;\r\n\tbackground-color: #ffffff !important;\r\n\tborder: 1px solid #e6e6e6 !important;\r\n}\r\n\r\n#tab_container_9591 .wpsm_nav-tabs > li > a {\r\n    margin-right: 0px !important; \r\n    line-height: 1.42857143 !important;\r\n    border: 1px solid #0080d0 !important;\r\n    border-radius: 0px 0px 0 0 !important; \r\n\tbackground-color: #0693e3 !important;\r\n\tcolor: #ffffff !important;\r\n\tpadding: 15px 18px 15px 18px !important;\r\n\ttext-decoration: none !important;\r\n\tfont-size: 14px !important;\r\n\ttext-align:center !important;\r\n\tfont-family: Arial !important;\r\n}\r\n#tab_container_9591 .wpsm_nav-tabs > li > a:focus {\r\noutline: 0px !important;\r\n}\r\n\r\n#tab_container_9591 .wpsm_nav-tabs > li > a:before {\r\n\tdisplay:none !important;\r\n}\r\n#tab_container_9591 .wpsm_nav-tabs > li > a:after {\r\n\tdisplay:none !important ;\r\n}\r\n#tab_container_9591 .wpsm_nav-tabs > li{\r\npadding:0px !important ;\r\nmargin:0px;\r\n}\r\n\r\n#tab_container_9591 .wpsm_nav-tabs > li > a:hover , #tab_container_9591 .wpsm_nav-tabs > li > a:focus {\r\n    color: #ffffff !important;\r\n    background-color: #0693e3 !important;\r\n\tborder: 1px solid #0080d0 !important;\r\n\t\r\n}\r\n#tab_container_9591 .wpsm_nav-tabs > li > a .fa{\r\n\r\nmargin-right:5px !important;\r\n\r\nmargin-left:5px !important;\r\n\r\n\r\n}\r\n\r\n\t\t#tab_container_9591 .wpsm_nav-tabs a{\r\n\t\t\tbackground-image: none;\r\n\t\t\tbackground-position: 0 0;\r\n\t\t\tbackground-repeat: repeat-x;\r\n\t\t}\r\n\t\t\t\r\n\r\n\r\n#tab_container_9591 .wpsm_nav-tabs > li {\r\n    float: left;\r\n    margin-bottom: -1px !important;\r\n\tmargin-right:0px !important; \r\n}\r\n\r\n\r\n#tab_container_9591 .tab-content{\r\noverflow:hidden !important;\r\n}\r\n\r\n\r\n@media (min-width: 769px) {\r\n\r\n\t#tab_container_9591 .wpsm_nav-tabs > li{\r\n\t\tfloat:left !important ;\r\n\t\t\t\tmargin-right:-1px !important;\r\n\t\t\t\t\t}\r\n\t#tab_container_9591 .wpsm_nav-tabs{\r\n\t\tfloat:none !important;\r\n\t\tmargin:0px !important;\r\n\t}\r\n\r\n\t#tab_container_9591 .wpsm_nav-tabs > li {\r\n\t\t\t\t\r\n\t}\r\n\t#tab_container_9591 .wpsm_nav{\r\n\t\t\t}\r\n\r\n}\r\n\r\n\r\n\r\n@media (max-width: 768px) {\r\n\t#tab_container_9591 .wpsm_nav-tabs > li {\r\n\t\t\t\t\r\n\t}\r\n\t#tab_container_9591 .wpsm_nav{\r\n\t\t\t}\r\n}\r\n\r\n\r\n\t.wpsm_nav-tabs li:before{\r\n\t\tdisplay:none !important;\r\n\t}\r\n\r\n\t@media (max-width: 768px) {\r\n\t\t\t\t\r\n\t\t\t\t.wpsm_nav-tabs{\r\n\t\t\tmargin-left:0px !important;\r\n\t\t\tmargin-right:0px !important; \r\n\t\t\t\r\n\t\t}\r\n\t\t\t\t#tab_container_9591 .wpsm_nav-tabs > li{\r\n\t\t\tfloat:none !important;\r\n\t\t}\r\n\t\t\t\r\n\t}\t\t\t\t<\/style>\r\n\t\t\t\t<div id=\"tab_container_9591\" >\r\n\t \r\n\t\t\t\t\t<ul class=\"wpsm_nav wpsm_nav-tabs\" role=\"tablist\" id=\"myTab_9591\">\r\n\t\t\t\t\t\t\t\r\n\t\t\t\t\t\t\t<li role=\"presentation\"  class=\"active\"  onclick=\"do_resize()\">\r\n\t\t\t\t\t\t\t\t<a href=\"#tabs_desc_9591_1\" aria-controls=\"tabs_desc_9591_1\" role=\"tab\" data-toggle=\"tab\">\r\n\t\t\t\t\t\t\t\t\t\r\n\t\t\t\t\t\t\t\t\t\t\t\t\t\t\t\t\t\t\t\t\t\t\t\t\t\t\t\t\t\t\t\t\t\t\t\t\t\t\t\t\t\t\t\t\t\t\t\t\t\r\n\t\t\t\t\t\t\t\t\t\t\t\t\t\t\t\t\t\t\r\n\t\t\t\t\t\t\t\t\t<span>PAGA CON TARJETA D\u00c9BITO\/CR\u00c9DITO<\/span>\r\n\t\t\t\t\t\t\t\t\t\r\n\t\t\t\t\t\t\t\t\t\t\t\t\t\t\t\t\t\t\r\n\t\t\t\t\t\t\t\t\t\t\t\t\t\t\t\t\t\t\t\t\r\n\t\t\t\t\t\t\t\t\t\r\n\t\t\t\t\t\t\t\t<\/a>\r\n\t\t\t\t\t\t\t<\/li>\r\n\t\t\t\t\t\t\t\r\n\t\t\t\t\t\t\t<li role=\"presentation\"  onclick=\"do_resize()\">\r\n\t\t\t\t\t\t\t\t<a href=\"#tabs_desc_9591_2\" aria-controls=\"tabs_desc_9591_2\" role=\"tab\" data-toggle=\"tab\">\r\n\t\t\t\t\t\t\t\t\t\r\n\t\t\t\t\t\t\t\t\t\t\t\t\t\t\t\t\t\t\t\t\t\t\t\t\t\t\t\t\t\t\t\t\t\t\t\t\t\t\t\t\t\t\t\t\t\t\t\t\t\r\n\t\t\t\t\t\t\t\t\t\t\t\t\t\t\t\t\t\t\r\n\t\t\t\t\t\t\t\t\t<span>DEP\u00d3SITO BANCARIO<\/span>\r\n\t\t\t\t\t\t\t\t\t\r\n\t\t\t\t\t\t\t\t\t\t\t\t\t\t\t\t\t\t\r\n\t\t\t\t\t\t\t\t\t\t\t\t\t\t\t\t\t\t\t\t\r\n\t\t\t\t\t\t\t\t\t\r\n\t\t\t\t\t\t\t\t<\/a>\r\n\t\t\t\t\t\t\t<\/li>\r\n\t\t\t\t\t\t\t\r\n\t\t\t\t\t\t\t<li role=\"presentation\"  onclick=\"do_resize()\">\r\n\t\t\t\t\t\t\t\t<a href=\"#tabs_desc_9591_3\" aria-controls=\"tabs_desc_9591_3\" role=\"tab\" data-toggle=\"tab\">\r\n\t\t\t\t\t\t\t\t\t\r\n\t\t\t\t\t\t\t\t\t\t\t\t\t\t\t\t\t\t\t\t\t\t\t\t\t\t\t\t\t\t\t\t\t\t\t\t\t\t\t\t\t\t\t\t\t\t\t\t\t\r\n\t\t\t\t\t\t\t\t\t\t\t\t\t\t\t\t\t\t\r\n\t\t\t\t\t\t\t\t\t<span>PRODEM o FIE<\/span>\r\n\t\t\t\t\t\t\t\t\t\r\n\t\t\t\t\t\t\t\t\t\t\t\t\t\t\t\t\t\t\r\n\t\t\t\t\t\t\t\t\t\t\t\t\t\t\t\t\t\t\t\t\r\n\t\t\t\t\t\t\t\t\t\r\n\t\t\t\t\t\t\t\t<\/a>\r\n\t\t\t\t\t\t\t<\/li>\r\n\t\t\t\t\t\t\t\r\n\t\t\t\t\t\t\t<li role=\"presentation\"  onclick=\"do_resize()\">\r\n\t\t\t\t\t\t\t\t<a href=\"#tabs_desc_9591_4\" aria-controls=\"tabs_desc_9591_4\" role=\"tab\" data-toggle=\"tab\">\r\n\t\t\t\t\t\t\t\t\t\r\n\t\t\t\t\t\t\t\t\t\t\t\t\t\t\t\t\t\t\t\t\t\t\t\t\t\t\t\t\t\t\t\t\t\t\t\t\t\t\t\t\t\t\t\t\t\t\t\t\t\r\n\t\t\t\t\t\t\t\t\t\t\t\t\t\t\t\t\t\t\r\n\t\t\t\t\t\t\t\t\t<span>EFECTIVO<\/span>\r\n\t\t\t\t\t\t\t\t\t\r\n\t\t\t\t\t\t\t\t\t\t\t\t\t\t\t\t\t\t\r\n\t\t\t\t\t\t\t\t\t\t\t\t\t\t\t\t\t\t\t\t\r\n\t\t\t\t\t\t\t\t\t\r\n\t\t\t\t\t\t\t\t<\/a>\r\n\t\t\t\t\t\t\t<\/li>\r\n\t\t\t\t\t\t\t\t\t\t\t <\/ul>\r\n\r\n\t\t\t\t\t  <!-- Tab panes -->\r\n\t\t\t\t\t  <div class=\"tab-content\" id=\"tab-content_9591\">\r\n\t\t\t\t\t\t\t\t\t\t\t\t <div role=\"tabpanel\" class=\"tab-pane  in active \" id=\"tabs_desc_9591_1\">\r\n\t\t\t\t\t\t\t\t<p style=\"text-align: center;\" align=\"center\">Realice su inversi\u00f3n de manera segura mediante nuestra pasarela de pago con su tarjeta de d\u00e9bito o cr\u00e9dito<\/p>\r\n<p align=\"center\"><a href=\"https:\/\/i0.wp.com\/cebem.org\/wp-content\/uploads\/2021\/09\/logo-visa-mastercard.png?ssl=1\"><img data-recalc-dims=\"1\" loading=\"lazy\" decoding=\"async\" class=\"size-full wp-image-8995 aligncenter\" src=\"https:\/\/i0.wp.com\/cebem.org\/wp-content\/uploads\/2021\/09\/logo-visa-mastercard.png?resize=300%2C110&#038;ssl=1\" alt=\"\" width=\"300\" height=\"110\" \/><\/a><\/p>\r\n\r\n<div class=\"has-text-align-center\">\r\n<div class=\"wp-block-button\" style=\"text-align: center;\"><a class=\"wp-block-button__link\" href=\"https:\/\/links.libelula.bo\/Pay\/a6b37586-2f5b-4205-a805-0fc76cb9961f\" target=\"_blank\" rel=\"noreferrer noopener\">PAGAR AQU\u00cd en bolivianos\r\n840 Bs<\/a><\/div>\r\n<div class=\"wp-block-button\" style=\"text-align: center;\"><a class=\"wp-block-button__link\" href=\"https:\/\/links.libelula.bo\/Pay\/fabd8502-bd4a-4832-9e81-f551684e493f\" target=\"_blank\" rel=\"noreferrer noopener\">PAGAR AQU\u00cd en dolares\r\n120 $us<\/a><\/div>\r\n<\/div>\t\t\t\t\t\t <\/div>\r\n\t\t\t\t\t\t\t\t\t\t\t\t <div role=\"tabpanel\" class=\"tab-pane \" id=\"tabs_desc_9591_2\">\r\n\t\t\t\t\t\t\t\t<p style=\"text-align: center;\"><img data-recalc-dims=\"1\" loading=\"lazy\" decoding=\"async\" class=\"aligncenter wp-image-7043\" src=\"https:\/\/i0.wp.com\/cebem.org\/wp-content\/uploads\/2020\/04\/Logo_Banco_BISA.png?resize=250%2C75&#038;ssl=1\" alt=\"\" width=\"250\" height=\"75\" srcset=\"https:\/\/i0.wp.com\/cebem.org\/wp-content\/uploads\/2020\/04\/Logo_Banco_BISA.png?w=600&amp;ssl=1 600w, https:\/\/i0.wp.com\/cebem.org\/wp-content\/uploads\/2020\/04\/Logo_Banco_BISA.png?resize=300%2C90&amp;ssl=1 300w\" sizes=\"(max-width: 250px) 100vw, 250px\" \/><\/p>\r\n<p style=\"text-align: center;\"><strong>En bolivianos - BS<br>\r\n<\/strong>Cuenta corriente: 130861-001-9<br>\r\nTitular de la cuenta: Cebem\u200b<br>\r\nNIT: 1006059021<\/p>\r\n<p style=\"text-align: center;\"><strong>En d\u00f3lares - U$<br>\r\n<\/strong>Cuenta corriente: 130861-206-2<br>\r\nTitular de la cuenta: Cebem\u200b<br>\r\nNIT: 1006059021<\/p>\r\n<em>Posterior al pago enviar una foto de la constancia de transferencia al correo beatriz@cebem.org indicando su nombre y el nombre del curso al cual se ha inscrito.<\/em>\t\t\t\t\t\t <\/div>\r\n\t\t\t\t\t\t\t\t\t\t\t\t <div role=\"tabpanel\" class=\"tab-pane \" id=\"tabs_desc_9591_3\">\r\n\t\t\t\t\t\t\t\t<p style=\"text-align: center;\"><a href=\"https:\/\/i0.wp.com\/cebem.org\/wp-content\/uploads\/2020\/04\/logo-prodem.png?ssl=1\"><img data-recalc-dims=\"1\" loading=\"lazy\" decoding=\"async\" class=\"aligncenter wp-image-7050\" src=\"https:\/\/i0.wp.com\/cebem.org\/wp-content\/uploads\/2020\/04\/logo-prodem.png?resize=250%2C68&#038;ssl=1\" alt=\"\" width=\"250\" height=\"68\" srcset=\"https:\/\/i0.wp.com\/cebem.org\/wp-content\/uploads\/2020\/04\/logo-prodem.png?w=600&amp;ssl=1 600w, https:\/\/i0.wp.com\/cebem.org\/wp-content\/uploads\/2020\/04\/logo-prodem.png?resize=300%2C82&amp;ssl=1 300w\" sizes=\"(max-width: 250px) 100vw, 250px\" \/><\/a>\r\n<a href=\"https:\/\/i0.wp.com\/cebem.org\/wp-content\/uploads\/2020\/04\/logo-banco-fie.jpg?ssl=1\"><img data-recalc-dims=\"1\" loading=\"lazy\" decoding=\"async\" class=\"aligncenter wp-image-7045\" src=\"https:\/\/i0.wp.com\/cebem.org\/wp-content\/uploads\/2020\/04\/logo-banco-fie.jpg?resize=250%2C84&#038;ssl=1\" alt=\"\" width=\"250\" height=\"84\" srcset=\"https:\/\/i0.wp.com\/cebem.org\/wp-content\/uploads\/2020\/04\/logo-banco-fie.jpg?w=757&amp;ssl=1 757w, https:\/\/i0.wp.com\/cebem.org\/wp-content\/uploads\/2020\/04\/logo-banco-fie.jpg?resize=300%2C100&amp;ssl=1 300w, https:\/\/i0.wp.com\/cebem.org\/wp-content\/uploads\/2020\/04\/logo-banco-fie.jpg?resize=600%2C201&amp;ssl=1 600w, https:\/\/i0.wp.com\/cebem.org\/wp-content\/uploads\/2020\/04\/logo-banco-fie.jpg?resize=750%2C253&amp;ssl=1 750w\" sizes=\"(max-width: 250px) 100vw, 250px\" \/><\/a><\/p>\r\n<p style=\"text-align: center;\">(para el interior de Bolivia)<br>\r\n<strong>Destinatario:<\/strong> Cinda Beatriz Herrera Rodr\u00edguez<br>\r\n<strong> CI:<\/strong> 2234285 LP\u200b<\/p>\r\n<em>Posterior al pago enviar una foto de la constancia de transferencia al correo beatriz@cebem.org indicando su nombre y el nombre del curso al cual se ha inscrito.<\/em>\t\t\t\t\t\t <\/div>\r\n\t\t\t\t\t\t\t\t\t\t\t\t <div role=\"tabpanel\" class=\"tab-pane \" id=\"tabs_desc_9591_4\">\r\n\t\t\t\t\t\t\t\t<p style=\"text-align: center;\"><strong>De LUNES a VIERNES<\/strong><\/p>\r\n<p style=\"text-align: center;\"><strong>De 9 de la ma\u00f1ana hasta las 15:00 horas<\/strong><\/p>\r\n<p style=\"text-align: center;\">Calle Macario Pinilla # 2588 esq. Av. Arce, Edificio Arcadia, Mezzanine, Of. 101 - La Paz, Bolivia<\/p>\r\n<p style=\"text-align: center;\">Tel\u00e9fono: +591 2431818 - Celular: +591 73027636 - Casilla No 9205<\/p>\r\n<p style=\"text-align: center;\"><iframe src=\"https:\/\/www.google.com\/maps\/d\/embed?mid=1hgDK66fw1KbCWvksTp9idh6bQQU&hl=es\" width=\"640\" height=\"480\"><\/iframe><\/p>\t\t\t\t\t\t <\/div>\r\n\t\t\t\t\t\t\t\r\n\t\t\t\t\t <\/div>\r\n\t\t\t\t\t \r\n\t\t\t\t <\/div>\r\n <script>\r\n\t\tjQuery(function () {\r\n\t\t\tjQuery('#myTab_9591 a:first').tab('show')\r\n\t\t});\r\n\t\t\r\n\t\t\t\tjQuery(function(){\r\n\t\t\tvar b=\"fadeIn\";\r\n\t\t\tvar c;\r\n\t\t\tvar a;\r\n\t\t\td(jQuery(\"#myTab_9591 a\"),jQuery(\"#tab-content_9591\"));function d(e,f,g){\r\n\t\t\t\te.click(function(i){\r\n\t\t\t\t\ti.preventDefault();\r\n\t\t\t\t\tjQuery(this).tab(\"show\");\r\n\t\t\t\t\tvar h=jQuery(this).data(\"easein\");\r\n\t\t\t\t\tif(c){c.removeClass(a);}\r\n\t\t\t\t\tif(h){f.find(\"div.active\").addClass(\"animated \"+h);a=h;}\r\n\t\t\t\t\telse{if(g){f.find(\"div.active\").addClass(\"animated \"+g);a=g;}else{f.find(\"div.active\").addClass(\"animated \"+b);a=b;}}c=f.find(\"div.active\");\r\n\t\t\t\t});\r\n\t\t\t}\r\n\t\t});\r\n\t\t\r\n\r\n\t\tfunction do_resize(){\r\n\r\n\t\t\tvar width=jQuery( '.tab-content .tab-pane iframe' ).width();\r\n\t\t\tvar height=jQuery( '.tab-content .tab-pane iframe' ).height();\r\n\r\n\t\t\tvar toggleSize = true;\r\n\t\t\tjQuery('iframe').animate({\r\n\t\t\t    width: toggleSize ? width : 640,\r\n\t\t\t    height: toggleSize ? height : 360\r\n\t\t\t  }, 250);\r\n\r\n\t\t\t  toggleSize = !toggleSize;\r\n\t\t}\r\n\r\n\r\n\t<\/script>\r\n\t\t\t\t\r\n\t\t\t\n\n\n\n<p class=\"has-vivid-purple-color has-text-color\"><strong>CERTIFICACI\u00d3N<\/strong><\/p>\n\n\n\n<p>Este curso cuenta con certificaci\u00f3n por parte de: <\/p>\n\n\n\n<ul class=\"wp-block-list\"><li>CEBEM&nbsp;<\/li><li>REDESMA<\/li><li>PUEBLOS EN RED<\/li><\/ul>\n\n\n\n<h3 class=\"has-text-align-center wp-block-heading\" id=\"te-interesa-participar-del-curso\">\u00bfTe interesa participar del curso?<\/h3>\n\n\n\n<div class=\"wp-block-buttons is-horizontal is-content-justification-center is-layout-flex wp-container-core-buttons-is-layout-499968f5 wp-block-buttons-is-layout-flex\">\n<div class=\"wp-block-button\"><a class=\"wp-block-button__link\" href=\"https:\/\/forms.gle\/h8GN9AK2vHzw8uXC7\" target=\"_blank\" rel=\"noreferrer noopener\">REALIZA TU PRE-INSCRIPCI\u00d3N<\/a><\/div>\n<\/div>\n\n\n\n<h3 class=\"has-text-align-center wp-block-heading\" id=\"block-9603d57d-420c-44c3-b8ef-47c132d2c23e\">\u00a1Finaliza el curso y obt\u00e9n tu CERTIFICADO!<\/h3>\n\n\n\n<div id=\"block-aa4a09cc-a09f-48c7-b934-b16734225510\" class=\"wp-block-image\"><figure class=\"aligncenter is-resized\"><img data-recalc-dims=\"1\" loading=\"lazy\" decoding=\"async\" src=\"https:\/\/i0.wp.com\/cebem.org\/wp-content\/uploads\/2020\/11\/ejemplo-certificado-2020.jpg?resize=455%2C321&#038;ssl=1\" alt=\"La imagen tiene un atributo ALT vac\u00edo; su nombre de archivo es ejemplo-certificado-2020.jpg\" width=\"455\" height=\"321\"\/><\/figure><\/div>\n\n\n\n<p id=\"block-a9b74f2e-f9d2-42bc-9519-46c83f3174b5\">Se otorgar\u00e1 un&nbsp;<strong>CERTIFICADO<\/strong> <strong>DIGITAL<\/strong>&nbsp;al finalizar el curso y completando las actividades, esto lo recibir\u00e1 directamente a su correo electr\u00f3nico.<\/p>\n\n\n\n<h4 class=\"has-vivid-purple-color has-text-color wp-block-heading\" id=\"block-ae2b1ae1-1cfb-4c8f-834c-4a77fc8b1428\"><strong>\u00bfTIENES ALGUNA CONSULTA? ESCR\u00cdBENOS:<\/strong><\/h4>\n\n\n\n<div class=\"wp-block-columns is-layout-flex wp-container-core-columns-is-layout-9d6595d7 wp-block-columns-is-layout-flex\">\n<div class=\"wp-block-column is-layout-flow wp-block-column-is-layout-flow\">\n<div id=\"block-03a03a78-c7b6-4921-9eef-537a891cf30c\" class=\"wp-block-image\"><figure class=\"aligncenter is-resized\"><img data-recalc-dims=\"1\" loading=\"lazy\" decoding=\"async\" src=\"https:\/\/i0.wp.com\/cebem.org\/wp-content\/uploads\/2019\/07\/envelope-3152053_960_720.png?resize=71%2C54&#038;ssl=1\" alt=\"La imagen tiene un atributo ALT vac\u00edo; su nombre de archivo es envelope-3152053_960_720.png\" width=\"71\" height=\"54\"\/><\/figure><\/div>\n\n\n\n<p class=\"has-text-align-center\" id=\"block-ad3c28f6-942a-4847-9bc2-f1f8cb5f179f\"><a href=\"mailto:beatriz@cebem.org\"><strong>beatriz@cebem.org<\/strong><\/a><\/p>\n<\/div>\n\n\n\n<div class=\"wp-block-column is-layout-flow wp-block-column-is-layout-flow\">\n<div id=\"block-ab0ee5bb-071a-4e1f-aaf9-6b3653d31dc2\" class=\"wp-block-image\"><figure class=\"aligncenter is-resized\"><img data-recalc-dims=\"1\" loading=\"lazy\" decoding=\"async\" src=\"https:\/\/i0.wp.com\/cebem.org\/wp-content\/uploads\/2019\/07\/Whatsapp_icon-icons.png?resize=66%2C66&#038;ssl=1\" alt=\"La imagen tiene un atributo ALT vac\u00edo; su nombre de archivo es Whatsapp_icon-icons.png\" width=\"66\" height=\"66\"\/><\/figure><\/div>\n\n\n\n<p class=\"has-text-align-center\" id=\"block-f8faf0af-f3fd-4dee-84b3-68a6e9ba01c2\"><a rel=\"noreferrer noopener\" href=\"https:\/\/api.whatsapp.com\/send?phone=59170522053&amp;text=Hola,%20tengo%20una%20consulta%20del%20Curso%20virtual%20:%20Bases%20y%20Herramientas%20de%20la%20Educaci%C3%B3n%20Ambiental%203v\" target=\"_blank\"><strong>WhatsApp:<\/strong>&nbsp;+<\/a><a href=\"https:\/\/api.whatsapp.com\/send?phone=59170522053&amp;text=Hola%20tengo%20una%20consulta%20del%20Curso:%20Cooperaci%C3%B3n%20Internacional%20y%20Proyectos%20Ambientales\">591 70522053<\/a><\/p>\n<\/div>\n<\/div>\n","protected":false},"excerpt":{"rendered":"<p><b>NUEVA FECHA DE INICIO, 21 DE MARZO DE 2022<\/b>, los proyectos ambientales gestionados desde distintos actores, requieren poder insertarse en el marco de la cooperaci\u00f3n internacional.<\/p>\n","protected":false},"author":2,"featured_media":9732,"comment_status":"closed","ping_status":"closed","sticky":false,"template":"","format":"standard","meta":{"_jetpack_memberships_contains_paid_content":false,"footnotes":"","jetpack_publicize_message":"","jetpack_publicize_feature_enabled":true,"jetpack_social_post_already_shared":true,"jetpack_social_options":{"image_generator_settings":{"template":"highway","default_image_id":0,"font":"","enabled":false},"version":2}},"categories":[4],"tags":[38,247],"class_list":["post-9299","post","type-post","status-publish","format-standard","has-post-thumbnail","hentry","category-cursos-culminados-cebem","tag-curso","tag-curso-virtual","nodate","item-wrap"],"jetpack_publicize_connections":[],"jetpack_featured_media_url":"https:\/\/i0.wp.com\/cebem.org\/wp-content\/uploads\/2022\/03\/curso-cooperacion-internacional-2022-nueva-fecha.jpg?fit=1280%2C1280&ssl=1","jetpack_sharing_enabled":true,"_links":{"self":[{"href":"https:\/\/cebem.org\/index.php?rest_route=\/wp\/v2\/posts\/9299","targetHints":{"allow":["GET"]}}],"collection":[{"href":"https:\/\/cebem.org\/index.php?rest_route=\/wp\/v2\/posts"}],"about":[{"href":"https:\/\/cebem.org\/index.php?rest_route=\/wp\/v2\/types\/post"}],"author":[{"embeddable":true,"href":"https:\/\/cebem.org\/index.php?rest_route=\/wp\/v2\/users\/2"}],"replies":[{"embeddable":true,"href":"https:\/\/cebem.org\/index.php?rest_route=%2Fwp%2Fv2%2Fcomments&post=9299"}],"version-history":[{"count":22,"href":"https:\/\/cebem.org\/index.php?rest_route=\/wp\/v2\/posts\/9299\/revisions"}],"predecessor-version":[{"id":9733,"href":"https:\/\/cebem.org\/index.php?rest_route=\/wp\/v2\/posts\/9299\/revisions\/9733"}],"wp:featuredmedia":[{"embeddable":true,"href":"https:\/\/cebem.org\/index.php?rest_route=\/wp\/v2\/media\/9732"}],"wp:attachment":[{"href":"https:\/\/cebem.org\/index.php?rest_route=%2Fwp%2Fv2%2Fmedia&parent=9299"}],"wp:term":[{"taxonomy":"category","embeddable":true,"href":"https:\/\/cebem.org\/index.php?rest_route=%2Fwp%2Fv2%2Fcategories&post=9299"},{"taxonomy":"post_tag","embeddable":true,"href":"https:\/\/cebem.org\/index.php?rest_route=%2Fwp%2Fv2%2Ftags&post=9299"}],"curies":[{"name":"wp","href":"https:\/\/api.w.org\/{rel}","templated":true}]}}