
{"id":9285,"date":"2021-12-02T15:00:00","date_gmt":"2021-12-02T19:00:00","guid":{"rendered":"https:\/\/cebem.org\/?p=9285"},"modified":"2022-02-16T10:54:34","modified_gmt":"2022-02-16T14:54:34","slug":"curso-virtual-promotores-ambientales","status":"publish","type":"post","link":"https:\/\/cebem.org\/?p=9285","title":{"rendered":"Curso virtual: Promotores Ambientales"},"content":{"rendered":"\n<h4 class=\"has-text-align-center wp-block-heading\" id=\"fecha-a-definir\">Fecha a definir.<\/h4>\n\n\n\n<div class=\"wp-block-image\"><figure class=\"aligncenter size-full is-resized\"><img data-recalc-dims=\"1\" fetchpriority=\"high\" decoding=\"async\" src=\"https:\/\/i0.wp.com\/cebem.org\/wp-content\/uploads\/2021\/11\/promotores-ambientales.jpg?resize=480%2C360&#038;ssl=1\" alt=\"\" class=\"wp-image-9287\" width=\"480\" height=\"360\" srcset=\"https:\/\/i0.wp.com\/cebem.org\/wp-content\/uploads\/2021\/11\/promotores-ambientales.jpg?w=960&amp;ssl=1 960w, https:\/\/i0.wp.com\/cebem.org\/wp-content\/uploads\/2021\/11\/promotores-ambientales.jpg?resize=300%2C225&amp;ssl=1 300w, https:\/\/i0.wp.com\/cebem.org\/wp-content\/uploads\/2021\/11\/promotores-ambientales.jpg?resize=768%2C576&amp;ssl=1 768w, https:\/\/i0.wp.com\/cebem.org\/wp-content\/uploads\/2021\/11\/promotores-ambientales.jpg?resize=600%2C450&amp;ssl=1 600w, https:\/\/i0.wp.com\/cebem.org\/wp-content\/uploads\/2021\/11\/promotores-ambientales.jpg?resize=750%2C563&amp;ssl=1 750w\" sizes=\"(max-width: 480px) 100vw, 480px\" \/><\/figure><\/div>\n\n\n\n<p>El curso se propone avanzar sobre los distintos aspectos de formaci\u00f3n de un \u201cPromotor Ambiental\u201d a nivel local.<\/p>\n\n\n\n<p>Los Promotores Ambientales asumen un rol protag\u00f3nico en la tem\u00e1tica ambiental local, y ponen en juego dimensiones y estrategias tales como participaci\u00f3n,&nbsp; capacidad de gesti\u00f3n, responsabilidad,&nbsp; sentido de pertenencia,&nbsp; la identificaci\u00f3n de valores y &nbsp;compromisos.<\/p>\n\n\n\n<p>Necesitan una formaci\u00f3n integral en buenas pr\u00e1cticas asociadas a todas las problem\u00e1ticas ambientales locales. &nbsp;<\/p>\n\n\n\n<h3 class=\"has-text-align-center wp-block-heading\" id=\"te-interesa-participar-del-curso\">\u00bfTe interesa participar del curso?<\/h3>\n\n\n\n<div class=\"wp-block-buttons is-horizontal is-content-justification-center is-layout-flex wp-container-core-buttons-is-layout-499968f5 wp-block-buttons-is-layout-flex\">\n<div class=\"wp-block-button\"><a class=\"wp-block-button__link\" href=\"https:\/\/forms.gle\/9F3eRFkyPwBh9qP76\" target=\"_blank\" rel=\"noreferrer noopener\">REALIZA TU PRE-INSCRIPCI\u00d3N<\/a><\/div>\n<\/div>\n","protected":false},"excerpt":{"rendered":"<p><b>Fecha a definir<\/b>, el curso se propone avanzar sobre los distintos aspectos de formaci\u00f3n de un \u201cPromotor Ambiental\u201d a nivel local.<\/p>\n","protected":false},"author":2,"featured_media":9287,"comment_status":"closed","ping_status":"closed","sticky":false,"template":"","format":"standard","meta":{"_jetpack_memberships_contains_paid_content":false,"footnotes":"","jetpack_publicize_message":"","jetpack_publicize_feature_enabled":true,"jetpack_social_post_already_shared":true,"jetpack_social_options":{"image_generator_settings":{"template":"highway","default_image_id":0,"font":"","enabled":false},"version":2}},"categories":[595,1390],"tags":[38,247],"class_list":["post-9285","post","type-post","status-publish","format-standard","has-post-thumbnail","hentry","category-curso-tutoriado","category-cursos2026","tag-curso","tag-curso-virtual","item-wrap"],"jetpack_publicize_connections":[],"jetpack_featured_media_url":"https:\/\/i0.wp.com\/cebem.org\/wp-content\/uploads\/2021\/11\/promotores-ambientales.jpg?fit=960%2C720&ssl=1","jetpack_sharing_enabled":true,"_links":{"self":[{"href":"https:\/\/cebem.org\/index.php?rest_route=\/wp\/v2\/posts\/9285","targetHints":{"allow":["GET"]}}],"collection":[{"href":"https:\/\/cebem.org\/index.php?rest_route=\/wp\/v2\/posts"}],"about":[{"href":"https:\/\/cebem.org\/index.php?rest_route=\/wp\/v2\/types\/post"}],"author":[{"embeddable":true,"href":"https:\/\/cebem.org\/index.php?rest_route=\/wp\/v2\/users\/2"}],"replies":[{"embeddable":true,"href":"https:\/\/cebem.org\/index.php?rest_route=%2Fwp%2Fv2%2Fcomments&post=9285"}],"version-history":[{"count":4,"href":"https:\/\/cebem.org\/index.php?rest_route=\/wp\/v2\/posts\/9285\/revisions"}],"predecessor-version":[{"id":9627,"href":"https:\/\/cebem.org\/index.php?rest_route=\/wp\/v2\/posts\/9285\/revisions\/9627"}],"wp:featuredmedia":[{"embeddable":true,"href":"https:\/\/cebem.org\/index.php?rest_route=\/wp\/v2\/media\/9287"}],"wp:attachment":[{"href":"https:\/\/cebem.org\/index.php?rest_route=%2Fwp%2Fv2%2Fmedia&parent=9285"}],"wp:term":[{"taxonomy":"category","embeddable":true,"href":"https:\/\/cebem.org\/index.php?rest_route=%2Fwp%2Fv2%2Fcategories&post=9285"},{"taxonomy":"post_tag","embeddable":true,"href":"https:\/\/cebem.org\/index.php?rest_route=%2Fwp%2Fv2%2Ftags&post=9285"}],"curies":[{"name":"wp","href":"https:\/\/api.w.org\/{rel}","templated":true}]}}