
{"id":9278,"date":"2022-02-22T17:00:00","date_gmt":"2022-02-22T21:00:00","guid":{"rendered":"https:\/\/cebem.org\/?p=9278"},"modified":"2022-06-24T11:46:57","modified_gmt":"2022-06-24T15:46:57","slug":"curso-virtual-evaluacion-de-impacto-ambiental-fundamentos-y-herramientas","status":"publish","type":"post","link":"https:\/\/cebem.org\/?p=9278","title":{"rendered":"Curso virtual Internacional: Evaluaci\u00f3n de Impacto Ambiental. \u201cFundamentos y herramientas\u201d"},"content":{"rendered":"\n<h3 class=\"has-text-align-center wp-block-heading\">FECHA A DEFINIR<\/h3>\n\n\n\n<h4 class=\"has-text-align-center wp-block-heading\"><em style=\"\"><b>100 horas &#8211; Modalidad sincr\u00f3nica  (con dos encuentros <\/b><\/em><strong><em>v\u00eda zoom) y <\/em><\/strong><\/h4>\n\n\n\n<h4 class=\"has-text-align-center wp-block-heading\">A<strong><em>sincr\u00f3nica (M\u00f3dulos con una duraci\u00f3n de 15 d\u00edas)<\/em><\/strong><\/h4>\n\n\n<div class=\"wp-block-image\">\n<figure class=\"aligncenter size-large is-resized\"><img data-recalc-dims=\"1\" fetchpriority=\"high\" decoding=\"async\" src=\"https:\/\/i0.wp.com\/cebem.org\/wp-content\/uploads\/2021\/11\/evaluacion-impacto-ambiental.jpg?resize=512%2C309&#038;ssl=1\" alt=\"\" class=\"wp-image-9279\" width=\"512\" height=\"309\" srcset=\"https:\/\/i0.wp.com\/cebem.org\/wp-content\/uploads\/2021\/11\/evaluacion-impacto-ambiental.jpg?resize=1024%2C617&amp;ssl=1 1024w, https:\/\/i0.wp.com\/cebem.org\/wp-content\/uploads\/2021\/11\/evaluacion-impacto-ambiental.jpg?resize=300%2C181&amp;ssl=1 300w, https:\/\/i0.wp.com\/cebem.org\/wp-content\/uploads\/2021\/11\/evaluacion-impacto-ambiental.jpg?resize=768%2C462&amp;ssl=1 768w, https:\/\/i0.wp.com\/cebem.org\/wp-content\/uploads\/2021\/11\/evaluacion-impacto-ambiental.jpg?resize=600%2C361&amp;ssl=1 600w, https:\/\/i0.wp.com\/cebem.org\/wp-content\/uploads\/2021\/11\/evaluacion-impacto-ambiental.jpg?resize=1536%2C925&amp;ssl=1 1536w, https:\/\/i0.wp.com\/cebem.org\/wp-content\/uploads\/2021\/11\/evaluacion-impacto-ambiental.jpg?resize=750%2C452&amp;ssl=1 750w, https:\/\/i0.wp.com\/cebem.org\/wp-content\/uploads\/2021\/11\/evaluacion-impacto-ambiental.jpg?w=1920&amp;ssl=1 1920w\" sizes=\"(max-width: 512px) 100vw, 512px\" \/><\/figure>\n<\/div>\n\n\n<p class=\"has-vivid-purple-color has-text-color\"><strong>PRESENTACI\u00d3N<\/strong><\/p>\n\n\n\n<p>El avance de la crisis ambiental en los territorios se ha&nbsp; manifestado en toda una serie de efectos y de impactos ambientales que traducen en mayor y menor intensidad, la&nbsp; impronta de la intervenci\u00f3n antr\u00f3pica.<\/p>\n\n\n\n<p>La pol\u00edtica ambiental encaminada a lograr la m\u00e1xima racionalidad en el proceso de decisi\u00f3n relativo a la conservaci\u00f3n, preservaci\u00f3n, protecci\u00f3n y mejora de las condiciones ambientales&nbsp; del territorio ofrece todo un conjunto de instrumentos de gesti\u00f3n ambiental. En este marco, la Evaluaci\u00f3n de Impacto Ambiental, es uno de los instrumentos de gesti\u00f3n ambiental que los profesionales ambientales pueden utilizar.<\/p>\n\n\n\n<p>Como instrumento t\u00e9cnico preventivo, su aplicaci\u00f3n est\u00e1 asociada al avance en materia de gesti\u00f3n ambiental&nbsp; en obras de infraestructura e inversi\u00f3n p\u00fablica y al avance y crecimiento de sectores econ\u00f3micos tal como el&nbsp; sector industrial, minero, petrolero, agr\u00edcola-ganadero, pesquero, silvipastoril y energ\u00e9tico.<\/p>\n\n\n\n<p>El curso virtual busca introducir a los participantes en una serie de aspectos b\u00e1sicos que&nbsp; les permita comprender la din\u00e1mica de la dimensi\u00f3n ambiental asociada a la instalaci\u00f3n de proyectos de desarrollo socio econ\u00f3mico territorial y cultural, del orden p\u00fablico y privado, para luego avanzar en la caracterizaci\u00f3n de los efectos e impactos ambientales a partir de una serie de metodolog\u00edas de trabajo cuali y cuantitativas.<\/p>\n\n\n\n<p class=\"has-vivid-purple-color has-text-color\"><strong>OBJETIVOS<\/strong><\/p>\n\n\n\n<p class=\"has-vivid-purple-color has-text-color\"><strong>Objetivo General<\/strong><\/p>\n\n\n\n<p>Conocer la herramienta de Evaluaci\u00f3n de Impacto Ambiental en el marco de la Gesti\u00f3n Ambiental, sus usos, aplicaciones y potencialidades.<\/p>\n\n\n\n<p class=\"has-vivid-purple-color has-text-color\"><strong>Objetivos Espec\u00edficos<\/strong><\/p>\n\n\n\n<ul class=\"wp-block-list\"><li>Comprender la din\u00e1mica de la dimensi\u00f3n ambiental en la ejecuci\u00f3n de los proyectos<\/li><li>Analizar la interrelaci\u00f3n entre los componentes de un proyecto y las condiciones ambientales del territorio<\/li><li>Identificar metodolog\u00edas de presentaci\u00f3n de los estudios ambientales<\/li><li>Evaluar modalidades de identificaci\u00f3n y ponderaci\u00f3n de impactos y efectos ambientales<\/li><li>&nbsp;Debatir estudios de caso de evaluaciones de impactos ambientales<\/li><\/ul>\n\n\n\n<p class=\"has-vivid-purple-color has-text-color\"><strong>DESTINATARIOS<\/strong><\/p>\n\n\n\n<p>El curso se encuentra dirigido a gestores y t\u00e9cnicos del orden p\u00fablico y privado, de unidades acad\u00e9micas y educativas, as\u00ed como instancias no gubernamentales, cuyo marco de toma de decisiones implica la inserci\u00f3n de la dimensi\u00f3n ambiental<\/p>\n\n\n\n<p class=\"has-vivid-purple-color has-text-color\">C<strong>ONTENIDOS<\/strong><\/p>\n\n\n\n<p><strong>Modulo Nro.1: Importancia de la Evaluaci\u00f3n de Impacto Ambiental<\/strong><\/p>\n\n\n\n<ul class=\"wp-block-list\"><li>Introducci\u00f3n y conceptos previos: La relaci\u00f3n Sociedad Naturaleza.<\/li><li>Sistema ambiente: Sistemas complejos e interdisciplinariedad.<\/li><li>El problema Ambiental.&nbsp;<\/li><li>El Desarrollo Sustentable.<\/li><li>La Gesti\u00f3n Ambiental. Instrumentos de Gesti\u00f3n Ambiental<\/li><li>La evaluaci\u00f3n de impacto ambiental como instrumento.<\/li><li>Los niveles de evaluaciones ambientales: Evaluaci\u00f3n Estrat\u00e9gica Ambiental, Evaluaci\u00f3n de Impacto Ambiental, Estudio de Impacto Ambiental y Declaraci\u00f3n de Impacto Ambiental.<\/li><\/ul>\n\n\n\n<p><strong>Modulo Nro. 2: Antecedentes y contexto<\/strong><\/p>\n\n\n\n<ul class=\"wp-block-list\"><li>La Evaluaci\u00f3n de Impacto Ambiental: Contexto hist\u00f3rico y rese\u00f1as<\/li><li>Estado de situaci\u00f3n en el orden internacional.<\/li><li>Marco de planificaci\u00f3n y contexto normativo a escala latinoamericana.<\/li><li>El abordaje de los organismos internacionales.<\/li><li>Casos nacionales<\/li><\/ul>\n\n\n\n<p><strong>M\u00f3dulo Nro 3- La relaci\u00f3n Impacto y proyecto-<\/strong><\/p>\n\n\n\n<ul class=\"wp-block-list\"><li>Ciclo de proyecto. Etapas: Construcci\u00f3n, funcionamiento y abandono<\/li><li>Las implicancias de la intervenci\u00f3n antr\u00f3pica. El Efecto ambiental. El impacto ambiental.<\/li><li>Dimensiones y atributos del impacto. Tipos de impactos.<\/li><li>Casos<\/li><\/ul>\n\n\n\n<p><strong>Modulo Nro. 4: Elaboraci\u00f3n de L\u00ednea de Base Ambiental para la determinaci\u00f3n del impacto<\/strong><\/p>\n\n\n\n<ul class=\"wp-block-list\"><li>L\u00ednea de Base Ambiental. Diferencia inventario ambiental y diagn\u00f3stico ambiental.&nbsp;<\/li><li>Aproximaci\u00f3n al \u00c1rea de Estudio: \u00c1rea de influencia directa, indirecta y operativa.<\/li><li>Caracterizaci\u00f3n del medio f\u00edsico-natural y socio-construido. Identificaci\u00f3n y caracterizaci\u00f3n de medios y componentes de la LBA.&nbsp; Alcances.<\/li><li>Herramientas metodol\u00f3gicas y fuentes de informaci\u00f3n para la LBA<\/li><\/ul>\n\n\n\n<p><strong>Modulo. 5: Los impactos ambientales y&nbsp; la Metodolog\u00eda de Evaluaci\u00f3n de Impacto Ambiental \u2013 Bloque I<\/strong><\/p>\n\n\n\n<ul class=\"wp-block-list\"><li>Metodolog\u00eda de identificaci\u00f3n.<\/li><li>Las Listas. Tipos<\/li><li>Los diagramas<\/li><li>Las&nbsp; matrices de identificaci\u00f3n.<\/li><li>Superposici\u00f3n de mapas\/sistemas de informaci\u00f3n geogr\u00e1fica<\/li><li>Ventajas y desventajas de cada herramienta. Casos.<\/li><\/ul>\n\n\n\n<p><strong>Modulo. 6: Los impactos ambientales y&nbsp; la Metodolog\u00eda de Evaluaci\u00f3n de Impacto Ambiental \u2013 Bloque II<\/strong><\/p>\n\n\n\n<ul class=\"wp-block-list\"><li>Metodolog\u00eda de evaluaci\u00f3n.<\/li><li>Las listas ponderadas<\/li><li>Las matriz de Leopold<\/li><li>Ventajas y desventajas de cada opci\u00f3n. Casos.<\/li><\/ul>\n\n\n\n<p><strong>Modulo.7: Mitigaci\u00f3n de impactos ambientales&nbsp; y Participaci\u00f3n ciudadana<\/strong><\/p>\n\n\n\n<ul class=\"wp-block-list\"><li>Correcciones y mitigaci\u00f3n de impactos.<\/li><li>Tipos de Medidas.<\/li><li>Plan de Gesti\u00f3n Ambiental<\/li><li>Estudios de Casos<\/li><li>La Participaci\u00f3n ciudadana en las evaluaciones de impacto<\/li><\/ul>\n\n\n\n<p><strong>M\u00f3dulo 8: TP Final<\/strong><\/p>\n\n\n\n<p>Trabajo de evaluaci\u00f3n final<\/p>\n\n\n\n<p class=\"has-vivid-purple-color has-text-color\"><strong>METODOLOG\u00cdA<\/strong><\/p>\n\n\n\n<ul class=\"wp-block-list\"><li>Clases sincr\u00f3nicas y asincr\u00f3nicas<\/li><li>Bibliograf\u00eda obligatoria y complementaria<\/li><li>Foro debate<\/li><li>Trabajos pr\u00e1cticos individuales y grupales<\/li><li>Test de evaluaci\u00f3n por Modulo<\/li><\/ul>\n\n\n\n<p class=\"has-vivid-purple-color has-text-color\"><strong>CERTIFICACI\u00d3N<\/strong><\/p>\n\n\n\n<p>La certificaci\u00f3n la expedir\u00e1 el CEBEM y contar\u00e1 con aval de REDESMA por un total de 100 horas.<\/p>\n\n\n\n<p class=\"has-vivid-purple-color has-text-color\"><strong>DURACI\u00d3N Y TIEMPO DE DEDICACI\u00d3N SEMANAL NECESARIA<\/strong><\/p>\n\n\n\n<p>Duraci\u00f3n de cada m\u00f3dulo: 2 semanas asincr\u00f3nicas, con una dedicaci\u00f3n de 10 horas totales.<\/p>\n\n\n\n<p>El m\u00f3dulo Nro. 8 implica el desarrollo de un trabajo final de 20 horas<\/p>\n\n\n\n<p>Los m\u00f3dulos 5 y 6 de abordaje metodolog\u00eda implican clases virtuales <strong>via zoom<\/strong>.<strong> Las mismas se desarrollar\u00e1n los d\u00edas mi\u00e9rcoles  8 de junio y miercoles 22 de Junio a las 19.00 hs Bolivia.<\/strong><\/p>\n\n\n\n<p class=\"has-vivid-purple-color has-text-color\"><strong>INVERSI\u00d3N, FORMAS DE PAGO Y POSIBILIDADES DE BECA<\/strong><\/p>\n\n\n\n<p>La <strong>inversi\u00f3n<\/strong> para este curso es de Bs. 840 (bolivianos) y para inscripciones desde fuera de Bolivia $us 120 (d\u00f3lares).<\/p>\n\n\n\n<p>Su inversi\u00f3n le incluye:<\/p>\n\n\n\n<ul class=\"wp-block-list\"><li>Acceso a los materiales que se entregan por medio del Campus Virtual.<\/li><li>Comunicaci\u00f3n peri\u00f3dica con los docentes<\/li><\/ul>\n\n\n\t\t\t\t\t\t<style>\r\n\t\t\t\t\r\n\t\t\t\t\t#tab_container_9716 {\r\n\toverflow:hidden;\r\n\tdisplay:block;\r\n\twidth:100%;\r\n\tborder:0px solid #ddd;\r\n\tmargin-bottom:30px;\r\n\t}\r\n\r\n#tab_container_9716 .tab-content{\r\n\tpadding:20px;\r\n\tborder: 1px solid #e6e6e6 !important;\r\n\tmargin-top: 0px;\r\n\tbackground-color:#ffffff !important;\r\n\tcolor: #000000 !important;\r\n\tfont-size:15px !important;\r\n\tfont-family: Arial !important;\r\n\t\r\n\t\tborder: 1px solid #e6e6e6 !important;\r\n\t}\r\n#tab_container_9716 .wpsm_nav-tabs {\r\n    border-bottom: 0px solid #ddd;\r\n}\r\n#tab_container_9716 .wpsm_nav-tabs > li.active > a, #tab_container_9716 .wpsm_nav-tabs > li.active > a:hover, #tab_container_9716 .wpsm_nav-tabs > li.active > a:focus {\r\n\tcolor: #000000 !important;\r\n\tcursor: default;\r\n\tbackground-color: #ffffff !important;\r\n\tborder: 1px solid #e6e6e6 !important;\r\n}\r\n\r\n#tab_container_9716 .wpsm_nav-tabs > li > a {\r\n    margin-right: 0px !important; \r\n    line-height: 1.42857143 !important;\r\n    border: 1px solid #0080d0 !important;\r\n    border-radius: 0px 0px 0 0 !important; \r\n\tbackground-color: #0693e3 !important;\r\n\tcolor: #ffffff !important;\r\n\tpadding: 15px 18px 15px 18px !important;\r\n\ttext-decoration: none !important;\r\n\tfont-size: 14px !important;\r\n\ttext-align:center !important;\r\n\tfont-family: Arial !important;\r\n}\r\n#tab_container_9716 .wpsm_nav-tabs > li > a:focus {\r\noutline: 0px !important;\r\n}\r\n\r\n#tab_container_9716 .wpsm_nav-tabs > li > a:before {\r\n\tdisplay:none !important;\r\n}\r\n#tab_container_9716 .wpsm_nav-tabs > li > a:after {\r\n\tdisplay:none !important ;\r\n}\r\n#tab_container_9716 .wpsm_nav-tabs > li{\r\npadding:0px !important ;\r\nmargin:0px;\r\n}\r\n\r\n#tab_container_9716 .wpsm_nav-tabs > li > a:hover , #tab_container_9716 .wpsm_nav-tabs > li > a:focus {\r\n    color: #ffffff !important;\r\n    background-color: #0693e3 !important;\r\n\tborder: 1px solid #0080d0 !important;\r\n\t\r\n}\r\n#tab_container_9716 .wpsm_nav-tabs > li > a .fa{\r\n\r\nmargin-right:5px !important;\r\n\r\nmargin-left:5px !important;\r\n\r\n\r\n}\r\n\r\n\t\t#tab_container_9716 .wpsm_nav-tabs a{\r\n\t\t\tbackground-image: none;\r\n\t\t\tbackground-position: 0 0;\r\n\t\t\tbackground-repeat: repeat-x;\r\n\t\t}\r\n\t\t\t\r\n\r\n\r\n#tab_container_9716 .wpsm_nav-tabs > li {\r\n    float: left;\r\n    margin-bottom: -1px !important;\r\n\tmargin-right:0px !important; \r\n}\r\n\r\n\r\n#tab_container_9716 .tab-content{\r\noverflow:hidden !important;\r\n}\r\n\r\n\r\n@media (min-width: 769px) {\r\n\r\n\t#tab_container_9716 .wpsm_nav-tabs > li{\r\n\t\tfloat:left !important ;\r\n\t\t\t\tmargin-right:-1px !important;\r\n\t\t\t\t\t}\r\n\t#tab_container_9716 .wpsm_nav-tabs{\r\n\t\tfloat:none !important;\r\n\t\tmargin:0px !important;\r\n\t}\r\n\r\n\t#tab_container_9716 .wpsm_nav-tabs > li {\r\n\t\t\t\t\r\n\t}\r\n\t#tab_container_9716 .wpsm_nav{\r\n\t\t\t}\r\n\r\n}\r\n\r\n\r\n\r\n@media (max-width: 768px) {\r\n\t#tab_container_9716 .wpsm_nav-tabs > li {\r\n\t\t\t\t\r\n\t}\r\n\t#tab_container_9716 .wpsm_nav{\r\n\t\t\t}\r\n}\r\n\r\n\r\n\t.wpsm_nav-tabs li:before{\r\n\t\tdisplay:none !important;\r\n\t}\r\n\r\n\t@media (max-width: 768px) {\r\n\t\t\t\t\r\n\t\t\t\t.wpsm_nav-tabs{\r\n\t\t\tmargin-left:0px !important;\r\n\t\t\tmargin-right:0px !important; \r\n\t\t\t\r\n\t\t}\r\n\t\t\t\t#tab_container_9716 .wpsm_nav-tabs > li{\r\n\t\t\tfloat:none !important;\r\n\t\t}\r\n\t\t\t\r\n\t}\t\t\t\t<\/style>\r\n\t\t\t\t<div id=\"tab_container_9716\" >\r\n\t \r\n\t\t\t\t\t<ul class=\"wpsm_nav wpsm_nav-tabs\" role=\"tablist\" id=\"myTab_9716\">\r\n\t\t\t\t\t\t\t\r\n\t\t\t\t\t\t\t<li role=\"presentation\"  class=\"active\"  onclick=\"do_resize()\">\r\n\t\t\t\t\t\t\t\t<a href=\"#tabs_desc_9716_1\" aria-controls=\"tabs_desc_9716_1\" role=\"tab\" data-toggle=\"tab\">\r\n\t\t\t\t\t\t\t\t\t\r\n\t\t\t\t\t\t\t\t\t\t\t\t\t\t\t\t\t\t\t\t\t\t\t\t\t\t\t\t\t\t\t\t\t\t\t\t\t\t\t\t\t\t\t\t\t\t\t\t\t\r\n\t\t\t\t\t\t\t\t\t\t\t\t\t\t\t\t\t\t\r\n\t\t\t\t\t\t\t\t\t<span>PAGA CON TARJETA D\u00c9BITO\/CR\u00c9DITO<\/span>\r\n\t\t\t\t\t\t\t\t\t\r\n\t\t\t\t\t\t\t\t\t\t\t\t\t\t\t\t\t\t\r\n\t\t\t\t\t\t\t\t\t\t\t\t\t\t\t\t\t\t\t\t\r\n\t\t\t\t\t\t\t\t\t\r\n\t\t\t\t\t\t\t\t<\/a>\r\n\t\t\t\t\t\t\t<\/li>\r\n\t\t\t\t\t\t\t\r\n\t\t\t\t\t\t\t<li role=\"presentation\"  onclick=\"do_resize()\">\r\n\t\t\t\t\t\t\t\t<a href=\"#tabs_desc_9716_2\" aria-controls=\"tabs_desc_9716_2\" role=\"tab\" data-toggle=\"tab\">\r\n\t\t\t\t\t\t\t\t\t\r\n\t\t\t\t\t\t\t\t\t\t\t\t\t\t\t\t\t\t\t\t\t\t\t\t\t\t\t\t\t\t\t\t\t\t\t\t\t\t\t\t\t\t\t\t\t\t\t\t\t\r\n\t\t\t\t\t\t\t\t\t\t\t\t\t\t\t\t\t\t\r\n\t\t\t\t\t\t\t\t\t<span>DEP\u00d3SITO BANCARIO<\/span>\r\n\t\t\t\t\t\t\t\t\t\r\n\t\t\t\t\t\t\t\t\t\t\t\t\t\t\t\t\t\t\r\n\t\t\t\t\t\t\t\t\t\t\t\t\t\t\t\t\t\t\t\t\r\n\t\t\t\t\t\t\t\t\t\r\n\t\t\t\t\t\t\t\t<\/a>\r\n\t\t\t\t\t\t\t<\/li>\r\n\t\t\t\t\t\t\t\r\n\t\t\t\t\t\t\t<li role=\"presentation\"  onclick=\"do_resize()\">\r\n\t\t\t\t\t\t\t\t<a href=\"#tabs_desc_9716_3\" aria-controls=\"tabs_desc_9716_3\" role=\"tab\" data-toggle=\"tab\">\r\n\t\t\t\t\t\t\t\t\t\r\n\t\t\t\t\t\t\t\t\t\t\t\t\t\t\t\t\t\t\t\t\t\t\t\t\t\t\t\t\t\t\t\t\t\t\t\t\t\t\t\t\t\t\t\t\t\t\t\t\t\r\n\t\t\t\t\t\t\t\t\t\t\t\t\t\t\t\t\t\t\r\n\t\t\t\t\t\t\t\t\t<span>PRODEM o FIE<\/span>\r\n\t\t\t\t\t\t\t\t\t\r\n\t\t\t\t\t\t\t\t\t\t\t\t\t\t\t\t\t\t\r\n\t\t\t\t\t\t\t\t\t\t\t\t\t\t\t\t\t\t\t\t\r\n\t\t\t\t\t\t\t\t\t\r\n\t\t\t\t\t\t\t\t<\/a>\r\n\t\t\t\t\t\t\t<\/li>\r\n\t\t\t\t\t\t\t\r\n\t\t\t\t\t\t\t<li role=\"presentation\"  onclick=\"do_resize()\">\r\n\t\t\t\t\t\t\t\t<a href=\"#tabs_desc_9716_4\" aria-controls=\"tabs_desc_9716_4\" role=\"tab\" data-toggle=\"tab\">\r\n\t\t\t\t\t\t\t\t\t\r\n\t\t\t\t\t\t\t\t\t\t\t\t\t\t\t\t\t\t\t\t\t\t\t\t\t\t\t\t\t\t\t\t\t\t\t\t\t\t\t\t\t\t\t\t\t\t\t\t\t\r\n\t\t\t\t\t\t\t\t\t\t\t\t\t\t\t\t\t\t\r\n\t\t\t\t\t\t\t\t\t<span>EFECTIVO<\/span>\r\n\t\t\t\t\t\t\t\t\t\r\n\t\t\t\t\t\t\t\t\t\t\t\t\t\t\t\t\t\t\r\n\t\t\t\t\t\t\t\t\t\t\t\t\t\t\t\t\t\t\t\t\r\n\t\t\t\t\t\t\t\t\t\r\n\t\t\t\t\t\t\t\t<\/a>\r\n\t\t\t\t\t\t\t<\/li>\r\n\t\t\t\t\t\t\t\t\t\t\t <\/ul>\r\n\r\n\t\t\t\t\t  <!-- Tab panes -->\r\n\t\t\t\t\t  <div class=\"tab-content\" id=\"tab-content_9716\">\r\n\t\t\t\t\t\t\t\t\t\t\t\t <div role=\"tabpanel\" class=\"tab-pane  in active \" id=\"tabs_desc_9716_1\">\r\n\t\t\t\t\t\t\t\t<p style=\"text-align: center;\" align=\"center\">Realice su inversi\u00f3n de manera segura mediante nuestra pasarela de pago con su tarjeta de d\u00e9bito o cr\u00e9dito<\/p>\r\n<p align=\"center\"><a href=\"https:\/\/i0.wp.com\/cebem.org\/wp-content\/uploads\/2021\/09\/logo-visa-mastercard.png?ssl=1\"><img data-recalc-dims=\"1\" decoding=\"async\" class=\"size-full wp-image-8995 aligncenter\" src=\"https:\/\/i0.wp.com\/cebem.org\/wp-content\/uploads\/2021\/09\/logo-visa-mastercard.png?resize=300%2C110&#038;ssl=1\" alt=\"\" width=\"300\" height=\"110\" \/><\/a><\/p>\r\n\r\n<div class=\"has-text-align-center\">\r\n<div class=\"wp-block-button\" style=\"text-align: center;\"><a class=\"wp-block-button__link\" href=\"https:\/\/links.libelula.bo\/Pay\/cf31329a-7ac4-4f6e-b8d9-496e07d1cc5a\" target=\"_blank\" rel=\"noreferrer noopener\">PAGAR AQU\u00cd en bolivianos\r\n840 Bs<\/a><\/div>\r\n<div class=\"wp-block-button\" style=\"text-align: center;\"><a class=\"wp-block-button__link\" href=\"https:\/\/links.libelula.bo\/Pay\/5e196191-a262-4fd0-bede-244a520845cd\" target=\"_blank\" rel=\"noreferrer noopener\">PAGAR AQU\u00cd en dolares\r\n120 $us<\/a><\/div>\r\n<\/div>\t\t\t\t\t\t <\/div>\r\n\t\t\t\t\t\t\t\t\t\t\t\t <div role=\"tabpanel\" class=\"tab-pane \" id=\"tabs_desc_9716_2\">\r\n\t\t\t\t\t\t\t\t<p style=\"text-align: center;\"><img data-recalc-dims=\"1\" decoding=\"async\" class=\"aligncenter wp-image-7043\" src=\"https:\/\/i0.wp.com\/cebem.org\/wp-content\/uploads\/2020\/04\/Logo_Banco_BISA.png?resize=250%2C75&#038;ssl=1\" alt=\"\" width=\"250\" height=\"75\" srcset=\"https:\/\/i0.wp.com\/cebem.org\/wp-content\/uploads\/2020\/04\/Logo_Banco_BISA.png?w=600&amp;ssl=1 600w, https:\/\/i0.wp.com\/cebem.org\/wp-content\/uploads\/2020\/04\/Logo_Banco_BISA.png?resize=300%2C90&amp;ssl=1 300w\" sizes=\"(max-width: 250px) 100vw, 250px\" \/><\/p>\r\n<p style=\"text-align: center;\"><strong>En bolivianos - BS<br>\r\n<\/strong>Cuenta corriente: 130861-001-9<br>\r\nTitular de la cuenta: Cebem\u200b<br>\r\nNIT: 1006059021<\/p>\r\n<p style=\"text-align: center;\"><strong>En d\u00f3lares - U$<br>\r\n<\/strong>Cuenta corriente: 130861-206-2<br>\r\nTitular de la cuenta: Cebem\u200b<br>\r\nNIT: 1006059021<\/p>\r\n<em>Posterior al pago enviar una foto de la constancia de transferencia al correo beatriz@cebem.org indicando su nombre y el nombre del curso al cual se ha inscrito.<\/em>\t\t\t\t\t\t <\/div>\r\n\t\t\t\t\t\t\t\t\t\t\t\t <div role=\"tabpanel\" class=\"tab-pane \" id=\"tabs_desc_9716_3\">\r\n\t\t\t\t\t\t\t\t<p style=\"text-align: center;\"><a href=\"https:\/\/i0.wp.com\/cebem.org\/wp-content\/uploads\/2020\/04\/logo-prodem.png?ssl=1\"><img data-recalc-dims=\"1\" loading=\"lazy\" decoding=\"async\" class=\"aligncenter wp-image-7050\" src=\"https:\/\/i0.wp.com\/cebem.org\/wp-content\/uploads\/2020\/04\/logo-prodem.png?resize=250%2C68&#038;ssl=1\" alt=\"\" width=\"250\" height=\"68\" srcset=\"https:\/\/i0.wp.com\/cebem.org\/wp-content\/uploads\/2020\/04\/logo-prodem.png?w=600&amp;ssl=1 600w, https:\/\/i0.wp.com\/cebem.org\/wp-content\/uploads\/2020\/04\/logo-prodem.png?resize=300%2C82&amp;ssl=1 300w\" sizes=\"(max-width: 250px) 100vw, 250px\" \/><\/a>\r\n<a href=\"https:\/\/i0.wp.com\/cebem.org\/wp-content\/uploads\/2020\/04\/logo-banco-fie.jpg?ssl=1\"><img data-recalc-dims=\"1\" loading=\"lazy\" decoding=\"async\" class=\"aligncenter wp-image-7045\" src=\"https:\/\/i0.wp.com\/cebem.org\/wp-content\/uploads\/2020\/04\/logo-banco-fie.jpg?resize=250%2C84&#038;ssl=1\" alt=\"\" width=\"250\" height=\"84\" srcset=\"https:\/\/i0.wp.com\/cebem.org\/wp-content\/uploads\/2020\/04\/logo-banco-fie.jpg?w=757&amp;ssl=1 757w, https:\/\/i0.wp.com\/cebem.org\/wp-content\/uploads\/2020\/04\/logo-banco-fie.jpg?resize=300%2C100&amp;ssl=1 300w, https:\/\/i0.wp.com\/cebem.org\/wp-content\/uploads\/2020\/04\/logo-banco-fie.jpg?resize=600%2C201&amp;ssl=1 600w, https:\/\/i0.wp.com\/cebem.org\/wp-content\/uploads\/2020\/04\/logo-banco-fie.jpg?resize=750%2C253&amp;ssl=1 750w\" sizes=\"(max-width: 250px) 100vw, 250px\" \/><\/a><\/p>\r\n<p style=\"text-align: center;\">(para el interior de Bolivia)<br>\r\n<strong>Destinatario:<\/strong> Cinda Beatriz Herrera Rodr\u00edguez<br>\r\n<strong> CI:<\/strong> 2234285 LP\u200b<\/p>\r\n<em>Posterior al pago enviar una foto de la constancia de transferencia al correo beatriz@cebem.org indicando su nombre y el nombre del curso al cual se ha inscrito.<\/em>\t\t\t\t\t\t <\/div>\r\n\t\t\t\t\t\t\t\t\t\t\t\t <div role=\"tabpanel\" class=\"tab-pane \" id=\"tabs_desc_9716_4\">\r\n\t\t\t\t\t\t\t\t<p style=\"text-align: center;\"><strong>De LUNES a VIERNES<\/strong><\/p>\r\n<p style=\"text-align: center;\"><strong>De 9 de la ma\u00f1ana hasta las 15:00 horas<\/strong><\/p>\r\n<p style=\"text-align: center;\">Calle Macario Pinilla # 2588 esq. Av. Arce, Edificio Arcadia, Mezzanine, Of. 101 - La Paz, Bolivia<\/p>\r\n<p style=\"text-align: center;\">Tel\u00e9fono: +591 2431818 - Celular: +591 73027636 - Casilla No 9205<\/p>\r\n<p style=\"text-align: center;\"><iframe src=\"https:\/\/www.google.com\/maps\/d\/embed?mid=1hgDK66fw1KbCWvksTp9idh6bQQU&hl=es\" width=\"640\" height=\"480\"><\/iframe><\/p>\t\t\t\t\t\t <\/div>\r\n\t\t\t\t\t\t\t\r\n\t\t\t\t\t <\/div>\r\n\t\t\t\t\t \r\n\t\t\t\t <\/div>\r\n <script>\r\n\t\tjQuery(function () {\r\n\t\t\tjQuery('#myTab_9716 a:first').tab('show')\r\n\t\t});\r\n\t\t\r\n\t\t\t\tjQuery(function(){\r\n\t\t\tvar b=\"fadeIn\";\r\n\t\t\tvar c;\r\n\t\t\tvar a;\r\n\t\t\td(jQuery(\"#myTab_9716 a\"),jQuery(\"#tab-content_9716\"));function d(e,f,g){\r\n\t\t\t\te.click(function(i){\r\n\t\t\t\t\ti.preventDefault();\r\n\t\t\t\t\tjQuery(this).tab(\"show\");\r\n\t\t\t\t\tvar h=jQuery(this).data(\"easein\");\r\n\t\t\t\t\tif(c){c.removeClass(a);}\r\n\t\t\t\t\tif(h){f.find(\"div.active\").addClass(\"animated \"+h);a=h;}\r\n\t\t\t\t\telse{if(g){f.find(\"div.active\").addClass(\"animated \"+g);a=g;}else{f.find(\"div.active\").addClass(\"animated \"+b);a=b;}}c=f.find(\"div.active\");\r\n\t\t\t\t});\r\n\t\t\t}\r\n\t\t});\r\n\t\t\r\n\r\n\t\tfunction do_resize(){\r\n\r\n\t\t\tvar width=jQuery( '.tab-content .tab-pane iframe' ).width();\r\n\t\t\tvar height=jQuery( '.tab-content .tab-pane iframe' ).height();\r\n\r\n\t\t\tvar toggleSize = true;\r\n\t\t\tjQuery('iframe').animate({\r\n\t\t\t    width: toggleSize ? width : 640,\r\n\t\t\t    height: toggleSize ? height : 360\r\n\t\t\t  }, 250);\r\n\r\n\t\t\t  toggleSize = !toggleSize;\r\n\t\t}\r\n\r\n\r\n\t<\/script>\r\n\t\t\t\t\r\n\t\t\t\n\n\n\n<p class=\"has-vivid-purple-color has-text-color\"><strong>STAFF DOCENTE<\/strong><\/p>\n\n\n<div class=\"wp-block-image\">\n<figure class=\"alignleft size-full is-resized\"><img data-recalc-dims=\"1\" loading=\"lazy\" decoding=\"async\" src=\"https:\/\/i0.wp.com\/cebem.org\/wp-content\/uploads\/2021\/12\/Natalia-Torchia.jpg?resize=150%2C209&#038;ssl=1\" alt=\"\" class=\"wp-image-9687\" width=\"150\" height=\"209\" srcset=\"https:\/\/i0.wp.com\/cebem.org\/wp-content\/uploads\/2021\/12\/Natalia-Torchia.jpg?w=600&amp;ssl=1 600w, https:\/\/i0.wp.com\/cebem.org\/wp-content\/uploads\/2021\/12\/Natalia-Torchia.jpg?resize=216%2C300&amp;ssl=1 216w\" sizes=\"(max-width: 150px) 100vw, 150px\" \/><\/figure>\n<\/div>\n\n\n<p><strong>Natalia Torchia<\/strong><\/p>\n\n\n\n<p>Es Licenciada en Informaci\u00f3n Ambiental, Especialista en \u201cTeledetecci\u00f3n y Sistemas de Informaci\u00f3n Geogr\u00e1fica aplicados al Estudio del Medio Ambiente\u201d, Especialista en \u201cReducci\u00f3n del Riesgo de Desastres en el marco del desarrollo local sostenible\u201d EIRD. Trabaj\u00f3 como Consultora realizando EIA de Proyectos y EAE de Planes y Programas. Desempe\u00f1\u00f3 cargos p\u00fablicos en Ministerios nacionales; Directora de An\u00e1lisis del Riesgo de la Secretar\u00eda de Protecci\u00f3n Civil de la Naci\u00f3n, Asesora Ambiental de la Subsecretaria de Planificaci\u00f3n Territorial de la Inversi\u00f3n P\u00fablica, Consultora Ambiental para el Programa Nacional de Reducci\u00f3n del Riesgo y Adaptaci\u00f3n al Cambio Clim\u00e1tico (PNUD). Posee experiencia Docente desde hace m\u00e1s de 20 a\u00f1os en carreras de grado y postgrado.<\/p>\n\n\n<div class=\"wp-block-image\">\n<figure class=\"alignleft size-full\"><img data-recalc-dims=\"1\" loading=\"lazy\" decoding=\"async\" width=\"150\" height=\"150\" src=\"https:\/\/i0.wp.com\/cebem.org\/wp-content\/uploads\/2021\/01\/lorena-coria.jpg?resize=150%2C150&#038;ssl=1\" alt=\"\" class=\"wp-image-8194\"\/><\/figure>\n<\/div>\n\n\n<p><strong>Lorena G Coria<\/strong><\/p>\n\n\n\n<p>Es Licenciada en Informaci\u00f3n Ambiental y Master en Desarrollo Local \u201cEstrategias Ambientales y Territoriales\u201d (UNIA Espa\u00f1a). Realiz\u00f3 la Especializaci\u00f3n en Evaluaci\u00f3n de impacto Ambiental Universidad Polit\u00e9cnica de Catalu\u00f1a FUNIBER y el posgrado en Evaluaci\u00f3n de Impacto en FLACSO Argentina. Es Especialista en Educaci\u00f3n en Ambiente y en Educaci\u00f3n Abierta para Entornos Virtuales participando de cursos en materia de formaci\u00f3n en educaci\u00f3n a distancia. Ha sido consultora de proyectos nacionales e internacionales.&nbsp; Miembro de las comisiones de UICN en Comunicaci\u00f3n y Educaci\u00f3n Ambiental y Pol\u00edtica Ambiental. Promotora ODS. Es docente y consultora en diversos temas ambientales en CEBEM.&nbsp; Consultar el perfil en: <a href=\"https:\/\/www.linkedin.com\/in\/lorena-g-coria-80964820\/%20\/\" target=\"_blank\" rel=\"noreferrer noopener\">https:\/\/www.linkedin.com\/in\/lorena-g-coria-80964820<\/a><\/p>\n\n\n\n<h3 class=\"has-text-align-center wp-block-heading\">\u00bfTe interesa participar del curso?<\/h3>\n\n\n\n<div class=\"wp-block-buttons is-horizontal is-content-justification-center is-layout-flex wp-container-core-buttons-is-layout-499968f5 wp-block-buttons-is-layout-flex\">\n<div class=\"wp-block-button\"><a class=\"wp-block-button__link\" href=\"https:\/\/forms.gle\/5ERhQ3hSkTiWmELv8\" target=\"_blank\" rel=\"noreferrer noopener\">REALIZA TU PRE-INSCRIPCI\u00d3N<\/a><\/div>\n<\/div>\n\n\n\n<h3 class=\"has-text-align-center wp-block-heading\" id=\"block-9603d57d-420c-44c3-b8ef-47c132d2c23e\">\u00a1Finaliza el curso y obt\u00e9n tu CERTIFICADO!<\/h3>\n\n\n<div class=\"wp-block-image\">\n<figure class=\"aligncenter is-resized\" id=\"block-aa4a09cc-a09f-48c7-b934-b16734225510\"><img data-recalc-dims=\"1\" loading=\"lazy\" decoding=\"async\" src=\"https:\/\/i0.wp.com\/cebem.org\/wp-content\/uploads\/2020\/11\/ejemplo-certificado-2020.jpg?resize=455%2C321&#038;ssl=1\" alt=\"La imagen tiene un atributo ALT vac\u00edo; su nombre de archivo es ejemplo-certificado-2020.jpg\" width=\"455\" height=\"321\"\/><\/figure>\n<\/div>\n\n\n<p id=\"block-a9b74f2e-f9d2-42bc-9519-46c83f3174b5\">Se otorgar\u00e1 un&nbsp;<strong>CERTIFICADO<\/strong> <strong>DIGITAL<\/strong>&nbsp;al finalizar el curso y completando las actividades, esto lo recibir\u00e1 directamente a su correo electr\u00f3nico, el cual cuenta con un c\u00f3digo QR para validar su aurtenticidad..<\/p>\n\n\n\n<h4 class=\"has-vivid-purple-color has-text-color wp-block-heading\" id=\"block-ae2b1ae1-1cfb-4c8f-834c-4a77fc8b1428\"><strong>\u00bfTIENES ALGUNA CONSULTA? ESCR\u00cdBENOS:<\/strong><\/h4>\n\n\n\n<div class=\"wp-block-columns is-layout-flex wp-container-core-columns-is-layout-9d6595d7 wp-block-columns-is-layout-flex\">\n<div class=\"wp-block-column is-layout-flow wp-block-column-is-layout-flow\"><div class=\"wp-block-image\">\n<figure class=\"aligncenter is-resized\" id=\"block-03a03a78-c7b6-4921-9eef-537a891cf30c\"><img data-recalc-dims=\"1\" loading=\"lazy\" decoding=\"async\" src=\"https:\/\/i0.wp.com\/cebem.org\/wp-content\/uploads\/2019\/07\/envelope-3152053_960_720.png?resize=71%2C54&#038;ssl=1\" alt=\"La imagen tiene un atributo ALT vac\u00edo; su nombre de archivo es envelope-3152053_960_720.png\" width=\"71\" height=\"54\"\/><\/figure>\n<\/div>\n\n\n<p class=\"has-text-align-center\" id=\"block-ad3c28f6-942a-4847-9bc2-f1f8cb5f179f\"><a href=\"mailto:beatriz@cebem.org\"><strong>beatriz@cebem.org<\/strong><\/a><\/p>\n<\/div>\n\n\n\n<div class=\"wp-block-column is-layout-flow wp-block-column-is-layout-flow\"><div class=\"wp-block-image\">\n<figure class=\"aligncenter is-resized\" id=\"block-ab0ee5bb-071a-4e1f-aaf9-6b3653d31dc2\"><img data-recalc-dims=\"1\" loading=\"lazy\" decoding=\"async\" src=\"https:\/\/i0.wp.com\/cebem.org\/wp-content\/uploads\/2019\/07\/Whatsapp_icon-icons.png?resize=66%2C66&#038;ssl=1\" alt=\"La imagen tiene un atributo ALT vac\u00edo; su nombre de archivo es Whatsapp_icon-icons.png\" width=\"66\" height=\"66\"\/><\/figure>\n<\/div>\n\n\n<p class=\"has-text-align-center\" id=\"block-f8faf0af-f3fd-4dee-84b3-68a6e9ba01c2\"><a href=\"https:\/\/api.whatsapp.com\/send?phone=59170522053&amp;text=Hola,%20me%20interesa%20el%20Curso%20virtual%20Internacional:%20Evaluaci%C3%B3n%20de%20Impacto%20Ambiental\"><strong>WhatsApp:<\/strong>&nbsp;+<\/a><a href=\"https:\/\/api.whatsapp.com\/send?phone=59170522053&amp;text=Hola,%20me%20interesa%20el%20Curso%20virtual%20Internacional:%20Evaluaci%C3%B3n%20de%20Impacto%20Ambiental\" target=\"_blank\" rel=\"noreferrer noopener\">591 70522053<\/a><\/p>\n<\/div>\n<\/div>\n","protected":false},"excerpt":{"rendered":"<p><b>Fecha a Definir<\/b>, Modalidad sincr\u00f3nica y asincr\u00f3nica de 100 horas (M\u00f3dulos con una duraci\u00f3n de 15 d\u00edas)<\/p>\n","protected":false},"author":2,"featured_media":9279,"comment_status":"closed","ping_status":"closed","sticky":false,"template":"","format":"standard","meta":{"_jetpack_memberships_contains_paid_content":false,"footnotes":"","jetpack_publicize_message":"","jetpack_publicize_feature_enabled":true,"jetpack_social_post_already_shared":true,"jetpack_social_options":{"image_generator_settings":{"template":"highway","default_image_id":0,"font":"","enabled":false},"version":2}},"categories":[595,1390],"tags":[38,247],"class_list":["post-9278","post","type-post","status-publish","format-standard","has-post-thumbnail","hentry","category-curso-tutoriado","category-cursos2026","tag-curso","tag-curso-virtual","nodate","item-wrap"],"jetpack_publicize_connections":[],"jetpack_featured_media_url":"https:\/\/i0.wp.com\/cebem.org\/wp-content\/uploads\/2021\/11\/evaluacion-impacto-ambiental.jpg?fit=1920%2C1156&ssl=1","jetpack_sharing_enabled":true,"_links":{"self":[{"href":"https:\/\/cebem.org\/index.php?rest_route=\/wp\/v2\/posts\/9278","targetHints":{"allow":["GET"]}}],"collection":[{"href":"https:\/\/cebem.org\/index.php?rest_route=\/wp\/v2\/posts"}],"about":[{"href":"https:\/\/cebem.org\/index.php?rest_route=\/wp\/v2\/types\/post"}],"author":[{"embeddable":true,"href":"https:\/\/cebem.org\/index.php?rest_route=\/wp\/v2\/users\/2"}],"replies":[{"embeddable":true,"href":"https:\/\/cebem.org\/index.php?rest_route=%2Fwp%2Fv2%2Fcomments&post=9278"}],"version-history":[{"count":13,"href":"https:\/\/cebem.org\/index.php?rest_route=\/wp\/v2\/posts\/9278\/revisions"}],"predecessor-version":[{"id":10893,"href":"https:\/\/cebem.org\/index.php?rest_route=\/wp\/v2\/posts\/9278\/revisions\/10893"}],"wp:featuredmedia":[{"embeddable":true,"href":"https:\/\/cebem.org\/index.php?rest_route=\/wp\/v2\/media\/9279"}],"wp:attachment":[{"href":"https:\/\/cebem.org\/index.php?rest_route=%2Fwp%2Fv2%2Fmedia&parent=9278"}],"wp:term":[{"taxonomy":"category","embeddable":true,"href":"https:\/\/cebem.org\/index.php?rest_route=%2Fwp%2Fv2%2Fcategories&post=9278"},{"taxonomy":"post_tag","embeddable":true,"href":"https:\/\/cebem.org\/index.php?rest_route=%2Fwp%2Fv2%2Ftags&post=9278"}],"curies":[{"name":"wp","href":"https:\/\/api.w.org\/{rel}","templated":true}]}}