
{"id":926,"date":"2016-05-31T00:06:57","date_gmt":"2016-05-31T04:06:57","guid":{"rendered":"http:\/\/cebem.org\/?p=926"},"modified":"2016-05-31T00:06:57","modified_gmt":"2016-05-31T04:06:57","slug":"abierto-plazo-de-inscripcion-master-evaluacion-de-programas-y-politicas-publicas-2016-2017","status":"publish","type":"post","link":"https:\/\/cebem.org\/?p=926","title":{"rendered":"Abierto plazo de inscripci\u00f3n M\u00e1ster Evaluaci\u00f3n de Programas y Pol\u00edticas P\u00fablicas (2016-2017)"},"content":{"rendered":"<p style=\"margin-bottom: .0001pt; background: white;\"><span style=\"font-size: 10.0pt; font-family: 'Arial',sans-serif; color: #222222;\">El M\u00e1ster de Evaluaci\u00f3n de Programas y Pol\u00edticas P\u00fablicas de la Universidad Complutense de Madrid se imparte en el Centro Superior de Estudios de Gesti\u00f3n. Est\u00e1 dirigido principalmente a profesionales de la acci\u00f3n p\u00fablica, de la consultor\u00eda, de las ONG y a docentes e investigadores en evaluaci\u00f3n. Tambi\u00e9n se reservan unas plazas para reci\u00e9n graduados que quieran desarrollar una carrera profesional en el campo de la evaluaci\u00f3n.<\/span><\/p>\n<p style=\"margin-bottom: .0001pt; background: white; background-position-x: 0%; background-position-y: 0%; background-attachment: scroll;\"><span style=\"font-size: 10.0pt; font-family: 'Arial',sans-serif; color: #222222;\">El objetivo de este M\u00e1ster es que el alumnado adquiera los conocimientos, desarrolle competencias y entrene las habilidades necesarias para dise\u00f1ar, dirigir, realizar y asesorar evaluaciones, as\u00ed como analizar cr\u00edticamente las mismas. El programa se puede consultar en\u00a0<\/span><a href=\"http:\/\/www.magisterevaluacion.es\/\" target=\"_blank\"><span style=\"font-size: 10.0pt; font-family: 'Arial',sans-serif; color: #1155cc;\">www.magisterevaluacion.es<\/span><\/a><\/p>\n<p style=\"margin-bottom: .0001pt; background: white; background-position-x: 0%; background-position-y: 0%; background-attachment: scroll;\"><span style=\"font-size: 10.0pt; font-family: 'Arial',sans-serif; color: #222222;\">La duraci\u00f3n del M\u00e1ster\u00a0<\/span><span style=\"font-size: 10.0pt; font-family: 'Arial',sans-serif; color: black;\">es de\u00a0<b>700 horas<\/b>,<\/span><span style=\"font-size: 10.0pt; font-family: 'Arial',sans-serif; color: #222222;\">\u00a0que se distribuyen de la siguiente manera:<\/span><\/p>\n<ul>\n<li><b><span style=\"font-size: 10.0pt; font-family: 'Arial',sans-serif; color: black;\">Clases presenciales,<\/span><\/b><span style=\"font-size: 9.0pt; font-family: 'Arial',sans-serif; color: black;\">\u00a0<\/span><span style=\"font-size: 10.0pt; font-family: 'Arial',sans-serif; color: black;\">212\u00a0horas. Son 17 sesiones de 12 horas (viernes ma\u00f1ana, viernes tarde y s\u00e1bados ma\u00f1ana) que se imparten cada 15 d\u00edas m\u00e1s algunos seminarios. Las clases empiezan a finales de octubre 2016 y finalizan a primeros de julio 2017.<\/span><\/li>\n<li><span style=\"font-size: 10.0pt; font-family: 'Arial',sans-serif; color: black;\">Entre sesi\u00f3n y sesi\u00f3n hay que realizar un\u00a0<b>trabajo pr\u00e1ctico individual<\/b>\u00a0tutorizado, estimado en\u00a0240\u00a0horas a lo largo de todo el curso.<\/span><\/li>\n<li><span style=\"font-size: 10.0pt; font-family: 'Arial',sans-serif; color: black;\">El curso se completa con la realizaci\u00f3n de una\u00a0<b>memoria fin de m\u00e1ster\u00a0<\/b>(tesina de evaluaci\u00f3n)\u00a0de\u00a0248\u00a0horas de trabajo estimado a realizar entre julio 2017 y enero 2018.<\/span><\/li>\n<\/ul>\n<p style=\"margin-bottom: .0001pt; background: white; background-position-x: 0%; background-position-y: 0%; background-attachment: scroll;\"><span style=\"font-size: 10.0pt; font-family: 'Arial',sans-serif; color: #222222;\">Las clases se imparten mayoritariamente en castellano, aunque es suficiente un conocimiento pasivo (comprensivo) del mismo.<\/span><\/p>\n<p style=\"margin-bottom: .0001pt; background: white; background-position-x: 0%; background-position-y: 0%; background-attachment: scroll;\"><span style=\"font-size: 10.0pt; font-family: 'Arial',sans-serif; color: #222222;\">Para formalizar la solicitud de admisi\u00f3n al M\u00e1ster es necesario enviar el\u00a0<b>Curr\u00edculo Vitae<\/b>\u00a0y una\u00a0<b>Carta\u00a0de Motivaci\u00f3n\u00a0<\/b>explicando cu\u00e1les son las razones por los que desea realizar el curso. <\/span><\/p>\n<p style=\"margin-bottom: .0001pt; background: white; background-position-x: 0%; background-position-y: 0%; background-attachment: scroll;\"><span style=\"font-size: 10.0pt; font-family: 'Arial',sans-serif; color: #222222;\">Para cualquier duda, ampliaci\u00f3n de informaci\u00f3n o aclaraci\u00f3n de cualquier tipo puede ponerse en contacto con el Magister:\u00a0<\/span><a href=\"mailto:expeval@ucm.es\/\" target=\"_blank\"><span style=\"font-size: 10.0pt; font-family: 'Arial',sans-serif; color: #1155cc;\">masterevaluacion@ucm.es\/<\/span><\/a><span style=\"font-size: 9.0pt; font-family: 'Arial',sans-serif; color: #222222;\">\u00a0<\/span><span style=\"font-size: 10.0pt; font-family: 'Arial',sans-serif; color: #222222;\">91-394-25-28 \/ 91-394-29-57.<\/span><\/p>\n<h4 style=\"margin-bottom: .0001pt; background: white; background-position-x: 0%; background-position-y: 0%; background-attachment: scroll;\"><a href=\"http:\/\/cebem.org\/wp-content\/uploads\/2016\/05\/Programa-M\u00e1ster_XV_Promoci\u00f3n.pdf\" target=\"_blank\" rel=\"\">DESCARGAR PROGRAMA<\/a><\/h4>\n","protected":false},"excerpt":{"rendered":"<p>El M\u00e1ster de Evaluaci\u00f3n de Programas y Pol\u00edticas P\u00fablicas de la Universidad Complutense de Madrid se imparte en el Centro Superior de Estudios de Gesti\u00f3n. Est\u00e1 dirigido principalmente a profesionales de la acci\u00f3n p\u00fablica, de la consultor\u00eda, de las ONG y a docentes e investigadores en evaluaci\u00f3n. Tambi\u00e9n se reservan unas plazas para reci\u00e9n graduados &hellip; <\/p>\n<p><a class=\"more-link btn\" href=\"https:\/\/cebem.org\/?p=926\">Seguir leyendo<\/a><\/p>\n","protected":false},"author":2,"featured_media":928,"comment_status":"closed","ping_status":"closed","sticky":false,"template":"","format":"standard","meta":{"_jetpack_memberships_contains_paid_content":false,"footnotes":"","jetpack_publicize_message":"","jetpack_publicize_feature_enabled":true,"jetpack_social_post_already_shared":true,"jetpack_social_options":{"image_generator_settings":{"template":"highway","default_image_id":0,"font":"","enabled":false},"version":2}},"categories":[10],"tags":[37,38],"class_list":["post-926","post","type-post","status-publish","format-standard","has-post-thumbnail","hentry","category-otros-cursos","tag-boletin-4-mayo-2016","tag-curso","item-wrap"],"jetpack_publicize_connections":[],"jetpack_featured_media_url":"https:\/\/i0.wp.com\/cebem.org\/wp-content\/uploads\/2016\/05\/logo-Magister.jpg?fit=431%2C188&ssl=1","jetpack_sharing_enabled":true,"_links":{"self":[{"href":"https:\/\/cebem.org\/index.php?rest_route=\/wp\/v2\/posts\/926","targetHints":{"allow":["GET"]}}],"collection":[{"href":"https:\/\/cebem.org\/index.php?rest_route=\/wp\/v2\/posts"}],"about":[{"href":"https:\/\/cebem.org\/index.php?rest_route=\/wp\/v2\/types\/post"}],"author":[{"embeddable":true,"href":"https:\/\/cebem.org\/index.php?rest_route=\/wp\/v2\/users\/2"}],"replies":[{"embeddable":true,"href":"https:\/\/cebem.org\/index.php?rest_route=%2Fwp%2Fv2%2Fcomments&post=926"}],"version-history":[{"count":1,"href":"https:\/\/cebem.org\/index.php?rest_route=\/wp\/v2\/posts\/926\/revisions"}],"predecessor-version":[{"id":929,"href":"https:\/\/cebem.org\/index.php?rest_route=\/wp\/v2\/posts\/926\/revisions\/929"}],"wp:featuredmedia":[{"embeddable":true,"href":"https:\/\/cebem.org\/index.php?rest_route=\/wp\/v2\/media\/928"}],"wp:attachment":[{"href":"https:\/\/cebem.org\/index.php?rest_route=%2Fwp%2Fv2%2Fmedia&parent=926"}],"wp:term":[{"taxonomy":"category","embeddable":true,"href":"https:\/\/cebem.org\/index.php?rest_route=%2Fwp%2Fv2%2Fcategories&post=926"},{"taxonomy":"post_tag","embeddable":true,"href":"https:\/\/cebem.org\/index.php?rest_route=%2Fwp%2Fv2%2Ftags&post=926"}],"curies":[{"name":"wp","href":"https:\/\/api.w.org\/{rel}","templated":true}]}}