
{"id":9251,"date":"2021-11-08T18:54:23","date_gmt":"2021-11-08T22:54:23","guid":{"rendered":"https:\/\/cebem.org\/?p=9251"},"modified":"2022-03-07T16:07:28","modified_gmt":"2022-03-07T20:07:28","slug":"presentacion-de-libro","status":"publish","type":"post","link":"https:\/\/cebem.org\/?p=9251","title":{"rendered":"Presentaci\u00f3n de Libro"},"content":{"rendered":"\n<iframe src=\"https:\/\/www.facebook.com\/plugins\/video.php?height=288&amp;href=https%3A%2F%2Fwww.facebook.com%2FCienciaPoliticaOficial%2Fvideos%2F2942484062731445%2F&amp;show_text=false&amp;width=560&amp;t=0\" style=\"border:none;overflow:hidden; text-align;center\" scrolling=\"no\" allowfullscreen=\"true\" allow=\"autoplay; clipboard-write; encrypted-media; picture-in-picture; web-share\" width=\"560\" height=\"288\" frameborder=\"0\"><\/iframe>\n\n\n\n<p>El Instituto de Investigaciones en Ciencia Pol\u00edtica invita a la comunidad universitaria y p\u00fablico en general a la presentaci\u00f3n del libro:<\/p>\n\n\n\n<h3 class=\"has-text-align-center wp-block-heading\">El Neoconstitucionalismo, en el Estado Plurinacional de Bolivia y la pir\u00e1mide de Kelsen o Jerarqu\u00eda Normativa en la nueva CP<strong>E<\/strong><br>A<strong>utor: P.hD. Mario Galindo Soza.<\/strong><\/h3>\n\n\n\n<p><strong>Comentan el libro:<\/strong><\/p>\n\n\n\n<ul class=\"wp-block-list\"><li>P.hD. Marco Antonio Saavedra Mogro<\/li><li>P.hD. Fernando Miranda Mendoza.<\/li><\/ul>\n\n\n\n<p><strong>Fecha:<\/strong> mi\u00e9rcoles 10 de noviembre de 2021<\/p>\n\n\n\n<p><strong>Hora: <\/strong>10:00<\/p>\n\n\n\n<p><strong>Transmisi\u00f3n:<\/strong> <a href=\"https:\/\/www.facebook.com\/CienciaPoliticaOficial\/\" target=\"_blank\" rel=\"noreferrer noopener\">Facebook Live de la Carrera de Ciencia Pol\u00edtica y Gestion Publica<\/a><\/p>\n\n\n\n<p><strong>Lugar: <\/strong>Paraninfo Facultad de Derecho y Ciencias Pol\u00edticas.<\/p>\n\n\n\n<figure class=\"wp-block-pullquote\"><blockquote><p>Se entregar\u00e1n ejemplares del libro en el evento.<\/p><\/blockquote><\/figure>\n\n\n\n<div class=\"wp-block-image\"><figure class=\"aligncenter size-large is-resized\"><img data-recalc-dims=\"1\" fetchpriority=\"high\" decoding=\"async\" src=\"https:\/\/i0.wp.com\/cebem.org\/wp-content\/uploads\/2021\/11\/presentacion-libro-galindo.jpeg?resize=512%2C383&#038;ssl=1\" alt=\"\" class=\"wp-image-9255\" width=\"512\" height=\"383\" srcset=\"https:\/\/i0.wp.com\/cebem.org\/wp-content\/uploads\/2021\/11\/presentacion-libro-galindo.jpeg?resize=1024%2C766&amp;ssl=1 1024w, https:\/\/i0.wp.com\/cebem.org\/wp-content\/uploads\/2021\/11\/presentacion-libro-galindo.jpeg?resize=300%2C225&amp;ssl=1 300w, https:\/\/i0.wp.com\/cebem.org\/wp-content\/uploads\/2021\/11\/presentacion-libro-galindo.jpeg?resize=768%2C575&amp;ssl=1 768w, https:\/\/i0.wp.com\/cebem.org\/wp-content\/uploads\/2021\/11\/presentacion-libro-galindo.jpeg?resize=600%2C449&amp;ssl=1 600w, https:\/\/i0.wp.com\/cebem.org\/wp-content\/uploads\/2021\/11\/presentacion-libro-galindo.jpeg?resize=750%2C561&amp;ssl=1 750w, https:\/\/i0.wp.com\/cebem.org\/wp-content\/uploads\/2021\/11\/presentacion-libro-galindo.jpeg?w=1280&amp;ssl=1 1280w\" sizes=\"(max-width: 512px) 100vw, 512px\" \/><\/figure><\/div>\n","protected":false},"excerpt":{"rendered":"<p>El Neoconstitucionalismo, en el Estado Plurinacional de Bolivia y la pir\u00e1mide de Kelsen o Jerarqu\u00eda Normativa en la nueva CPE<\/p>\n<p>Autor: P.hD. Mario Galindo Soza.<\/p>\n<p>Fecha: mi\u00e9rcoles 10 de noviembre de 2021 a horas 10<\/p>\n","protected":false},"author":2,"featured_media":9255,"comment_status":"closed","ping_status":"closed","sticky":false,"template":"","format":"standard","meta":{"_jetpack_memberships_contains_paid_content":false,"footnotes":"","jetpack_publicize_message":"Presentaci\u00f3n de #Libro:\nEl Neoconstitucionalismo, en el Estado Plurinacional de Bolivia y la pir\u00e1mide de Kelsen o Jerarqu\u00eda Normativa en la nueva CPE\n\nAutor: P.hD. Mario Galindo Soza.\n\nFecha: mi\u00e9rcoles 10 de noviembre de 2021 a horas 10","jetpack_publicize_feature_enabled":true,"jetpack_social_post_already_shared":true,"jetpack_social_options":{"image_generator_settings":{"template":"highway","default_image_id":0,"font":"","enabled":false},"version":2}},"categories":[1],"tags":[1284,74],"class_list":["post-9251","post","type-post","status-publish","format-standard","has-post-thumbnail","hentry","category-noticias","tag-cebem","tag-libro","item-wrap"],"jetpack_publicize_connections":[],"jetpack_featured_media_url":"https:\/\/i0.wp.com\/cebem.org\/wp-content\/uploads\/2021\/11\/presentacion-libro-galindo.jpeg?fit=1280%2C958&ssl=1","jetpack_sharing_enabled":true,"_links":{"self":[{"href":"https:\/\/cebem.org\/index.php?rest_route=\/wp\/v2\/posts\/9251","targetHints":{"allow":["GET"]}}],"collection":[{"href":"https:\/\/cebem.org\/index.php?rest_route=\/wp\/v2\/posts"}],"about":[{"href":"https:\/\/cebem.org\/index.php?rest_route=\/wp\/v2\/types\/post"}],"author":[{"embeddable":true,"href":"https:\/\/cebem.org\/index.php?rest_route=\/wp\/v2\/users\/2"}],"replies":[{"embeddable":true,"href":"https:\/\/cebem.org\/index.php?rest_route=%2Fwp%2Fv2%2Fcomments&post=9251"}],"version-history":[{"count":7,"href":"https:\/\/cebem.org\/index.php?rest_route=\/wp\/v2\/posts\/9251\/revisions"}],"predecessor-version":[{"id":9265,"href":"https:\/\/cebem.org\/index.php?rest_route=\/wp\/v2\/posts\/9251\/revisions\/9265"}],"wp:featuredmedia":[{"embeddable":true,"href":"https:\/\/cebem.org\/index.php?rest_route=\/wp\/v2\/media\/9255"}],"wp:attachment":[{"href":"https:\/\/cebem.org\/index.php?rest_route=%2Fwp%2Fv2%2Fmedia&parent=9251"}],"wp:term":[{"taxonomy":"category","embeddable":true,"href":"https:\/\/cebem.org\/index.php?rest_route=%2Fwp%2Fv2%2Fcategories&post=9251"},{"taxonomy":"post_tag","embeddable":true,"href":"https:\/\/cebem.org\/index.php?rest_route=%2Fwp%2Fv2%2Ftags&post=9251"}],"curies":[{"name":"wp","href":"https:\/\/api.w.org\/{rel}","templated":true}]}}