
{"id":9203,"date":"2021-11-03T23:53:16","date_gmt":"2021-11-04T03:53:16","guid":{"rendered":"https:\/\/cebem.org\/?p=9203"},"modified":"2021-11-15T11:55:39","modified_gmt":"2021-11-15T15:55:39","slug":"cada-vez-falta-menos-para-el-iii-congreso-virtual-desarrollo-sustentable-y-desafios-ambientales","status":"publish","type":"post","link":"https:\/\/cebem.org\/?p=9203","title":{"rendered":"Cada vez falta menos para el III Congreso Virtual \u00abDesarrollo Sustentable y Desaf\u00edos Ambientales\u00bb"},"content":{"rendered":"\n<div class=\"wp-block-image\"><figure class=\"aligncenter size-large is-resized\"><img data-recalc-dims=\"1\" fetchpriority=\"high\" decoding=\"async\" src=\"https:\/\/i0.wp.com\/cebem.org\/wp-content\/uploads\/2021\/11\/mundo-3er_congreso-asistente.jpg?resize=750%2C393&#038;ssl=1\" alt=\"\" class=\"wp-image-9204\" width=\"750\" height=\"393\" srcset=\"https:\/\/i0.wp.com\/cebem.org\/wp-content\/uploads\/2021\/11\/mundo-3er_congreso-asistente.jpg?resize=1024%2C536&amp;ssl=1 1024w, https:\/\/i0.wp.com\/cebem.org\/wp-content\/uploads\/2021\/11\/mundo-3er_congreso-asistente.jpg?resize=300%2C157&amp;ssl=1 300w, https:\/\/i0.wp.com\/cebem.org\/wp-content\/uploads\/2021\/11\/mundo-3er_congreso-asistente.jpg?resize=768%2C402&amp;ssl=1 768w, https:\/\/i0.wp.com\/cebem.org\/wp-content\/uploads\/2021\/11\/mundo-3er_congreso-asistente.jpg?resize=600%2C314&amp;ssl=1 600w, https:\/\/i0.wp.com\/cebem.org\/wp-content\/uploads\/2021\/11\/mundo-3er_congreso-asistente.jpg?resize=750%2C393&amp;ssl=1 750w, https:\/\/i0.wp.com\/cebem.org\/wp-content\/uploads\/2021\/11\/mundo-3er_congreso-asistente.jpg?w=1200&amp;ssl=1 1200w\" sizes=\"(max-width: 750px) 100vw, 750px\" \/><\/figure><\/div>\n\n\n\n<h3 class=\"has-text-align-center wp-block-heading\">Participa como ASISTENTE con solo 70 bolivianos o 10 d\u00f3lares, <a rel=\"noreferrer noopener\" href=\"https:\/\/congresos.cebem.org\/costos\/\" target=\"_blank\"><strong>LINK de PAGO<\/strong><\/a><\/h3>\n\n\n\n<p>En esta versi\u00f3n contaremos con:<br><br><strong>80 TRABAJOS (PONENCIAS Y POSTER)<\/strong> de Argentina, Bolivia, Chile, Colombia, M\u00e9xico, Per\u00fa y Ecuador, de universidades, actores de la gesti\u00f3n p\u00fablica, de ONG e investigadores independientes.<br><br><strong>10 MESAS<\/strong> de trabajo:<\/p>\n\n\n\n<ul class=\"wp-block-list\"><li>Acci\u00f3n por el Clima &#8211; De la Problem\u00e1tica a las Acciones de Mitigaci\u00f3n y Adaptaci\u00f3n<\/li><li>Ciudades y Comunidades Sostenibles &#8211; Nuevos y Viejos Problemas Ambientales<\/li><li>Actores, Alianzas y Gobernanza Ambiental<\/li><li>Prospectiva y Ambiente &#8211; Cambio Clim\u00e1tico y Biodiversidad en el Escenario de la Post Pandemia<\/li><li>Producci\u00f3n y Consumo Responsable<\/li><li>Educaci\u00f3n Ambiental \u2013 Abordajes, Fundamentos y Herramientas<\/li><li>Conservaci\u00f3n de Recursos Naturales. Estrategias, Programas e Iniciativas<\/li><li>Tecnolog\u00edas de la Informaci\u00f3n Geogr\u00e1fica aplicadas al Ambiente<\/li><li>Igualdad de G\u00e9nero y Ambiente<\/li><li>Turismo y Ambiente<\/li><\/ul>\n\n\n\n<p><strong>5 WEBINARS sincr\u00f3nicos por ZOOM:<\/strong><\/p>\n\n\n\n<ul class=\"wp-block-list\"><li>Calentamiento Global y L\u00edmites Ambientales: desaf\u00edos para un futuro sostenible<\/li><li>La cooperaci\u00f3n internacional y las Alianzas para el Desarrollo Sostenible<\/li><li>Aportes al desarrollo sustentable: Red Mujeres y Sostenibilidad<\/li><li>An\u00e1lisis Espacial Aplicado a la gesti\u00f3n del arbolado urbano<\/li><li>La Restauraci\u00f3n de los ecosistemas. \u00bfEs la soluci\u00f3n para revertir la salud ambiental a nivel global?<\/li><\/ul>\n\n\n\n<p><strong>COMIT\u00c9 CIENT\u00cdFICO<\/strong> conformado por 33 especialistas de Argentina, Espa\u00f1a, Rusia, Bolivia, Per\u00fa, Venezuela, Colombia, M\u00e9xico, Ecuador.<br><br><strong>COORDINADORES<\/strong> conformados por 10 especialistas de Bolivia, Argentina, Venezuela, Ecuador, Espa\u00f1a.<br><\/p>\n\n\n\n<p><strong>As\u00ed tambi\u00e9n obtendr\u00e1s:<\/strong><\/p>\n\n\n\n<ul class=\"wp-block-list\"><li>Certificado digital de Asistencia<\/li><li>Acta final con todos los trabajos que se desarrollen en el Congreso<\/li><\/ul>\n\n\n\n<h3 class=\"has-text-align-center wp-block-heading\">Participa como ASISTENTE con solo 70 bolivianos o 10 d\u00f3lares, <a rel=\"noreferrer noopener\" href=\"https:\/\/congresos.cebem.org\/costos\/\" target=\"_blank\"><strong>LINK de PAGO<\/strong><\/a><\/h3>\n\n\n\n<h4 class=\"wp-block-heading\"><strong>\u00bfTIENES ALGUNA CONSULTA? ESCR\u00cdBENOS:<\/strong><\/h4>\n\n\n\n<p><a href=\"mailto:congreso@cebem.org\" target=\"_blank\" rel=\"noreferrer noopener\"><strong>Correo:&nbsp;<\/strong>congreso@cebem.org<\/a><\/p>\n\n\n\n<p><a rel=\"noreferrer noopener\" href=\"https:\/\/api.whatsapp.com\/send?phone=59173027636&amp;text=Hola,%20me%20interesa%20el%203er%20Congreso%20y%20tengo%20la%20siguiente%20consulta\" target=\"_blank\"><strong>WhatsApp:<\/strong>&nbsp;+591 73027636<\/a><\/p>\n","protected":false},"excerpt":{"rendered":"<p>En esta versi\u00f3n contaremos con, 80 TRABAJOS (PONENCIAS Y POSTER), 10 MESAS de trabajo, COMIT\u00c9 CIENT\u00cdFICO conformado por 33 especialistas, COORDINADORES conformados por 10 especialistas y 5 WEBINARS sincr\u00f3nicos por ZOOM.<\/p>\n","protected":false},"author":2,"featured_media":9204,"comment_status":"closed","ping_status":"closed","sticky":false,"template":"","format":"standard","meta":{"_jetpack_memberships_contains_paid_content":false,"footnotes":"","jetpack_publicize_message":"","jetpack_publicize_feature_enabled":true,"jetpack_social_post_already_shared":true,"jetpack_social_options":{"image_generator_settings":{"template":"highway","default_image_id":0,"font":"","enabled":false},"version":2}},"categories":[34],"tags":[54,15,317,155],"class_list":["post-9203","post","type-post","status-publish","format-standard","has-post-thumbnail","hentry","category-eventos","tag-ambiental","tag-congreso","tag-desarrollo-sustentable","tag-virtual","item-wrap"],"jetpack_publicize_connections":[],"jetpack_featured_media_url":"https:\/\/i0.wp.com\/cebem.org\/wp-content\/uploads\/2021\/11\/mundo-3er_congreso-asistente.jpg?fit=1200%2C628&ssl=1","jetpack_sharing_enabled":true,"_links":{"self":[{"href":"https:\/\/cebem.org\/index.php?rest_route=\/wp\/v2\/posts\/9203","targetHints":{"allow":["GET"]}}],"collection":[{"href":"https:\/\/cebem.org\/index.php?rest_route=\/wp\/v2\/posts"}],"about":[{"href":"https:\/\/cebem.org\/index.php?rest_route=\/wp\/v2\/types\/post"}],"author":[{"embeddable":true,"href":"https:\/\/cebem.org\/index.php?rest_route=\/wp\/v2\/users\/2"}],"replies":[{"embeddable":true,"href":"https:\/\/cebem.org\/index.php?rest_route=%2Fwp%2Fv2%2Fcomments&post=9203"}],"version-history":[{"count":1,"href":"https:\/\/cebem.org\/index.php?rest_route=\/wp\/v2\/posts\/9203\/revisions"}],"predecessor-version":[{"id":9205,"href":"https:\/\/cebem.org\/index.php?rest_route=\/wp\/v2\/posts\/9203\/revisions\/9205"}],"wp:featuredmedia":[{"embeddable":true,"href":"https:\/\/cebem.org\/index.php?rest_route=\/wp\/v2\/media\/9204"}],"wp:attachment":[{"href":"https:\/\/cebem.org\/index.php?rest_route=%2Fwp%2Fv2%2Fmedia&parent=9203"}],"wp:term":[{"taxonomy":"category","embeddable":true,"href":"https:\/\/cebem.org\/index.php?rest_route=%2Fwp%2Fv2%2Fcategories&post=9203"},{"taxonomy":"post_tag","embeddable":true,"href":"https:\/\/cebem.org\/index.php?rest_route=%2Fwp%2Fv2%2Ftags&post=9203"}],"curies":[{"name":"wp","href":"https:\/\/api.w.org\/{rel}","templated":true}]}}