
{"id":9185,"date":"2021-10-15T12:56:32","date_gmt":"2021-10-15T16:56:32","guid":{"rendered":"https:\/\/cebem.org\/?p=9185"},"modified":"2021-10-15T12:56:32","modified_gmt":"2021-10-15T16:56:32","slug":"entrevista-a-a-eduardo-cerda-el-camino-es-la-agroecologia","status":"publish","type":"post","link":"https:\/\/cebem.org\/?p=9185","title":{"rendered":"Entrevista a a Eduardo Cerd\u00e1: \u00abEl camino es la agroecolog\u00eda\u00bb"},"content":{"rendered":"\n<div class=\"wp-block-image\"><figure class=\"aligncenter size-full\"><img data-recalc-dims=\"1\" fetchpriority=\"high\" decoding=\"async\" width=\"595\" height=\"841\" src=\"https:\/\/i0.wp.com\/cebem.org\/wp-content\/uploads\/2021\/10\/El-camino-es-la-ecologia.jpg?resize=595%2C841&#038;ssl=1\" alt=\"\" class=\"wp-image-9186\" srcset=\"https:\/\/i0.wp.com\/cebem.org\/wp-content\/uploads\/2021\/10\/El-camino-es-la-ecologia.jpg?w=595&amp;ssl=1 595w, https:\/\/i0.wp.com\/cebem.org\/wp-content\/uploads\/2021\/10\/El-camino-es-la-ecologia.jpg?resize=212%2C300&amp;ssl=1 212w\" sizes=\"(max-width: 595px) 100vw, 595px\" \/><\/figure><\/div>\n\n\n\n<p>Entrevista realizada por  <a href=\"http:\/\/newsletter.biodiversidadla.org\/lt.php?tid=K0hSUQVWAAxTXRRTDFUGG1FWAVAeUQABA0kABghXVVVVBQdVUFUaCgBdDwYIB1IbVgdRAh4EBgwCSVEBAVQcVQBRAlAKUgcMBQoLH1gBVwEAVVcHHgMFBQNJBwcAABwHAAUDSVcPAA9fWgwBWwRQBQ\" target=\"_blank\" rel=\"noreferrer noopener\">Acci\u00f3n por la Biodiversidad y Huerquen Comunicaci\u00f3n<\/a> 12 o<strong>ctubre 2021<\/strong> <\/p>\n\n\n\n<p>Comenzamos esta serie entrevistando a\u00a0Eduardo Cerd\u00e1, ingeniero agr\u00f3nomo,\u00a0ex presidente de la RENAMA y actual Director Nacional de Agroecolog\u00eda.<\/p>\n\n\n\n<h4 class=\"wp-block-heading\">Para descargar la entrevista completa (PDF), haga clic en el siguiente enlace:\u00a0 <a rel=\"noreferrer noopener\" href=\"https:\/\/www.biodiversidadla.org\/Agencia-de-Noticias-Biodiversidadla\/El-camino-es-la-agroecologia\" target=\"_blank\">https:\/\/www.biodiversidadla.org\/Agencia-de-Noticias-Biodiversidadla\/El-camino-es-la-agroecologia<\/a>.<\/h4>\n\n\n\n<p><\/p>\n\n\n\n<p><\/p>\n","protected":false},"excerpt":{"rendered":"<p>\u00abEl camino es la agroecolog\u00eda\u00bb Entrevista realizada a Eduardo Cerd\u00e1, ingeniero agr\u00f3nomo. Entrevista realizada por Acci\u00f3n por la Biodiversidad y Huerquen Comunicaci\u00f3n 12 \/10\/2021 . <\/p>\n","protected":false},"author":12,"featured_media":9186,"comment_status":"closed","ping_status":"closed","sticky":false,"template":"","format":"standard","meta":{"_jetpack_memberships_contains_paid_content":false,"footnotes":"","jetpack_publicize_message":"Entrevista a a Eduardo Cerd\u00e1: \"El camino es la agroecolog\u00eda\" en Acci\u00f3n por la Biodiversidad y Huerquen  Comunicaci\u00f3n 12-10-2021.","jetpack_publicize_feature_enabled":true,"jetpack_social_post_already_shared":true,"jetpack_social_options":{"image_generator_settings":{"template":"highway","default_image_id":0,"font":"","enabled":false},"version":2}},"categories":[1],"tags":[1364,1365,1361],"class_list":["post-9185","post","type-post","status-publish","format-standard","has-post-thumbnail","hentry","category-noticias","tag-agroecologia-soberania-alimentaria","tag-biodiversidad-huerquen-comunicacion","tag-boletin-10-octubre-2021","item-wrap"],"jetpack_publicize_connections":[],"jetpack_featured_media_url":"https:\/\/i0.wp.com\/cebem.org\/wp-content\/uploads\/2021\/10\/El-camino-es-la-ecologia.jpg?fit=595%2C841&ssl=1","jetpack_sharing_enabled":true,"_links":{"self":[{"href":"https:\/\/cebem.org\/index.php?rest_route=\/wp\/v2\/posts\/9185","targetHints":{"allow":["GET"]}}],"collection":[{"href":"https:\/\/cebem.org\/index.php?rest_route=\/wp\/v2\/posts"}],"about":[{"href":"https:\/\/cebem.org\/index.php?rest_route=\/wp\/v2\/types\/post"}],"author":[{"embeddable":true,"href":"https:\/\/cebem.org\/index.php?rest_route=\/wp\/v2\/users\/12"}],"replies":[{"embeddable":true,"href":"https:\/\/cebem.org\/index.php?rest_route=%2Fwp%2Fv2%2Fcomments&post=9185"}],"version-history":[{"count":1,"href":"https:\/\/cebem.org\/index.php?rest_route=\/wp\/v2\/posts\/9185\/revisions"}],"predecessor-version":[{"id":9187,"href":"https:\/\/cebem.org\/index.php?rest_route=\/wp\/v2\/posts\/9185\/revisions\/9187"}],"wp:featuredmedia":[{"embeddable":true,"href":"https:\/\/cebem.org\/index.php?rest_route=\/wp\/v2\/media\/9186"}],"wp:attachment":[{"href":"https:\/\/cebem.org\/index.php?rest_route=%2Fwp%2Fv2%2Fmedia&parent=9185"}],"wp:term":[{"taxonomy":"category","embeddable":true,"href":"https:\/\/cebem.org\/index.php?rest_route=%2Fwp%2Fv2%2Fcategories&post=9185"},{"taxonomy":"post_tag","embeddable":true,"href":"https:\/\/cebem.org\/index.php?rest_route=%2Fwp%2Fv2%2Ftags&post=9185"}],"curies":[{"name":"wp","href":"https:\/\/api.w.org\/{rel}","templated":true}]}}