
{"id":916,"date":"2016-05-20T18:41:03","date_gmt":"2016-05-20T22:41:03","guid":{"rendered":"http:\/\/cebem.org\/?p=916"},"modified":"2016-05-20T18:41:03","modified_gmt":"2016-05-20T22:41:03","slug":"boletin-semanal-redetis","status":"publish","type":"post","link":"https:\/\/cebem.org\/?p=916","title":{"rendered":"Bolet\u00edn semanal RedEtis"},"content":{"rendered":"<p>La\u00a0<em><strong>red<\/strong><\/em><em><strong> Educaci\u00f3n<\/strong><\/em><em><strong>,<\/strong><\/em><em><strong> Trabajo e Inclusi\u00f3n Social<\/strong><\/em>\u00a0es un punto de encuentro entre los actores de dentro y\u00a0 fuera de la regi\u00f3n, interesados en promover una agenda de equidad y justicia, alrededor de los temas de trabajo y educaci\u00f3n, definidos de manera amplia y teniendo en cuenta la multiplicidad de actores sociales \u00a0que operan en el cambiante contexto latinoamericano,\u00a0as\u00ed\u00a0como las transformaciones que tienen lugar a escala global. El principio orientador de la propuesta es promover la inclusi\u00f3n social y el acceso a la justicia desde una perspectiva de derechos, promoviendo un c\u00edrculo virtuoso ente educaci\u00f3n y acceso al trabajo decente.<\/p>\n<h4><a href=\"http:\/\/www.redetis.iipe.unesco.org\/?wysija-page=1&amp;controller=email&amp;action=view&amp;email_id=131&amp;wysijap=subscriptions&amp;user_id=5575\" target=\"_blank\">Ver el Bolet\u00edn de Mayo<\/a><\/h4>\n","protected":false},"excerpt":{"rendered":"<p>La\u00a0red Educaci\u00f3n, Trabajo e Inclusi\u00f3n Social\u00a0es un punto de encuentro entre los actores de dentro y\u00a0 fuera de la regi\u00f3n, interesados en promover una agenda de equidad y justicia, alrededor de los temas de trabajo y educaci\u00f3n, definidos de manera amplia y teniendo en cuenta la multiplicidad de actores sociales \u00a0que operan en el cambiante &hellip; <\/p>\n<p><a class=\"more-link btn\" href=\"https:\/\/cebem.org\/?p=916\">Seguir leyendo<\/a><\/p>\n","protected":false},"author":2,"featured_media":917,"comment_status":"closed","ping_status":"closed","sticky":false,"template":"","format":"standard","meta":{"_jetpack_memberships_contains_paid_content":false,"footnotes":"","jetpack_publicize_message":"","jetpack_publicize_feature_enabled":true,"jetpack_social_post_already_shared":true,"jetpack_social_options":{"image_generator_settings":{"template":"highway","default_image_id":0,"font":"","enabled":false},"version":2}},"categories":[9,7],"tags":[17,37],"class_list":["post-916","post","type-post","status-publish","format-standard","has-post-thumbnail","hentry","category-destacados","category-otras-publicaciones","tag-boletin","tag-boletin-4-mayo-2016","item-wrap"],"jetpack_publicize_connections":[],"jetpack_featured_media_url":"https:\/\/i0.wp.com\/cebem.org\/wp-content\/uploads\/2016\/05\/boletin_redetis.jpg?fit=599%2C377&ssl=1","jetpack_sharing_enabled":true,"_links":{"self":[{"href":"https:\/\/cebem.org\/index.php?rest_route=\/wp\/v2\/posts\/916","targetHints":{"allow":["GET"]}}],"collection":[{"href":"https:\/\/cebem.org\/index.php?rest_route=\/wp\/v2\/posts"}],"about":[{"href":"https:\/\/cebem.org\/index.php?rest_route=\/wp\/v2\/types\/post"}],"author":[{"embeddable":true,"href":"https:\/\/cebem.org\/index.php?rest_route=\/wp\/v2\/users\/2"}],"replies":[{"embeddable":true,"href":"https:\/\/cebem.org\/index.php?rest_route=%2Fwp%2Fv2%2Fcomments&post=916"}],"version-history":[{"count":1,"href":"https:\/\/cebem.org\/index.php?rest_route=\/wp\/v2\/posts\/916\/revisions"}],"predecessor-version":[{"id":918,"href":"https:\/\/cebem.org\/index.php?rest_route=\/wp\/v2\/posts\/916\/revisions\/918"}],"wp:featuredmedia":[{"embeddable":true,"href":"https:\/\/cebem.org\/index.php?rest_route=\/wp\/v2\/media\/917"}],"wp:attachment":[{"href":"https:\/\/cebem.org\/index.php?rest_route=%2Fwp%2Fv2%2Fmedia&parent=916"}],"wp:term":[{"taxonomy":"category","embeddable":true,"href":"https:\/\/cebem.org\/index.php?rest_route=%2Fwp%2Fv2%2Fcategories&post=916"},{"taxonomy":"post_tag","embeddable":true,"href":"https:\/\/cebem.org\/index.php?rest_route=%2Fwp%2Fv2%2Ftags&post=916"}],"curies":[{"name":"wp","href":"https:\/\/api.w.org\/{rel}","templated":true}]}}