
{"id":9073,"date":"2021-09-17T12:53:44","date_gmt":"2021-09-17T16:53:44","guid":{"rendered":"https:\/\/cebem.org\/?p=9073"},"modified":"2021-09-17T12:53:45","modified_gmt":"2021-09-17T16:53:45","slug":"boletin-09-21-presentamos-libro-en-la-fil-convocatoria-a-capacitacion-para-maestros-as","status":"publish","type":"post","link":"https:\/\/cebem.org\/?p=9073","title":{"rendered":"Bolet\u00edn 09-21: Presentamos libro en la FIL \/ Convocatoria a capacitaci\u00f3n para maestros\/as"},"content":{"rendered":"\n<div class=\"wp-block-image\"><figure class=\"aligncenter size-full\"><img data-recalc-dims=\"1\" fetchpriority=\"high\" decoding=\"async\" width=\"477\" height=\"709\" src=\"https:\/\/i0.wp.com\/cebem.org\/wp-content\/uploads\/2021\/09\/buch_pedagogia_postcolonial.png?resize=477%2C709&#038;ssl=1\" alt=\"\" class=\"wp-image-9074\" srcset=\"https:\/\/i0.wp.com\/cebem.org\/wp-content\/uploads\/2021\/09\/buch_pedagogia_postcolonial.png?w=477&amp;ssl=1 477w, https:\/\/i0.wp.com\/cebem.org\/wp-content\/uploads\/2021\/09\/buch_pedagogia_postcolonial.png?resize=202%2C300&amp;ssl=1 202w\" sizes=\"(max-width: 477px) 100vw, 477px\" \/><\/figure><\/div>\n\n\n\n<p>En el presente Bolet\u00edn la Fundaci\u00f3n COMPA<\/p>\n\n\n\n<p><strong>ANUNCIA :<\/strong><\/p>\n\n\n\n<p class=\"has-text-align-justify\"><strong>Presentaci\u00f3n del Libro: \u201cPedagog\u00eda en el espacio postcolonial globalizado. Potenciales en educaci\u00f3n descolonizadora y emancipadora\u201d:<br><\/strong>La finalidad del presente libro: busca fortalecer el di\u00e1logo mediante la recolecci\u00f3n de perspectivas de diferentes partes del mundo. Se trata de un experimento, pero necesario, para demostrar que la esfera pedag\u00f3gica no se limita a los sistemas educativos nacionales y que un di\u00e1logo internacional no debe ser reducido a asuntos t\u00e9cnico-administrativos, que muchas veces caracterizan a los debates en organismos internacionales. Por el contrario, es importante entablar un di\u00e1logo entre diferentes iniciativas que traspasen fronteras geogr\u00e1ficas y a la vez las barreras existentes entre el \u00e1mbito cient\u00edfico y el \u00e1mbito de la praxis. Edici\u00f3n castellano.<\/p>\n\n\n\n<h4 class=\"wp-block-heading\"><strong>D\u00eda: Martes 21 de septiembre, 18 h , Lugar: FIL Chuquiago Marka, Sala Hilda Mundy<\/strong><\/h4>\n\n\n\n<h4 class=\"wp-block-heading\"><strong>Mayor informaci\u00f3n: <a href=\"mailto:info@fundacioncompa.com\">info@fundacioncompa.com<\/a><\/strong><\/h4>\n\n\n\n<p><strong>CONVOCATORIA<\/strong><\/p>\n\n\n\n<p class=\"has-text-align-justify\"><strong>\u201cCurso Estrategias L\u00fadicas para la Dinamizaci\u00f3n Educativa en Entornos Virtuales.<br><\/strong>La \u00a0Fundaci\u00f3n Comunidad de Productores en Artes \u201cCOMPA y la Red de Escuelas Amables y Seguras, con el apoyo del Instituto Goethe, La Paz, convocan a maestras y maestros de Unidades Educativas del nivel primario y secundario, a participar del \u201cCurso de Estrategias L\u00fadicas para la Dinamizaci\u00f3n Educativa de Entornos Virtuales\u201d <\/p>\n\n\n\n<h4 class=\"wp-block-heading\">Fecha:  Octubre  2021 a Febrero 2021.<\/h4>\n\n\n\n<h4 class=\"wp-block-heading\"><strong>Mayor informaci\u00f3n: <a href=\"mailto:info@fundacioncompa.com\">info@fundacioncompa.com<\/a>, Whatsapp: 76590984<\/strong><\/h4>\n\n\n\n<p><\/p>\n","protected":false},"excerpt":{"rendered":"<p>En este Bolet\u00edn COMPA: Presenta el  libro en la FIL La Paz y nueva Convocatoria a capacitaci\u00f3n para maestros\/as <\/p>\n","protected":false},"author":12,"featured_media":9074,"comment_status":"closed","ping_status":"closed","sticky":false,"template":"","format":"standard","meta":{"_jetpack_memberships_contains_paid_content":false,"footnotes":"","jetpack_publicize_message":"","jetpack_publicize_feature_enabled":true,"jetpack_social_post_already_shared":true,"jetpack_social_options":{"image_generator_settings":{"template":"highway","default_image_id":0,"font":"","enabled":false},"version":2}},"categories":[5],"tags":[1311,1344,1341,1182],"class_list":["post-9073","post","type-post","status-publish","format-standard","has-post-thumbnail","hentry","category-boletin","tag-boletin-9-septiembre-2021","tag-compa-red-de-escuelas-amables-y-seguras","tag-convocatoria-para-curso","tag-presentacion-libro","item-wrap"],"jetpack_publicize_connections":[],"jetpack_featured_media_url":"https:\/\/i0.wp.com\/cebem.org\/wp-content\/uploads\/2021\/09\/buch_pedagogia_postcolonial.png?fit=477%2C709&ssl=1","jetpack_sharing_enabled":true,"_links":{"self":[{"href":"https:\/\/cebem.org\/index.php?rest_route=\/wp\/v2\/posts\/9073","targetHints":{"allow":["GET"]}}],"collection":[{"href":"https:\/\/cebem.org\/index.php?rest_route=\/wp\/v2\/posts"}],"about":[{"href":"https:\/\/cebem.org\/index.php?rest_route=\/wp\/v2\/types\/post"}],"author":[{"embeddable":true,"href":"https:\/\/cebem.org\/index.php?rest_route=\/wp\/v2\/users\/12"}],"replies":[{"embeddable":true,"href":"https:\/\/cebem.org\/index.php?rest_route=%2Fwp%2Fv2%2Fcomments&post=9073"}],"version-history":[{"count":6,"href":"https:\/\/cebem.org\/index.php?rest_route=\/wp\/v2\/posts\/9073\/revisions"}],"predecessor-version":[{"id":9080,"href":"https:\/\/cebem.org\/index.php?rest_route=\/wp\/v2\/posts\/9073\/revisions\/9080"}],"wp:featuredmedia":[{"embeddable":true,"href":"https:\/\/cebem.org\/index.php?rest_route=\/wp\/v2\/media\/9074"}],"wp:attachment":[{"href":"https:\/\/cebem.org\/index.php?rest_route=%2Fwp%2Fv2%2Fmedia&parent=9073"}],"wp:term":[{"taxonomy":"category","embeddable":true,"href":"https:\/\/cebem.org\/index.php?rest_route=%2Fwp%2Fv2%2Fcategories&post=9073"},{"taxonomy":"post_tag","embeddable":true,"href":"https:\/\/cebem.org\/index.php?rest_route=%2Fwp%2Fv2%2Ftags&post=9073"}],"curies":[{"name":"wp","href":"https:\/\/api.w.org\/{rel}","templated":true}]}}