
{"id":9048,"date":"2021-09-08T13:12:32","date_gmt":"2021-09-08T17:12:32","guid":{"rendered":"https:\/\/cebem.org\/?p=9048"},"modified":"2021-09-08T13:12:33","modified_gmt":"2021-09-08T17:12:33","slug":"la-palabra-encarnada-ensayo-politica-y-nacion-textos-reunidos-de-horacio-gonzalez-1985-2019","status":"publish","type":"post","link":"https:\/\/cebem.org\/?p=9048","title":{"rendered":"La palabra encarnada. Ensayo, pol\u00edtica y naci\u00f3n. Textos reunidos de Horacio Gonz\u00e1lez (1985-2019)"},"content":{"rendered":"\n<div class=\"wp-block-image\"><figure class=\"aligncenter size-full is-resized\"><img data-recalc-dims=\"1\" fetchpriority=\"high\" decoding=\"async\" src=\"https:\/\/i0.wp.com\/cebem.org\/wp-content\/uploads\/2021\/09\/Clacso-la-palabra-encarnada.jpg?resize=241%2C336&#038;ssl=1\" alt=\"\" class=\"wp-image-9049\" width=\"241\" height=\"336\" srcset=\"https:\/\/i0.wp.com\/cebem.org\/wp-content\/uploads\/2021\/09\/Clacso-la-palabra-encarnada.jpg?w=241&amp;ssl=1 241w, https:\/\/i0.wp.com\/cebem.org\/wp-content\/uploads\/2021\/09\/Clacso-la-palabra-encarnada.jpg?resize=215%2C300&amp;ssl=1 215w\" sizes=\"(max-width: 241px) 100vw, 241px\" \/><\/figure><\/div>\n\n\n\n<p>Con este nuevo volumen que se suma a la colecci\u00f3n Legados CLACSO presenta tanto en acceso digital abierto como en versi\u00f3n impresa la herencia intelectual invaluable de una de las figuras clave en la conversaci\u00f3n p\u00fablica de Argentina: Horacio Gonz\u00e1lez.<\/p>\n\n\n\n<p class=\"has-text-align-justify\">El libro transita entre la lectura de los cl\u00e1sicos del pensamiento argentino que arriesgaron un surco propio en la historia de las ideas de este pa\u00eds y art\u00edculos abocados a pensar los \u201ca\u00f1os de la revoluci\u00f3n\u201d. El recorrido propuesto incluye tanto cap\u00edtulos fundamentales como algunas rarezas y piezas dispersas que buscan desplegar ante nuestros ojos a un ensayista que ya es huella y presencia en miles de personas.<\/p>\n\n\n\n<h4 class=\"wp-block-heading\">Descargar el libro <a href=\"https:\/\/r.noticias.clacso.edu.ar\/mk\/cl\/f\/Il2UbCS6YBpOvrG5kY8BvTsoGwqfqP5smpzqnBN4Gg-OVcdf_J2nNHW7KZWzT2JLU0CcsQyS1lW89DJTkQRNuCClDjzgFTvdOVxOm3C0xc_QBXBv-djkoZCpP4xXB8jCC4FAUyd487CHQGLLv8sUpVjG6zbDPB_hw-1w9DFs9YP3zG86b2l1ojf2AJ9uGOG2Fmdsi_v1psTFKUBKVji-RsJuXDtBfAM3CiIhaYwrDHsdcWHx1UlJbu4qQ6eJm1Q\" target=\"_blank\" rel=\"noreferrer noopener\"><strong>AQUI<\/strong><\/a><\/h4>\n\n\n\n<p><\/p>\n","protected":false},"excerpt":{"rendered":"<p>La Palabra Encarnada  de Horacio Gonzales.<br \/>\nColecci\u00f3n  Legados de CLACSO.<\/p>\n","protected":false},"author":12,"featured_media":9049,"comment_status":"closed","ping_status":"closed","sticky":false,"template":"","format":"standard","meta":{"_jetpack_memberships_contains_paid_content":false,"footnotes":"","jetpack_publicize_message":"","jetpack_publicize_feature_enabled":true,"jetpack_social_post_already_shared":true,"jetpack_social_options":{"image_generator_settings":{"template":"highway","default_image_id":0,"font":"","enabled":false},"version":2}},"categories":[7],"tags":[1329,217,1330],"class_list":["post-9048","post","type-post","status-publish","format-standard","has-post-thumbnail","hentry","category-otras-publicaciones","tag-boleltin-9-septiembre-2021","tag-clacso","tag-coleccion-legados","item-wrap"],"jetpack_publicize_connections":[],"jetpack_featured_media_url":"https:\/\/i0.wp.com\/cebem.org\/wp-content\/uploads\/2021\/09\/Clacso-la-palabra-encarnada.jpg?fit=241%2C336&ssl=1","jetpack_sharing_enabled":true,"_links":{"self":[{"href":"https:\/\/cebem.org\/index.php?rest_route=\/wp\/v2\/posts\/9048","targetHints":{"allow":["GET"]}}],"collection":[{"href":"https:\/\/cebem.org\/index.php?rest_route=\/wp\/v2\/posts"}],"about":[{"href":"https:\/\/cebem.org\/index.php?rest_route=\/wp\/v2\/types\/post"}],"author":[{"embeddable":true,"href":"https:\/\/cebem.org\/index.php?rest_route=\/wp\/v2\/users\/12"}],"replies":[{"embeddable":true,"href":"https:\/\/cebem.org\/index.php?rest_route=%2Fwp%2Fv2%2Fcomments&post=9048"}],"version-history":[{"count":1,"href":"https:\/\/cebem.org\/index.php?rest_route=\/wp\/v2\/posts\/9048\/revisions"}],"predecessor-version":[{"id":9050,"href":"https:\/\/cebem.org\/index.php?rest_route=\/wp\/v2\/posts\/9048\/revisions\/9050"}],"wp:featuredmedia":[{"embeddable":true,"href":"https:\/\/cebem.org\/index.php?rest_route=\/wp\/v2\/media\/9049"}],"wp:attachment":[{"href":"https:\/\/cebem.org\/index.php?rest_route=%2Fwp%2Fv2%2Fmedia&parent=9048"}],"wp:term":[{"taxonomy":"category","embeddable":true,"href":"https:\/\/cebem.org\/index.php?rest_route=%2Fwp%2Fv2%2Fcategories&post=9048"},{"taxonomy":"post_tag","embeddable":true,"href":"https:\/\/cebem.org\/index.php?rest_route=%2Fwp%2Fv2%2Ftags&post=9048"}],"curies":[{"name":"wp","href":"https:\/\/api.w.org\/{rel}","templated":true}]}}