
{"id":9009,"date":"2021-09-03T10:07:15","date_gmt":"2021-09-03T14:07:15","guid":{"rendered":"https:\/\/cebem.org\/?p=9009"},"modified":"2021-09-03T10:08:12","modified_gmt":"2021-09-03T14:08:12","slug":"mes-del-arbol-municipios-y-comunas-ramcc-impulsan-la-forestacion","status":"publish","type":"post","link":"https:\/\/cebem.org\/?p=9009","title":{"rendered":"Mes del \u00c1rbol: municipios y comunas RAMCC impulsan la forestaci\u00f3n"},"content":{"rendered":"\n<div class=\"wp-block-image\"><figure class=\"alignright size-full\"><img data-recalc-dims=\"1\" fetchpriority=\"high\" decoding=\"async\" width=\"750\" height=\"438\" src=\"https:\/\/i0.wp.com\/cebem.org\/wp-content\/uploads\/2021\/09\/MES-DEL-ARBOL.png?resize=750%2C438&#038;ssl=1\" alt=\"\" class=\"wp-image-9012\" srcset=\"https:\/\/i0.wp.com\/cebem.org\/wp-content\/uploads\/2021\/09\/MES-DEL-ARBOL.png?w=960&amp;ssl=1 960w, https:\/\/i0.wp.com\/cebem.org\/wp-content\/uploads\/2021\/09\/MES-DEL-ARBOL.png?resize=300%2C175&amp;ssl=1 300w, https:\/\/i0.wp.com\/cebem.org\/wp-content\/uploads\/2021\/09\/MES-DEL-ARBOL.png?resize=768%2C448&amp;ssl=1 768w, https:\/\/i0.wp.com\/cebem.org\/wp-content\/uploads\/2021\/09\/MES-DEL-ARBOL.png?resize=600%2C350&amp;ssl=1 600w, https:\/\/i0.wp.com\/cebem.org\/wp-content\/uploads\/2021\/09\/MES-DEL-ARBOL.png?resize=750%2C438&amp;ssl=1 750w\" sizes=\"(max-width: 750px) 100vw, 750px\" \/><\/figure><\/div>\n\n\n\n<p><strong>Durante agosto, el mes del \u00e1rbol, los municipios y comunas RAMCC desarrollaron diversas acciones de plantaci\u00f3n de \u00e1rboles enmarcadas en la acci\u00f3n clim\u00e1tica local.<\/strong><\/p>\n\n\n\n<p class=\"has-text-align-justify\">La plantaci\u00f3n de \u00e1rboles se considera una estrategia de mitigaci\u00f3n al cambio clim\u00e1tico, destinada a captar y almacenar el Di\u00f3xido de Carbono de la atm\u00f3sfera. Asimismo, tambi\u00e9n se vincula a la adaptaci\u00f3n al cambio clim\u00e1tico, porque al incrementar la cantidad de \u00e1rboles, existir\u00e1 una mayor generaci\u00f3n de ox\u00edgeno (purificaci\u00f3n del aire y, en consecuencia, mejor salud de las personas) y m\u00e1s sombra natural, lo que conlleva a la reducci\u00f3n del efecto de isla de calor de ciudades, reduciendo las altas temperaturas.<\/p>\n\n\n\n<p class=\"has-text-align-justify\">En las ciudades, se puede dar lugar a reservorios de carbono mediante la promoci\u00f3n de espacios verdes; conservaci\u00f3n&nbsp;\u2026\u2026\u2026<\/p>\n\n\n\n<p>Leer todas los Art\u00edculos y  Noticias &nbsp;<a rel=\"noreferrer noopener\" href=\"http:\/\/r.mailing.ramcc.net\/mk\/mr\/qmvQ3FFbT92fbmtRT9FOiU3MH6SZErxhEuU_dB9pTMThWdpnan0nQ03rSBOyev_zv2kR7vBDWCGDW4OJ8OrKrvR2xpnVeeu989_vMnYb9g\" target=\"_blank\">AQU\u00cd<\/a><\/p>\n\n\n\n<p><\/p>\n","protected":false},"excerpt":{"rendered":"<p>La plantaci\u00f3n de \u00e1rboles se considera una estrategia de mitigaci\u00f3n al cambio clim\u00e1tico, destinada a captar y almacenar el Di\u00f3xido de Carbono de la atm\u00f3sfera. <\/p>\n","protected":false},"author":12,"featured_media":9012,"comment_status":"closed","ping_status":"closed","sticky":false,"template":"","format":"standard","meta":{"_jetpack_memberships_contains_paid_content":false,"footnotes":"","jetpack_publicize_message":"","jetpack_publicize_feature_enabled":true,"jetpack_social_post_already_shared":true,"jetpack_social_options":{"image_generator_settings":{"template":"highway","default_image_id":0,"font":"","enabled":false},"version":2}},"categories":[1],"tags":[1311,60,1315,876,1156],"class_list":["post-9009","post","type-post","status-publish","format-standard","has-post-thumbnail","hentry","category-noticias","tag-boletin-9-septiembre-2021","tag-cambio-climatico","tag-municipios-y-comunas","tag-plantacion-de-arboles","tag-ramcc","item-wrap"],"jetpack_publicize_connections":[],"jetpack_featured_media_url":"https:\/\/i0.wp.com\/cebem.org\/wp-content\/uploads\/2021\/09\/MES-DEL-ARBOL.png?fit=960%2C560&ssl=1","jetpack_sharing_enabled":true,"_links":{"self":[{"href":"https:\/\/cebem.org\/index.php?rest_route=\/wp\/v2\/posts\/9009","targetHints":{"allow":["GET"]}}],"collection":[{"href":"https:\/\/cebem.org\/index.php?rest_route=\/wp\/v2\/posts"}],"about":[{"href":"https:\/\/cebem.org\/index.php?rest_route=\/wp\/v2\/types\/post"}],"author":[{"embeddable":true,"href":"https:\/\/cebem.org\/index.php?rest_route=\/wp\/v2\/users\/12"}],"replies":[{"embeddable":true,"href":"https:\/\/cebem.org\/index.php?rest_route=%2Fwp%2Fv2%2Fcomments&post=9009"}],"version-history":[{"count":4,"href":"https:\/\/cebem.org\/index.php?rest_route=\/wp\/v2\/posts\/9009\/revisions"}],"predecessor-version":[{"id":9018,"href":"https:\/\/cebem.org\/index.php?rest_route=\/wp\/v2\/posts\/9009\/revisions\/9018"}],"wp:featuredmedia":[{"embeddable":true,"href":"https:\/\/cebem.org\/index.php?rest_route=\/wp\/v2\/media\/9012"}],"wp:attachment":[{"href":"https:\/\/cebem.org\/index.php?rest_route=%2Fwp%2Fv2%2Fmedia&parent=9009"}],"wp:term":[{"taxonomy":"category","embeddable":true,"href":"https:\/\/cebem.org\/index.php?rest_route=%2Fwp%2Fv2%2Fcategories&post=9009"},{"taxonomy":"post_tag","embeddable":true,"href":"https:\/\/cebem.org\/index.php?rest_route=%2Fwp%2Fv2%2Ftags&post=9009"}],"curies":[{"name":"wp","href":"https:\/\/api.w.org\/{rel}","templated":true}]}}