
{"id":893,"date":"2016-05-10T15:57:50","date_gmt":"2016-05-10T19:57:50","guid":{"rendered":"http:\/\/cebem.org\/?p=893"},"modified":"2016-05-10T15:57:50","modified_gmt":"2016-05-10T19:57:50","slug":"a-10-anos-del-decreto-de-nacionalizacion-de-los-hidrocarburos","status":"publish","type":"post","link":"https:\/\/cebem.org\/?p=893","title":{"rendered":"A 10 a\u00f1os del decreto de nacionalizaci\u00f3n de los hidrocarburos"},"content":{"rendered":"<p>\u00bfCu\u00e1l fue el aporte del Decreto de Nacionalizaci\u00f3n de los Hidrocarburos?<\/p>\n<p>El 1\u00ba de mayo de 2016 se recordaron 10 a\u00f1os de la promulgaci\u00f3n del Decreto Supremo (D.S.) N\u00ba 28701, \u201cde Nacionalizaci\u00f3n de Hidrocarburos, H\u00e9roes del Chaco\u201d. Entre los principales logros de esa medida, Bolivia, a trav\u00e9s de su empresa petrolera nacional YPFB, recuper\u00f3 la propiedad de los hidrocarburos producidos.<\/p>\n<p>Con el decreto, el aporte a la renta estatal fue, en promedio, de 16% sobre el total. En consecuencia, los principales factores para el incremento de la renta petrolera fueron la subida del precio internacional de los hidrocarburos, la creaci\u00f3n del IDH y el aumento en los vol\u00famenes de producci\u00f3n.<\/p>\n<p><em>Fundaci\u00f3n Jubileo<\/em><\/p>\n<h4><a href=\"http:\/\/cebem.org\/wp-content\/uploads\/2016\/05\/A-10-an\u0303os-de-nacionalizacion.pdf\" target=\"_blank\" rel=\"\">DESCARGAR documento<\/a><\/h4>\n","protected":false},"excerpt":{"rendered":"<p>\u00bfCu\u00e1l fue el aporte del Decreto de Nacionalizaci\u00f3n de los Hidrocarburos? El 1\u00ba de mayo de 2016 se recordaron 10 a\u00f1os de la promulgaci\u00f3n del Decreto Supremo (D.S.) N\u00ba 28701, \u201cde Nacionalizaci\u00f3n de Hidrocarburos, H\u00e9roes del Chaco\u201d. Entre los principales logros de esa medida, Bolivia, a trav\u00e9s de su empresa petrolera nacional YPFB, recuper\u00f3 la &hellip; <\/p>\n<p><a class=\"more-link btn\" href=\"https:\/\/cebem.org\/?p=893\">Seguir leyendo<\/a><\/p>\n","protected":false},"author":2,"featured_media":895,"comment_status":"closed","ping_status":"closed","sticky":false,"template":"","format":"standard","meta":{"_jetpack_memberships_contains_paid_content":false,"footnotes":"","jetpack_publicize_message":"","jetpack_publicize_feature_enabled":true,"jetpack_social_post_already_shared":true,"jetpack_social_options":{"image_generator_settings":{"template":"highway","default_image_id":0,"font":"","enabled":false},"version":2}},"categories":[7],"tags":[33],"class_list":["post-893","post","type-post","status-publish","format-standard","has-post-thumbnail","hentry","category-otras-publicaciones","tag-boletin-3-abril-2016","item-wrap"],"jetpack_publicize_connections":[],"jetpack_featured_media_url":"https:\/\/i0.wp.com\/cebem.org\/wp-content\/uploads\/2016\/05\/A-10-an%CC%83os-de-nacionalizacion_P%C3%A1gina_01.jpg?fit=827%2C1103&ssl=1","jetpack_sharing_enabled":true,"_links":{"self":[{"href":"https:\/\/cebem.org\/index.php?rest_route=\/wp\/v2\/posts\/893","targetHints":{"allow":["GET"]}}],"collection":[{"href":"https:\/\/cebem.org\/index.php?rest_route=\/wp\/v2\/posts"}],"about":[{"href":"https:\/\/cebem.org\/index.php?rest_route=\/wp\/v2\/types\/post"}],"author":[{"embeddable":true,"href":"https:\/\/cebem.org\/index.php?rest_route=\/wp\/v2\/users\/2"}],"replies":[{"embeddable":true,"href":"https:\/\/cebem.org\/index.php?rest_route=%2Fwp%2Fv2%2Fcomments&post=893"}],"version-history":[{"count":1,"href":"https:\/\/cebem.org\/index.php?rest_route=\/wp\/v2\/posts\/893\/revisions"}],"predecessor-version":[{"id":896,"href":"https:\/\/cebem.org\/index.php?rest_route=\/wp\/v2\/posts\/893\/revisions\/896"}],"wp:featuredmedia":[{"embeddable":true,"href":"https:\/\/cebem.org\/index.php?rest_route=\/wp\/v2\/media\/895"}],"wp:attachment":[{"href":"https:\/\/cebem.org\/index.php?rest_route=%2Fwp%2Fv2%2Fmedia&parent=893"}],"wp:term":[{"taxonomy":"category","embeddable":true,"href":"https:\/\/cebem.org\/index.php?rest_route=%2Fwp%2Fv2%2Fcategories&post=893"},{"taxonomy":"post_tag","embeddable":true,"href":"https:\/\/cebem.org\/index.php?rest_route=%2Fwp%2Fv2%2Ftags&post=893"}],"curies":[{"name":"wp","href":"https:\/\/api.w.org\/{rel}","templated":true}]}}