
{"id":8911,"date":"2021-08-05T11:42:48","date_gmt":"2021-08-05T15:42:48","guid":{"rendered":"https:\/\/cebem.org\/?p=8911"},"modified":"2021-08-05T11:42:49","modified_gmt":"2021-08-05T15:42:49","slug":"boletin-reforme-no-810","status":"publish","type":"post","link":"https:\/\/cebem.org\/?p=8911","title":{"rendered":"Bolet\u00edn Reforme No. 810"},"content":{"rendered":"\n<div class=\"wp-block-image\"><figure class=\"aligncenter size-full\"><img data-recalc-dims=\"1\" fetchpriority=\"high\" decoding=\"async\" width=\"600\" height=\"131\" src=\"https:\/\/i0.wp.com\/cebem.org\/wp-content\/uploads\/2021\/08\/CLAD.jpg?resize=600%2C131&#038;ssl=1\" alt=\"\" class=\"wp-image-8912\" srcset=\"https:\/\/i0.wp.com\/cebem.org\/wp-content\/uploads\/2021\/08\/CLAD.jpg?w=600&amp;ssl=1 600w, https:\/\/i0.wp.com\/cebem.org\/wp-content\/uploads\/2021\/08\/CLAD.jpg?resize=300%2C66&amp;ssl=1 300w\" sizes=\"(max-width: 600px) 100vw, 600px\" \/><\/figure><\/div>\n\n\n\n<p class=\"has-text-align-justify\"><strong>REFORME<\/strong>&nbsp;es un Bolet\u00edn creado con la finalidad de brindar un espacio de intercambio para todos los interesados en la tem\u00e1tica de la reforma estatal, y en particular de la modernizaci\u00f3n de la gesti\u00f3n p\u00fablica, en Am\u00e9rica Latina, el Caribe y la Pen\u00ednsula Ib\u00e9rica entre otros.<\/p>\n\n\n\n<p class=\"has-text-align-justify\">El Bolet\u00edn fomenta una din\u00e1mica de intercambio que permite a los participantes y al propio\u00a0<strong>CLAD<\/strong>\u00a0contar con un espacio de interacci\u00f3n para diseminar informaci\u00f3n sobre actividades institucionales tales como la realizaci\u00f3n de cursos, programas, seminarios, conferencias, proyectos de investigaci\u00f3n, ofertas de empleo, etc. Dicha difusi\u00f3n constituye la v\u00eda m\u00e1s expedita para conocer las novedades asociadas a la reforma del Estado y modernizaci\u00f3n de la administraci\u00f3n p\u00fablica, en Am\u00e9rica Latina, la Pen\u00ednsula Ib\u00e9rica y muchos otros pa\u00edses del resto del mundo.<\/p>\n\n\n\n<p>En el BOLETIN REFORME No.810 del 3 agosto podr\u00e1s leer:<\/p>\n\n\n\n<p class=\"has-text-align-justify\"><strong>DI\u00c1LOGO<\/strong> del Secretario General del CLAD D.\u00a0Francisco Vel\u00e1zquez con D. Nerio Jos\u00e9 Alvis Barranco. Director General del Departamento Administrativo de la Funci\u00f3n P\u00fablica (DAFP) de Colombia\u00a0.<\/p>\n\n\n\n<h4 class=\"wp-block-heading\">Seguir el dialogo en siguiente link: <a href=\"https:\/\/clad.org\/2021\/07\/29\/sin-categoria\/dialogo-del-secretario-general-del-clad-con-nerio-jose-alvis-barranco\/\" target=\"_blank\" rel=\"noreferrer noopener\"><strong>h<\/strong>ttps:\/\/clad.org\/2021\/07\/29\/sin-categoria\/dialogo-del-secretario-general-del-clad-con-nerio-jose-alvis-barranco\/<\/a><\/h4>\n\n\n\n<h5 class=\"wp-block-heading\">En el sector CONVENIO:<\/h5>\n\n\n\n<h4 class=\"wp-block-heading\"><strong><a rel=\"noreferrer noopener\" href=\"https:\/\/clad.org\/acerca-de\/convenios-y-cooperacion-interinstitucional\/\" target=\"_blank\">Firma de Convenio entre CONGOPE y CLAD que busca mejorar la gesti\u00f3n p\u00fablica en la regi\u00f3n<\/a><\/strong>.<\/h4>\n\n\n\n<p>En el sector <strong>ARTICULOS:\u00a0 <\/strong>Disrupci\u00f3n en lo p\u00fablico: Art\u00edculo escrito por D. Francisco Vel\u00e1zquez<\/p>\n\n\n\n<h4 class=\"wp-block-heading\">Le invitamos muy cordialmente a seguir <a rel=\"noreferrer noopener\" href=\"https:\/\/clad.org\/2021\/08\/02\/noticias\/disrupcion-en-lo-publico-articulo-escrito-por-d-francisco-velazquez\/\" target=\"_blank\">EL Articulo<\/a> <\/h4>\n\n\n\n<p><\/p>\n","protected":false},"excerpt":{"rendered":"<p>REFORME\u00a0es un Bolet\u00edn creado con la finalidad de brindar un espacio de intercambio para todos los interesados en la tem\u00e1tica de la reforma estatal, y en particular de la modernizaci\u00f3n de la gesti\u00f3n p\u00fablica, en Am\u00e9rica Latina, el Caribe y la Pen\u00ednsula Ib\u00e9rica entre otros.<\/p>\n","protected":false},"author":12,"featured_media":8912,"comment_status":"closed","ping_status":"closed","sticky":false,"template":"","format":"standard","meta":{"_jetpack_memberships_contains_paid_content":false,"footnotes":"","jetpack_publicize_message":"","jetpack_publicize_feature_enabled":true,"jetpack_social_post_already_shared":true,"jetpack_social_options":{"image_generator_settings":{"template":"highway","default_image_id":0,"font":"","enabled":false},"version":2}},"categories":[5],"tags":[1280,1281,243],"class_list":["post-8911","post","type-post","status-publish","format-standard","has-post-thumbnail","hentry","category-boletin","tag-boletin-8-agosto-2021","tag-boletin-reforme-no-810","tag-clad","item-wrap"],"jetpack_publicize_connections":[],"jetpack_featured_media_url":"https:\/\/i0.wp.com\/cebem.org\/wp-content\/uploads\/2021\/08\/CLAD.jpg?fit=600%2C131&ssl=1","jetpack_sharing_enabled":true,"_links":{"self":[{"href":"https:\/\/cebem.org\/index.php?rest_route=\/wp\/v2\/posts\/8911","targetHints":{"allow":["GET"]}}],"collection":[{"href":"https:\/\/cebem.org\/index.php?rest_route=\/wp\/v2\/posts"}],"about":[{"href":"https:\/\/cebem.org\/index.php?rest_route=\/wp\/v2\/types\/post"}],"author":[{"embeddable":true,"href":"https:\/\/cebem.org\/index.php?rest_route=\/wp\/v2\/users\/12"}],"replies":[{"embeddable":true,"href":"https:\/\/cebem.org\/index.php?rest_route=%2Fwp%2Fv2%2Fcomments&post=8911"}],"version-history":[{"count":4,"href":"https:\/\/cebem.org\/index.php?rest_route=\/wp\/v2\/posts\/8911\/revisions"}],"predecessor-version":[{"id":8917,"href":"https:\/\/cebem.org\/index.php?rest_route=\/wp\/v2\/posts\/8911\/revisions\/8917"}],"wp:featuredmedia":[{"embeddable":true,"href":"https:\/\/cebem.org\/index.php?rest_route=\/wp\/v2\/media\/8912"}],"wp:attachment":[{"href":"https:\/\/cebem.org\/index.php?rest_route=%2Fwp%2Fv2%2Fmedia&parent=8911"}],"wp:term":[{"taxonomy":"category","embeddable":true,"href":"https:\/\/cebem.org\/index.php?rest_route=%2Fwp%2Fv2%2Fcategories&post=8911"},{"taxonomy":"post_tag","embeddable":true,"href":"https:\/\/cebem.org\/index.php?rest_route=%2Fwp%2Fv2%2Ftags&post=8911"}],"curies":[{"name":"wp","href":"https:\/\/api.w.org\/{rel}","templated":true}]}}