
{"id":89,"date":"2016-01-13T17:19:43","date_gmt":"2016-01-13T21:19:43","guid":{"rendered":"http:\/\/cebem.org\/?p=89"},"modified":"2016-01-13T17:19:43","modified_gmt":"2016-01-13T21:19:43","slug":"cebem-cumple-27-anos","status":"publish","type":"post","link":"https:\/\/cebem.org\/?p=89","title":{"rendered":"Cebem cumple 27 a\u00f1os"},"content":{"rendered":"<p>El pasado s\u00e1bado 9 de enero nuestra Instituci\u00f3n cumpli\u00f3 27 a\u00f1os de labor en Bolivia. Se ha acumulado mucha historia desde nuestra fundaci\u00f3n, en una oficina del edificio El C\u00f3ndor en la calle Batall\u00f3n Colorados de la ciudad de La Paz. Sin embargo, mantenemos el original empe\u00f1o que nos impulsa en el trabajo.<\/p>\n","protected":false},"excerpt":{"rendered":"<p>El pasado s\u00e1bado 9 de enero nuestra Instituci\u00f3n cumpli\u00f3 27 a\u00f1os de labor en Bolivia. Se ha acumulado mucha historia desde nuestra fundaci\u00f3n, en una oficina del edificio El C\u00f3ndor en la calle Batall\u00f3n Colorados de la ciudad de La Paz. Sin embargo, mantenemos el original empe\u00f1o que nos impulsa en el trabajo.<\/p>\n","protected":false},"author":13,"featured_media":0,"comment_status":"closed","ping_status":"closed","sticky":false,"template":"","format":"standard","meta":{"_jetpack_memberships_contains_paid_content":false,"footnotes":"","jetpack_publicize_message":"","jetpack_publicize_feature_enabled":true,"jetpack_social_post_already_shared":true,"jetpack_social_options":{"image_generator_settings":{"template":"highway","default_image_id":0,"font":"","enabled":false},"version":2}},"categories":[3],"tags":[],"class_list":["post-89","post","type-post","status-publish","format-standard","hentry","category-anuncios","item-wrap"],"jetpack_publicize_connections":[],"jetpack_featured_media_url":"","jetpack_sharing_enabled":false,"_links":{"self":[{"href":"https:\/\/cebem.org\/index.php?rest_route=\/wp\/v2\/posts\/89","targetHints":{"allow":["GET"]}}],"collection":[{"href":"https:\/\/cebem.org\/index.php?rest_route=\/wp\/v2\/posts"}],"about":[{"href":"https:\/\/cebem.org\/index.php?rest_route=\/wp\/v2\/types\/post"}],"author":[{"embeddable":true,"href":"https:\/\/cebem.org\/index.php?rest_route=\/wp\/v2\/users\/13"}],"replies":[{"embeddable":true,"href":"https:\/\/cebem.org\/index.php?rest_route=%2Fwp%2Fv2%2Fcomments&post=89"}],"version-history":[{"count":1,"href":"https:\/\/cebem.org\/index.php?rest_route=\/wp\/v2\/posts\/89\/revisions"}],"predecessor-version":[{"id":90,"href":"https:\/\/cebem.org\/index.php?rest_route=\/wp\/v2\/posts\/89\/revisions\/90"}],"wp:attachment":[{"href":"https:\/\/cebem.org\/index.php?rest_route=%2Fwp%2Fv2%2Fmedia&parent=89"}],"wp:term":[{"taxonomy":"category","embeddable":true,"href":"https:\/\/cebem.org\/index.php?rest_route=%2Fwp%2Fv2%2Fcategories&post=89"},{"taxonomy":"post_tag","embeddable":true,"href":"https:\/\/cebem.org\/index.php?rest_route=%2Fwp%2Fv2%2Ftags&post=89"}],"curies":[{"name":"wp","href":"https:\/\/api.w.org\/{rel}","templated":true}]}}