
{"id":8844,"date":"2021-07-14T16:52:27","date_gmt":"2021-07-14T20:52:27","guid":{"rendered":"https:\/\/cebem.org\/?p=8844"},"modified":"2021-07-14T16:55:52","modified_gmt":"2021-07-14T20:55:52","slug":"la-descentralizacion-en-america-latina-logros-y-desafios-el-papel-de-la-cooperacion-europea","status":"publish","type":"post","link":"https:\/\/cebem.org\/?p=8844","title":{"rendered":"La Descentralizaci\u00f3n en Am\u00e9rica Latina, logros y desaf\u00edos: el papel de la cooperaci\u00f3n europea."},"content":{"rendered":"\n<div class=\"wp-block-image\"><figure class=\"aligncenter size-large is-resized\"><img data-recalc-dims=\"1\" fetchpriority=\"high\" decoding=\"async\" src=\"https:\/\/i0.wp.com\/cebem.org\/wp-content\/uploads\/2021\/07\/descentralizacion-en-amarica.jpg?resize=414%2C600&#038;ssl=1\" alt=\"\" class=\"wp-image-8846\" width=\"414\" height=\"600\" srcset=\"https:\/\/i0.wp.com\/cebem.org\/wp-content\/uploads\/2021\/07\/descentralizacion-en-amarica.jpg?w=414&amp;ssl=1 414w, https:\/\/i0.wp.com\/cebem.org\/wp-content\/uploads\/2021\/07\/descentralizacion-en-amarica.jpg?resize=207%2C300&amp;ssl=1 207w\" sizes=\"(max-width: 414px) 100vw, 414px\" \/><figcaption><br><strong>Jos\u00e9 Blanes J. y Edgar A. Pab\u00f3n Balderas<\/strong><br><strong>Compiladores CEBEM<\/strong><\/figcaption><\/figure><\/div>\n\n\n\n<p class=\"has-text-align-justify\">El libro presenta los textos y reflexiones de un seminario que sobre el tema se llev\u00f3 a cabo en la ciudad de La Paz \u2013 Bolivia los primeros d\u00edas del mes de octubre de 2003, a cargo del CEBEM y con el apoyo de un n\u00famero importante de instituciones nacionales y de la cooperaci\u00f3n europea.<\/p>\n\n\n\n<p class=\"has-text-align-justify\">Cuando retomamos este tema, despu\u00e9s de m\u00e1s de un a\u00f1o de la realizaci\u00f3n del seminario, Bolivia se debat\u00eda en torno a la aceptaci\u00f3n o no de las autonom\u00edas departamentales, reivindicaci\u00f3n que agrupa un importante poder pol\u00edtico del Oriente versus el Occidente del pa\u00eds.<\/p>\n\n\n\n<h4 class=\"wp-block-heading\">Descargar el libro: <\/h4>\n\n\n\n<div class=\"wp-block-file\"><a href=\"https:\/\/cebem.org\/wp-content\/uploads\/2021\/07\/La_descentralizacion_en_america_latina.pdf\">La_descentralizacion_en_america_latina<\/a><a href=\"https:\/\/cebem.org\/wp-content\/uploads\/2021\/07\/La_descentralizacion_en_america_latina.pdf\" class=\"wp-block-file__button\" download>Descarga<\/a><\/div>\n\n\n\n<p><\/p>\n","protected":false},"excerpt":{"rendered":"<p>La Descentralizaci\u00f3n en Am\u00e9rica Latina, logros y desaf\u00edos. El libro presenta los textos y reflexiones de un seminario que sobre el tema se llev\u00f3 a cabo en la ciudad de La Paz \u2013 Bolivia los primeros d\u00edas del mes de octubre de 2003, a cargo del CEBEM y con el apoyo de un n\u00famero importante de instituciones nacionales y de la cooperaci\u00f3n europea.<\/p>\n","protected":false},"author":12,"featured_media":8846,"comment_status":"closed","ping_status":"closed","sticky":false,"template":"","format":"standard","meta":{"_jetpack_memberships_contains_paid_content":false,"footnotes":"","jetpack_publicize_message":"","jetpack_publicize_feature_enabled":true,"jetpack_social_post_already_shared":true,"jetpack_social_options":{"image_generator_settings":{"template":"highway","default_image_id":0,"font":"","enabled":false},"version":2}},"categories":[22],"tags":[1251,1265,211,65,1264],"class_list":["post-8844","post","type-post","status-publish","format-standard","has-post-thumbnail","hentry","category-publicaciones-cebem","tag-boletin-7-julio-2021","tag-cebem-recal","tag-democracia","tag-desarrollo-local","tag-descentralizacion","item-wrap"],"jetpack_publicize_connections":[],"jetpack_featured_media_url":"https:\/\/i0.wp.com\/cebem.org\/wp-content\/uploads\/2021\/07\/descentralizacion-en-amarica.jpg?fit=414%2C600&ssl=1","jetpack_sharing_enabled":true,"_links":{"self":[{"href":"https:\/\/cebem.org\/index.php?rest_route=\/wp\/v2\/posts\/8844","targetHints":{"allow":["GET"]}}],"collection":[{"href":"https:\/\/cebem.org\/index.php?rest_route=\/wp\/v2\/posts"}],"about":[{"href":"https:\/\/cebem.org\/index.php?rest_route=\/wp\/v2\/types\/post"}],"author":[{"embeddable":true,"href":"https:\/\/cebem.org\/index.php?rest_route=\/wp\/v2\/users\/12"}],"replies":[{"embeddable":true,"href":"https:\/\/cebem.org\/index.php?rest_route=%2Fwp%2Fv2%2Fcomments&post=8844"}],"version-history":[{"count":5,"href":"https:\/\/cebem.org\/index.php?rest_route=\/wp\/v2\/posts\/8844\/revisions"}],"predecessor-version":[{"id":8856,"href":"https:\/\/cebem.org\/index.php?rest_route=\/wp\/v2\/posts\/8844\/revisions\/8856"}],"wp:featuredmedia":[{"embeddable":true,"href":"https:\/\/cebem.org\/index.php?rest_route=\/wp\/v2\/media\/8846"}],"wp:attachment":[{"href":"https:\/\/cebem.org\/index.php?rest_route=%2Fwp%2Fv2%2Fmedia&parent=8844"}],"wp:term":[{"taxonomy":"category","embeddable":true,"href":"https:\/\/cebem.org\/index.php?rest_route=%2Fwp%2Fv2%2Fcategories&post=8844"},{"taxonomy":"post_tag","embeddable":true,"href":"https:\/\/cebem.org\/index.php?rest_route=%2Fwp%2Fv2%2Ftags&post=8844"}],"curies":[{"name":"wp","href":"https:\/\/api.w.org\/{rel}","templated":true}]}}