
{"id":8748,"date":"2021-06-25T20:47:56","date_gmt":"2021-06-26T00:47:56","guid":{"rendered":"https:\/\/cebem.org\/?p=8748"},"modified":"2021-06-25T20:47:57","modified_gmt":"2021-06-26T00:47:57","slug":"convocatoria-al-vi-congreso-de-ciencias-politicas-y-relaciones-internacionales","status":"publish","type":"post","link":"https:\/\/cebem.org\/?p=8748","title":{"rendered":"Convocatoria al VI Congreso de Ciencias Pol\u00edticas y Relaciones Internacionales"},"content":{"rendered":"\n<div class=\"wp-block-image\"><figure class=\"aligncenter size-large is-resized\"><img data-recalc-dims=\"1\" fetchpriority=\"high\" decoding=\"async\" src=\"https:\/\/i0.wp.com\/cebem.org\/wp-content\/uploads\/2021\/06\/IV-Congreso.jpg?resize=463%2C1024&#038;ssl=1\" alt=\"\" class=\"wp-image-8749\" width=\"463\" height=\"1024\" srcset=\"https:\/\/i0.wp.com\/cebem.org\/wp-content\/uploads\/2021\/06\/IV-Congreso.jpg?resize=463%2C1024&amp;ssl=1 463w, https:\/\/i0.wp.com\/cebem.org\/wp-content\/uploads\/2021\/06\/IV-Congreso.jpg?resize=136%2C300&amp;ssl=1 136w, https:\/\/i0.wp.com\/cebem.org\/wp-content\/uploads\/2021\/06\/IV-Congreso.jpg?resize=600%2C1328&amp;ssl=1 600w, https:\/\/i0.wp.com\/cebem.org\/wp-content\/uploads\/2021\/06\/IV-Congreso.jpg?resize=694%2C1536&amp;ssl=1 694w, https:\/\/i0.wp.com\/cebem.org\/wp-content\/uploads\/2021\/06\/IV-Congreso.jpg?w=714&amp;ssl=1 714w\" sizes=\"(max-width: 463px) 100vw, 463px\" \/><\/figure><\/div>\n\n\n\n<p class=\"has-text-align-justify\">La Red de Ciencias Pol\u00edticas y Relaciones Internacionales &#8211; CIPRI, convoca a presentar propuestas de paneles y ponencias individuales para conformar paneles para el VI Congreso de Ciencias Pol\u00edticas y Relaciones Internacionales. <\/p>\n\n\n\n<p class=\"has-text-align-justify\">En esta edici\u00f3n, el congreso esta organizado por la Universidad Andina Sim\u00f3n Bol\u00edvar sede Ecuador y la Facultad Latinoamericana de Ciencias Sociales<\/p>\n\n\n\n<p class=\"has-text-align-justify\">Formato  virtual.<\/p>\n\n\n\n<p class=\"has-text-align-justify\">Fecha: Del 25 al 28 de octubre 2021. <\/p>\n\n\n\n<p class=\"has-text-align-justify\">Tema central del Congreso : \u201cRetos para la sociedad post pandemia\u201d.<\/p>\n\n\n\n<p>Recepcion de ponencia y paneles: 15 de julio 2021<\/p>\n\n\n\n<h4 class=\"wp-block-heading\">Mas Informaci\u00f3n <a href=\"https:\/\/red-cipri.com\/iv-congreso-cipri\/\" target=\"_blank\" rel=\"noreferrer noopener\">AQUI<\/a> <\/h4>\n\n\n\n<p><\/p>\n","protected":false},"excerpt":{"rendered":"<p>VI Congreso de Ciencias Pol\u00edticas y Relaciones Internacionales.  Del 25 al 28 de octubre de 2021.<\/p>\n","protected":false},"author":12,"featured_media":8749,"comment_status":"closed","ping_status":"closed","sticky":false,"template":"","format":"standard","meta":{"_jetpack_memberships_contains_paid_content":false,"footnotes":"","jetpack_publicize_message":"","jetpack_publicize_feature_enabled":true,"jetpack_social_post_already_shared":true,"jetpack_social_options":{"image_generator_settings":{"template":"highway","default_image_id":0,"font":"","enabled":false},"version":2}},"categories":[8],"tags":[1196,85,1233,1231],"class_list":["post-8748","post","type-post","status-publish","format-standard","has-post-thumbnail","hentry","category-convocatorias","tag-boletin-6-junio-2021","tag-convocatoria","tag-flacso-ecuador-red-cipri","tag-vi-congreso","item-wrap"],"jetpack_publicize_connections":[],"jetpack_featured_media_url":"https:\/\/i0.wp.com\/cebem.org\/wp-content\/uploads\/2021\/06\/IV-Congreso.jpg?fit=714%2C1580&ssl=1","jetpack_sharing_enabled":true,"_links":{"self":[{"href":"https:\/\/cebem.org\/index.php?rest_route=\/wp\/v2\/posts\/8748","targetHints":{"allow":["GET"]}}],"collection":[{"href":"https:\/\/cebem.org\/index.php?rest_route=\/wp\/v2\/posts"}],"about":[{"href":"https:\/\/cebem.org\/index.php?rest_route=\/wp\/v2\/types\/post"}],"author":[{"embeddable":true,"href":"https:\/\/cebem.org\/index.php?rest_route=\/wp\/v2\/users\/12"}],"replies":[{"embeddable":true,"href":"https:\/\/cebem.org\/index.php?rest_route=%2Fwp%2Fv2%2Fcomments&post=8748"}],"version-history":[{"count":5,"href":"https:\/\/cebem.org\/index.php?rest_route=\/wp\/v2\/posts\/8748\/revisions"}],"predecessor-version":[{"id":8754,"href":"https:\/\/cebem.org\/index.php?rest_route=\/wp\/v2\/posts\/8748\/revisions\/8754"}],"wp:featuredmedia":[{"embeddable":true,"href":"https:\/\/cebem.org\/index.php?rest_route=\/wp\/v2\/media\/8749"}],"wp:attachment":[{"href":"https:\/\/cebem.org\/index.php?rest_route=%2Fwp%2Fv2%2Fmedia&parent=8748"}],"wp:term":[{"taxonomy":"category","embeddable":true,"href":"https:\/\/cebem.org\/index.php?rest_route=%2Fwp%2Fv2%2Fcategories&post=8748"},{"taxonomy":"post_tag","embeddable":true,"href":"https:\/\/cebem.org\/index.php?rest_route=%2Fwp%2Fv2%2Ftags&post=8748"}],"curies":[{"name":"wp","href":"https:\/\/api.w.org\/{rel}","templated":true}]}}