
{"id":8729,"date":"2021-06-23T19:28:07","date_gmt":"2021-06-23T23:28:07","guid":{"rendered":"https:\/\/cebem.org\/?p=8729"},"modified":"2021-06-23T19:28:08","modified_gmt":"2021-06-23T23:28:08","slug":"redes-sociales-y-narrativas-digitales-3","status":"publish","type":"post","link":"https:\/\/cebem.org\/?p=8729","title":{"rendered":"Redes Sociales y Narrativas Digitales"},"content":{"rendered":"\n<div class=\"wp-block-image\"><figure class=\"aligncenter size-large is-resized\"><img data-recalc-dims=\"1\" fetchpriority=\"high\" decoding=\"async\" src=\"https:\/\/i0.wp.com\/cebem.org\/wp-content\/uploads\/2021\/06\/redes_sociales.jpg?resize=563%2C395&#038;ssl=1\" alt=\"\" class=\"wp-image-8730\" width=\"563\" height=\"395\" srcset=\"https:\/\/i0.wp.com\/cebem.org\/wp-content\/uploads\/2021\/06\/redes_sociales.jpg?w=750&amp;ssl=1 750w, https:\/\/i0.wp.com\/cebem.org\/wp-content\/uploads\/2021\/06\/redes_sociales.jpg?resize=300%2C210&amp;ssl=1 300w, https:\/\/i0.wp.com\/cebem.org\/wp-content\/uploads\/2021\/06\/redes_sociales.jpg?resize=600%2C421&amp;ssl=1 600w\" sizes=\"(max-width: 563px) 100vw, 563px\" \/><\/figure><\/div>\n\n\n\n<h4 class=\"wp-block-heading\">Inscripciones abiertas<\/h4>\n\n\n\n<h4 class=\"wp-block-heading\">Modalidad virtual<\/h4>\n\n\n\n<h4 class=\"wp-block-heading\">Inicio  de clases : 5 de julio 2021<\/h4>\n\n\n\n<p>Este curso busca capacitar a periodistas, estudiantes y profesionales en el armado de un plan estrat\u00e9gico de comunicaci\u00f3n en redes sociales y en el an\u00e1lisis de reportes anal\u00edticos b\u00e1sicos. <\/p>\n\n\n\n<p>El curso estar\u00e1 a cargo de Irina Sternik y Melisa Avolio.<\/p>\n\n\n\n<h4 class=\"wp-block-heading\">M\u00e1s informaci\u00f3n: <a href=\"https:\/\/bit.ly\/2RzeEmH?fbclid=IwAR1wL86vBOW45GPvBQFq1FHCMnOLbZ-2KblIEc-8GmiJ9JsyEpwD1c41GSI\" target=\"_blank\" rel=\"noreferrer noopener\">https:\/\/bit.ly\/2RzeEmH<\/a><\/h4>\n\n\n\n<h4 class=\"wp-block-heading\">Informes al correo electr\u00f3nico: cyc@flacso.org.ar<\/h4>\n\n\n\n<p><\/p>\n","protected":false},"excerpt":{"rendered":"<p>Estrategias de Comunicaci\u00f3n y gesti\u00f3n de contenidos. Inicio 5 de julio 2021. Comunicaci\u00f3n y Cultura, FLACSO-Argentina<\/p>\n","protected":false},"author":12,"featured_media":8730,"comment_status":"closed","ping_status":"closed","sticky":false,"template":"","format":"standard","meta":{"_jetpack_memberships_contains_paid_content":false,"footnotes":"","jetpack_publicize_message":"Curso Redes Sociales y Narrativas Digitales.  Modalidad virtual. Inicio 5 de julio 2021.","jetpack_publicize_feature_enabled":true,"jetpack_social_post_already_shared":true,"jetpack_social_options":{"image_generator_settings":{"template":"highway","default_image_id":0,"font":"","enabled":false},"version":2}},"categories":[10],"tags":[1196,1059,906,1226,276],"class_list":["post-8729","post","type-post","status-publish","format-standard","has-post-thumbnail","hentry","category-otros-cursos","tag-boletin-6-junio-2021","tag-comunicacion-y-cultura","tag-flacso-argentina-3","tag-narrativas-digitales","tag-redes-sociales","item-wrap"],"jetpack_publicize_connections":[],"jetpack_featured_media_url":"https:\/\/i0.wp.com\/cebem.org\/wp-content\/uploads\/2021\/06\/redes_sociales.jpg?fit=750%2C526&ssl=1","jetpack_sharing_enabled":true,"_links":{"self":[{"href":"https:\/\/cebem.org\/index.php?rest_route=\/wp\/v2\/posts\/8729","targetHints":{"allow":["GET"]}}],"collection":[{"href":"https:\/\/cebem.org\/index.php?rest_route=\/wp\/v2\/posts"}],"about":[{"href":"https:\/\/cebem.org\/index.php?rest_route=\/wp\/v2\/types\/post"}],"author":[{"embeddable":true,"href":"https:\/\/cebem.org\/index.php?rest_route=\/wp\/v2\/users\/12"}],"replies":[{"embeddable":true,"href":"https:\/\/cebem.org\/index.php?rest_route=%2Fwp%2Fv2%2Fcomments&post=8729"}],"version-history":[{"count":1,"href":"https:\/\/cebem.org\/index.php?rest_route=\/wp\/v2\/posts\/8729\/revisions"}],"predecessor-version":[{"id":8731,"href":"https:\/\/cebem.org\/index.php?rest_route=\/wp\/v2\/posts\/8729\/revisions\/8731"}],"wp:featuredmedia":[{"embeddable":true,"href":"https:\/\/cebem.org\/index.php?rest_route=\/wp\/v2\/media\/8730"}],"wp:attachment":[{"href":"https:\/\/cebem.org\/index.php?rest_route=%2Fwp%2Fv2%2Fmedia&parent=8729"}],"wp:term":[{"taxonomy":"category","embeddable":true,"href":"https:\/\/cebem.org\/index.php?rest_route=%2Fwp%2Fv2%2Fcategories&post=8729"},{"taxonomy":"post_tag","embeddable":true,"href":"https:\/\/cebem.org\/index.php?rest_route=%2Fwp%2Fv2%2Ftags&post=8729"}],"curies":[{"name":"wp","href":"https:\/\/api.w.org\/{rel}","templated":true}]}}