
{"id":8703,"date":"2021-06-16T10:34:49","date_gmt":"2021-06-16T14:34:49","guid":{"rendered":"https:\/\/cebem.org\/?p=8703"},"modified":"2021-06-16T10:34:50","modified_gmt":"2021-06-16T14:34:50","slug":"catedra-internacional-de-politicas-para-la-sustentabilidad","status":"publish","type":"post","link":"https:\/\/cebem.org\/?p=8703","title":{"rendered":"C\u00e1tedra Internacional de Pol\u00edticas para la Sustentabilidad."},"content":{"rendered":"\n<div class=\"wp-block-image\"><figure class=\"aligncenter size-large is-resized\"><img data-recalc-dims=\"1\" fetchpriority=\"high\" decoding=\"async\" src=\"https:\/\/i0.wp.com\/cebem.org\/wp-content\/uploads\/2021\/06\/Flyer-de-difusion.jpeg?resize=614%2C768&#038;ssl=1\" alt=\"\" class=\"wp-image-8704\" width=\"614\" height=\"768\" srcset=\"https:\/\/i0.wp.com\/cebem.org\/wp-content\/uploads\/2021\/06\/Flyer-de-difusion.jpeg?resize=819%2C1024&amp;ssl=1 819w, https:\/\/i0.wp.com\/cebem.org\/wp-content\/uploads\/2021\/06\/Flyer-de-difusion.jpeg?resize=240%2C300&amp;ssl=1 240w, https:\/\/i0.wp.com\/cebem.org\/wp-content\/uploads\/2021\/06\/Flyer-de-difusion.jpeg?resize=768%2C960&amp;ssl=1 768w, https:\/\/i0.wp.com\/cebem.org\/wp-content\/uploads\/2021\/06\/Flyer-de-difusion.jpeg?resize=600%2C750&amp;ssl=1 600w, https:\/\/i0.wp.com\/cebem.org\/wp-content\/uploads\/2021\/06\/Flyer-de-difusion.jpeg?resize=750%2C938&amp;ssl=1 750w, https:\/\/i0.wp.com\/cebem.org\/wp-content\/uploads\/2021\/06\/Flyer-de-difusion.jpeg?w=1024&amp;ssl=1 1024w\" sizes=\"(max-width: 614px) 100vw, 614px\" \/><\/figure><\/div>\n\n\n\n<p class=\"has-text-align-justify\">FLACAM Foro Internacional. Te invita a participar de  la C\u00e1tedra Internacional de Pol\u00edticas para la Sustentabilidad. <\/p>\n\n\n\n<h4 class=\"wp-block-heading\">Inicio 5 de julio de 2021 <\/h4>\n\n\n\n<h4 class=\"wp-block-heading\">Duraci\u00f3n de 6 meses &#8211;  100% virtual<\/h4>\n\n\n\n<p class=\"has-text-align-justify\">Una C\u00e1tedra donde profesionales, magister, doctores y post doctores dialogaran con j\u00f3venes y actuantes de cualquier categor\u00eda y sector, donde m\u00faltiples pa\u00edses se encuentran para concertar pol\u00edticas de cambio, para territorializar el nuevo paradigma y reaprender lo aprendido, y con una nueva inteligencia, hacia el bien com\u00fan.<\/p>\n\n\n\n<p class=\"has-text-align-justify\">Ser\u00e1n siete seminarios, centrados en algunos de los temas m\u00e1s profundos y urgentes para alcanzar las nuevas pol\u00edticas de sustentabilidad que el mundo requiere (bien com\u00fan, patrimonio, desarrollo end\u00f3geno y econom\u00eda circular, paisaje, ciudad, sociedad, cambio clim\u00e1tico) <\/p>\n\n\n\n<h4 class=\"wp-block-heading\">Solicita m\u00e1s informaci\u00f3n <a href=\"https:\/\/www.redflacam.com\/so\/2aNdxTxXB\/c?w=41rrZCzlzr2pvccLjHp6Za2SZ7MqMxu92ryEtm_CDGY.eyJ1IjoiaHR0cHM6Ly9mb3Jtcy5nbGUva1hVRmI1ekxEU2VOOTdpZTciLCJyIjoiN2VmN2ZjZTItYzljNy00ZmEyLWIzNzEtZGY5ZTRmYWEzYzgzIiwibSI6Im1haWwiLCJjIjoiZDBhZjExN2EtMjE4ZC00YmM0LTk5NGQtMTc0NzU0ODgwMjcyIn0\" target=\"_blank\" rel=\"noreferrer noopener\">aqu\u00ed.<\/a><\/h4>\n\n\n\n<p><\/p>\n","protected":false},"excerpt":{"rendered":"<p>FLACAM Foro Internacional. Invitaci\u00f3n a participar de  la C\u00e1tedra Internacional de Pol\u00edticas para la Sustentabilidad. <\/p>\n","protected":false},"author":12,"featured_media":8704,"comment_status":"closed","ping_status":"closed","sticky":false,"template":"","format":"standard","meta":{"_jetpack_memberships_contains_paid_content":false,"footnotes":"","jetpack_publicize_message":"","jetpack_publicize_feature_enabled":true,"jetpack_social_post_already_shared":true,"jetpack_social_options":{"image_generator_settings":{"template":"highway","default_image_id":0,"font":"","enabled":false},"version":2}},"categories":[10],"tags":[1206,1209,1210,1207],"class_list":["post-8703","post","type-post","status-publish","format-standard","has-post-thumbnail","hentry","category-otros-cursos","tag-boletin-6-junio-2021-2","tag-flacam-unesco","tag-politicas-de-sustentabilidad","tag-siete-seminarios","item-wrap"],"jetpack_publicize_connections":[],"jetpack_featured_media_url":"https:\/\/i0.wp.com\/cebem.org\/wp-content\/uploads\/2021\/06\/Flyer-de-difusion.jpeg?fit=1024%2C1280&ssl=1","jetpack_sharing_enabled":true,"_links":{"self":[{"href":"https:\/\/cebem.org\/index.php?rest_route=\/wp\/v2\/posts\/8703","targetHints":{"allow":["GET"]}}],"collection":[{"href":"https:\/\/cebem.org\/index.php?rest_route=\/wp\/v2\/posts"}],"about":[{"href":"https:\/\/cebem.org\/index.php?rest_route=\/wp\/v2\/types\/post"}],"author":[{"embeddable":true,"href":"https:\/\/cebem.org\/index.php?rest_route=\/wp\/v2\/users\/12"}],"replies":[{"embeddable":true,"href":"https:\/\/cebem.org\/index.php?rest_route=%2Fwp%2Fv2%2Fcomments&post=8703"}],"version-history":[{"count":2,"href":"https:\/\/cebem.org\/index.php?rest_route=\/wp\/v2\/posts\/8703\/revisions"}],"predecessor-version":[{"id":8706,"href":"https:\/\/cebem.org\/index.php?rest_route=\/wp\/v2\/posts\/8703\/revisions\/8706"}],"wp:featuredmedia":[{"embeddable":true,"href":"https:\/\/cebem.org\/index.php?rest_route=\/wp\/v2\/media\/8704"}],"wp:attachment":[{"href":"https:\/\/cebem.org\/index.php?rest_route=%2Fwp%2Fv2%2Fmedia&parent=8703"}],"wp:term":[{"taxonomy":"category","embeddable":true,"href":"https:\/\/cebem.org\/index.php?rest_route=%2Fwp%2Fv2%2Fcategories&post=8703"},{"taxonomy":"post_tag","embeddable":true,"href":"https:\/\/cebem.org\/index.php?rest_route=%2Fwp%2Fv2%2Ftags&post=8703"}],"curies":[{"name":"wp","href":"https:\/\/api.w.org\/{rel}","templated":true}]}}