
{"id":8695,"date":"2021-06-14T10:44:49","date_gmt":"2021-06-14T14:44:49","guid":{"rendered":"https:\/\/cebem.org\/?p=8695"},"modified":"2021-06-14T10:44:50","modified_gmt":"2021-06-14T14:44:50","slug":"construyendo-propuestas-para-promover-sistemas-alimentarios-diversos-y-sostenibles-en-bolivia","status":"publish","type":"post","link":"https:\/\/cebem.org\/?p=8695","title":{"rendered":"Construyendo propuestas para promover Sistemas Alimentarios diversos y sostenibles en Bolivia"},"content":{"rendered":"\n<div class=\"wp-block-image\"><figure class=\"aligncenter size-large\"><img data-recalc-dims=\"1\" fetchpriority=\"high\" decoding=\"async\" width=\"750\" height=\"211\" src=\"https:\/\/i0.wp.com\/cebem.org\/wp-content\/uploads\/2021\/06\/Banner-Foro-Sistemas-Alimentarios-1.jpg?resize=750%2C211&#038;ssl=1\" alt=\"\" class=\"wp-image-8696\" srcset=\"https:\/\/i0.wp.com\/cebem.org\/wp-content\/uploads\/2021\/06\/Banner-Foro-Sistemas-Alimentarios-1-scaled.jpg?resize=1024%2C288&amp;ssl=1 1024w, https:\/\/i0.wp.com\/cebem.org\/wp-content\/uploads\/2021\/06\/Banner-Foro-Sistemas-Alimentarios-1-scaled.jpg?resize=300%2C84&amp;ssl=1 300w, https:\/\/i0.wp.com\/cebem.org\/wp-content\/uploads\/2021\/06\/Banner-Foro-Sistemas-Alimentarios-1-scaled.jpg?resize=768%2C216&amp;ssl=1 768w, https:\/\/i0.wp.com\/cebem.org\/wp-content\/uploads\/2021\/06\/Banner-Foro-Sistemas-Alimentarios-1-scaled.jpg?resize=600%2C169&amp;ssl=1 600w, https:\/\/i0.wp.com\/cebem.org\/wp-content\/uploads\/2021\/06\/Banner-Foro-Sistemas-Alimentarios-1-scaled.jpg?resize=1536%2C432&amp;ssl=1 1536w, https:\/\/i0.wp.com\/cebem.org\/wp-content\/uploads\/2021\/06\/Banner-Foro-Sistemas-Alimentarios-1-scaled.jpg?resize=2048%2C576&amp;ssl=1 2048w, https:\/\/i0.wp.com\/cebem.org\/wp-content\/uploads\/2021\/06\/Banner-Foro-Sistemas-Alimentarios-1-scaled.jpg?resize=750%2C211&amp;ssl=1 750w, https:\/\/i0.wp.com\/cebem.org\/wp-content\/uploads\/2021\/06\/Banner-Foro-Sistemas-Alimentarios-1-scaled.jpg?w=2250&amp;ssl=1 2250w\" sizes=\"(max-width: 750px) 100vw, 750px\" \/><\/figure><\/div>\n\n\n\n<p class=\"has-text-align-justify\">En el marco de la Cumbre de las Naciones Unidas sobre los Sistemas Alimentarios, a realizarse en septiembre de presente a\u00f1o, se est\u00e1n desarrollaron varias actividades a nivel mundial, regional y nacional. En ese contexto, el presente Foro est\u00e1 pesando como un espacio de di\u00e1logo, concertaci\u00f3n y creaci\u00f3n de propuestas para la transformaci\u00f3n de los Sistemas Alimentarios desde una mirada alternativa y sostenible a partir de las experiencias y aportes de distintos sectores<\/p>\n\n\n\n<p class=\"has-text-align-justify\">En base a este iniciativa convocamos a mujeres y hombres agricultores, productores, comerciantes, consumidores, acad\u00e9micos, universitarios, j\u00f3venes del \u00e1rea rural, y ciudadan\u00eda en general a ser parte del Foro <strong>\u201cConstruyendo propuestas para promover Sistemas Alimentarios diversos y sostenibles en Bolivia\u201d<\/strong>.<\/p>\n\n\n\n<p><strong>Fechas a realizarse:<\/strong><\/p>\n\n\n\n<h4 class=\"wp-block-heading\">Del 14 de junio al 22 de julio del 2021<\/h4>\n\n\n\n<p><strong>Requisitos<\/strong>:<\/p>\n\n\n\n<h4 class=\"wp-block-heading\">Inscripciones en:&nbsp;<a href=\"https:\/\/interaprendizaje.ipdrs.org\/inscripciones-foro-sistemas-alimentarios\"><strong>https:\/\/interaprendizaje.ipdrs.org\/inscripciones-foro-sistemas-alimentarios<\/strong><\/a>&nbsp;<\/h4>\n\n\n\n<p>Participaci\u00f3n comprometida<\/p>\n\n\n\n<p>Difusi\u00f3n de los resultados generados en el foro virtual por plataformas personales<\/p>\n\n\n\n<p>Tener instalado TEAM en celular o computadora.<\/p>\n\n\n\n<p><strong>Contactos<\/strong><\/p>\n\n\n\n<h4 class=\"wp-block-heading\">Instituto para el Desarrollo Rural Sudam\u00e9rica, IPDRS<\/h4>\n\n\n\n<h4 class=\"wp-block-heading\">Mar\u00eda \u00c1ngela Huanca L\u00f3pez <a href=\"mailto:ma.huanca07@gmail.com\"><strong>ma.huanca07@gmail.com<\/strong><\/a><\/h4>\n\n\n\n<h4 class=\"wp-block-heading\">Mayor informaci\u00f3n <a href=\"https:\/\/ipdrs.org\/index.php\/noticias\/nuestras-actividades\/6412-construyendo-propuestas-para-promover-sistemas-alimentarios-diversos-y-sostenibles-en-bolivia\" target=\"_blank\" rel=\"noreferrer noopener\">aqu\u00ed<\/a><\/h4>\n\n\n\n<p><\/p>\n","protected":false},"excerpt":{"rendered":"<p>El presente Foro est\u00e1 pesando como un espacio de di\u00e1logo, concertaci\u00f3n y creaci\u00f3n de propuestas para la transformaci\u00f3n de los Sistemas Alimentarios desde una mirada alternativa y sostenible a partir de las experiencias y aportes de distintos sectores. <\/p>\n","protected":false},"author":12,"featured_media":8696,"comment_status":"closed","ping_status":"closed","sticky":false,"template":"","format":"standard","meta":{"_jetpack_memberships_contains_paid_content":false,"footnotes":"","jetpack_publicize_message":"","jetpack_publicize_feature_enabled":true,"jetpack_social_post_already_shared":true,"jetpack_social_options":{"image_generator_settings":{"template":"highway","default_image_id":0,"font":"","enabled":false},"version":2}},"categories":[34],"tags":[1196,986,1200],"class_list":["post-8695","post","type-post","status-publish","format-standard","has-post-thumbnail","hentry","category-eventos","tag-boletin-6-junio-2021","tag-foro-virtual","tag-sistemas-alimentarios","item-wrap"],"jetpack_publicize_connections":[],"jetpack_featured_media_url":"https:\/\/i0.wp.com\/cebem.org\/wp-content\/uploads\/2021\/06\/Banner-Foro-Sistemas-Alimentarios-1-scaled.jpg?fit=2560%2C720&ssl=1","jetpack_sharing_enabled":true,"_links":{"self":[{"href":"https:\/\/cebem.org\/index.php?rest_route=\/wp\/v2\/posts\/8695","targetHints":{"allow":["GET"]}}],"collection":[{"href":"https:\/\/cebem.org\/index.php?rest_route=\/wp\/v2\/posts"}],"about":[{"href":"https:\/\/cebem.org\/index.php?rest_route=\/wp\/v2\/types\/post"}],"author":[{"embeddable":true,"href":"https:\/\/cebem.org\/index.php?rest_route=\/wp\/v2\/users\/12"}],"replies":[{"embeddable":true,"href":"https:\/\/cebem.org\/index.php?rest_route=%2Fwp%2Fv2%2Fcomments&post=8695"}],"version-history":[{"count":1,"href":"https:\/\/cebem.org\/index.php?rest_route=\/wp\/v2\/posts\/8695\/revisions"}],"predecessor-version":[{"id":8697,"href":"https:\/\/cebem.org\/index.php?rest_route=\/wp\/v2\/posts\/8695\/revisions\/8697"}],"wp:featuredmedia":[{"embeddable":true,"href":"https:\/\/cebem.org\/index.php?rest_route=\/wp\/v2\/media\/8696"}],"wp:attachment":[{"href":"https:\/\/cebem.org\/index.php?rest_route=%2Fwp%2Fv2%2Fmedia&parent=8695"}],"wp:term":[{"taxonomy":"category","embeddable":true,"href":"https:\/\/cebem.org\/index.php?rest_route=%2Fwp%2Fv2%2Fcategories&post=8695"},{"taxonomy":"post_tag","embeddable":true,"href":"https:\/\/cebem.org\/index.php?rest_route=%2Fwp%2Fv2%2Ftags&post=8695"}],"curies":[{"name":"wp","href":"https:\/\/api.w.org\/{rel}","templated":true}]}}