
{"id":8684,"date":"2021-06-07T16:27:08","date_gmt":"2021-06-07T20:27:08","guid":{"rendered":"https:\/\/cebem.org\/?p=8684"},"modified":"2021-06-07T17:50:12","modified_gmt":"2021-06-07T21:50:12","slug":"adaptacion-al-cambio-climatico-en-los-andes","status":"publish","type":"post","link":"https:\/\/cebem.org\/?p=8684","title":{"rendered":"Adaptaci\u00f3n al cambio clim\u00e1tico en los Andes"},"content":{"rendered":"\n<div class=\"wp-block-image\"><figure class=\"aligncenter size-large\"><img data-recalc-dims=\"1\" fetchpriority=\"high\" decoding=\"async\" width=\"631\" height=\"310\" src=\"https:\/\/i0.wp.com\/cebem.org\/wp-content\/uploads\/2021\/06\/Cambio-Climatico.jpg?resize=631%2C310&#038;ssl=1\" alt=\"\" class=\"wp-image-8685\" srcset=\"https:\/\/i0.wp.com\/cebem.org\/wp-content\/uploads\/2021\/06\/Cambio-Climatico.jpg?w=631&amp;ssl=1 631w, https:\/\/i0.wp.com\/cebem.org\/wp-content\/uploads\/2021\/06\/Cambio-Climatico.jpg?resize=300%2C147&amp;ssl=1 300w, https:\/\/i0.wp.com\/cebem.org\/wp-content\/uploads\/2021\/06\/Cambio-Climatico.jpg?resize=600%2C295&amp;ssl=1 600w\" sizes=\"(max-width: 631px) 100vw, 631px\" \/><figcaption><em>Cordillera Real de Bolivia<\/em><\/figcaption><\/figure><\/div>\n\n\n\n<p>Adaptaci\u00f3n al cambio clim\u00e1tico en los Andes: Vac\u00edos y prioridades para la gesti\u00f3n del conocimiento en los Andes. <em>Por Dirk Hoffmann, 15 de Marzo de 2021<\/em>.<\/p>\n\n\n\n<p class=\"has-text-align-justify\">La adaptaci\u00f3n gana cada vez m\u00e1s espacio en el debate global sobre el cambio clim\u00e1tico, en la medida que los impactos del aumento de temperatura sobre el clima, los ecosistemas y las sociedades se hacen m\u00e1s evidentes.<\/p>\n\n\n\n<p class=\"has-text-align-justify\">La reciente publicaci\u00f3n \u201cAdaptaci\u00f3n al cambio clim\u00e1tico en los Andes: Vac\u00edos y prioridades para la gesti\u00f3n del conocimiento\u201d del Consorcio para el Desarrollo Sostenible de la Ecoregi\u00f3n Andina <a href=\"http:\/\/(CONDESAN).\" target=\"_blank\" rel=\"noreferrer noopener\">(CONDESAN) <\/a>se ubica en este contexto, proporcionando orientaci\u00f3n para la investigaci\u00f3n y la toma de decisi\u00f3n en la regi\u00f3n. <\/p>\n\n\n\n<h4 class=\"wp-block-heading\">Uds. puede seguir los art\u00edculos del Dr. Dirk Hoffmann en el Blog de la Fundaci\u00f3n del Instituto Boliviano de la Monta\u00f1a (BMI) en el <a rel=\"noreferrer noopener\" href=\"https:\/\/www.cambioclimatico-bolivia.org\/index-cc.php?cod_aporte=457#457\" target=\"_blank\">siguiente enlace<\/a><\/h4>\n\n\n\n<p><\/p>\n\n\n\n<p><\/p>\n","protected":false},"excerpt":{"rendered":"<p>Cambio Clim\u00e1tico en los andes<\/p>\n","protected":false},"author":12,"featured_media":8685,"comment_status":"closed","ping_status":"closed","sticky":false,"template":"","format":"standard","meta":{"_jetpack_memberships_contains_paid_content":false,"footnotes":"","jetpack_publicize_message":"","jetpack_publicize_feature_enabled":true,"jetpack_social_post_already_shared":true,"jetpack_social_options":{"image_generator_settings":{"template":"highway","default_image_id":0,"font":"","enabled":false},"version":2}},"categories":[1],"tags":[1199,1196,60],"class_list":["post-8684","post","type-post","status-publish","format-standard","has-post-thumbnail","hentry","category-noticias","tag-bmi","tag-boletin-6-junio-2021","tag-cambio-climatico","item-wrap"],"jetpack_publicize_connections":[],"jetpack_featured_media_url":"https:\/\/i0.wp.com\/cebem.org\/wp-content\/uploads\/2021\/06\/Cambio-Climatico.jpg?fit=631%2C310&ssl=1","jetpack_sharing_enabled":true,"_links":{"self":[{"href":"https:\/\/cebem.org\/index.php?rest_route=\/wp\/v2\/posts\/8684","targetHints":{"allow":["GET"]}}],"collection":[{"href":"https:\/\/cebem.org\/index.php?rest_route=\/wp\/v2\/posts"}],"about":[{"href":"https:\/\/cebem.org\/index.php?rest_route=\/wp\/v2\/types\/post"}],"author":[{"embeddable":true,"href":"https:\/\/cebem.org\/index.php?rest_route=\/wp\/v2\/users\/12"}],"replies":[{"embeddable":true,"href":"https:\/\/cebem.org\/index.php?rest_route=%2Fwp%2Fv2%2Fcomments&post=8684"}],"version-history":[{"count":4,"href":"https:\/\/cebem.org\/index.php?rest_route=\/wp\/v2\/posts\/8684\/revisions"}],"predecessor-version":[{"id":8690,"href":"https:\/\/cebem.org\/index.php?rest_route=\/wp\/v2\/posts\/8684\/revisions\/8690"}],"wp:featuredmedia":[{"embeddable":true,"href":"https:\/\/cebem.org\/index.php?rest_route=\/wp\/v2\/media\/8685"}],"wp:attachment":[{"href":"https:\/\/cebem.org\/index.php?rest_route=%2Fwp%2Fv2%2Fmedia&parent=8684"}],"wp:term":[{"taxonomy":"category","embeddable":true,"href":"https:\/\/cebem.org\/index.php?rest_route=%2Fwp%2Fv2%2Fcategories&post=8684"},{"taxonomy":"post_tag","embeddable":true,"href":"https:\/\/cebem.org\/index.php?rest_route=%2Fwp%2Fv2%2Ftags&post=8684"}],"curies":[{"name":"wp","href":"https:\/\/api.w.org\/{rel}","templated":true}]}}