
{"id":8644,"date":"2021-05-21T21:08:01","date_gmt":"2021-05-22T01:08:01","guid":{"rendered":"https:\/\/cebem.org\/?p=8644"},"modified":"2021-05-21T21:08:02","modified_gmt":"2021-05-22T01:08:02","slug":"lanzan-concurso-internacional-de-ensayos-academicos-sobre-empresas-y-derechos-humanos-en-america-latina","status":"publish","type":"post","link":"https:\/\/cebem.org\/?p=8644","title":{"rendered":"Lanzan concurso internacional de ensayos acad\u00e9micos sobre empresas y derechos humanos en Am\u00e9rica Latina"},"content":{"rendered":"\n<div class=\"wp-block-image\"><figure class=\"aligncenter size-large is-resized\"><img data-recalc-dims=\"1\" fetchpriority=\"high\" decoding=\"async\" src=\"https:\/\/i0.wp.com\/cebem.org\/wp-content\/uploads\/2021\/05\/Concurso.jpg?resize=575%2C323&#038;ssl=1\" alt=\"\" class=\"wp-image-8645\" width=\"575\" height=\"323\" srcset=\"https:\/\/i0.wp.com\/cebem.org\/wp-content\/uploads\/2021\/05\/Concurso.jpg?w=767&amp;ssl=1 767w, https:\/\/i0.wp.com\/cebem.org\/wp-content\/uploads\/2021\/05\/Concurso.jpg?resize=300%2C169&amp;ssl=1 300w, https:\/\/i0.wp.com\/cebem.org\/wp-content\/uploads\/2021\/05\/Concurso.jpg?resize=600%2C337&amp;ssl=1 600w, https:\/\/i0.wp.com\/cebem.org\/wp-content\/uploads\/2021\/05\/Concurso.jpg?resize=750%2C421&amp;ssl=1 750w\" sizes=\"(max-width: 575px) 100vw, 575px\" \/><figcaption><strong>Lima \u2013 Bajo el lema\u00a0<em>\u201cEl cambio es hoy: derechos humanos y empresas en Latinoam\u00e9rica. Una apuesta por la Conducta Empresarial Responsable\u201d<\/em><\/strong><\/figcaption><\/figure><\/div>\n\n\n\n<p class=\"has-text-align-justify\">La Academia Latinoamericana de Derechos Humanos y Empresas y el Proyecto Conducta Empresarial Responsable en Am\u00e9rica Latina y el Caribe (CERALC) anunciaron la convocatoria para un concurso internacional de ensayo acad\u00e9micos.<\/p>\n\n\n\n<p class=\"has-text-align-justify\">Esta iniciativa se realiza en el marco de las actividades del Proyecto CERALC implementado por la Organizaci\u00f3n Internacional del Trabajo (OIT), la Organizaci\u00f3n para la Cooperaci\u00f3n y el Desarrollo Econ\u00f3mico (OCDE) y la Oficina del Alto Comisionado de las Naciones Unidas para los Derechos Humanos (ACNUDH), y con el apoyo financiero de la Uni\u00f3n Europea (UE).<\/p>\n\n\n\n<h4 class=\"wp-block-heading\">Los ensayos deben ser remitidos a trav\u00e9s del\u00a0formulario \u00fanico de aplicaci\u00f3n el siguiente <a href=\"https:\/\/docs.google.com\/forms\/d\/e\/1FAIpQLSfdKM4xMVi83vZyzf0k99jZD_cTBgDz_M88B5i59oTQD46kww\/viewform\" target=\"_blank\" rel=\"noreferrer noopener\">link<\/a>.\u00a0<\/h4>\n\n\n\n<h4 class=\"wp-block-heading\">Las Consultas: concursoedh@gmail.com&nbsp;con el asunto \u201cConsulta &#8211; Concurso de Ensayos &#8211; DHE\u201d<\/h4>\n\n\n\n<h4 class=\"wp-block-heading\">Se pueden descargar los t\u00e9rminos de referencia, disponibles en espa\u00f1ol y portugu\u00e9s en el\u00a0<a rel=\"noreferrer noopener\" href=\"https:\/\/concurso.empresasyderechoshumanos.org\/\" target=\"_blank\">sitio web<\/a> del concurso.\u00a0<\/h4>\n\n\n\n<p><\/p>\n\n\n\n<p><\/p>\n","protected":false},"excerpt":{"rendered":"<p>\u201cEl cambio es hoy: derechos humanos y empresas en Latinoam\u00e9rica. Una apuesta por la Conducta Empresarial Responsable\u201d<\/p>\n","protected":false},"author":12,"featured_media":8645,"comment_status":"closed","ping_status":"closed","sticky":false,"template":"","format":"standard","meta":{"_jetpack_memberships_contains_paid_content":false,"footnotes":"","jetpack_publicize_message":"","jetpack_publicize_feature_enabled":true,"jetpack_social_post_already_shared":true,"jetpack_social_options":{"image_generator_settings":{"template":"highway","default_image_id":0,"font":"","enabled":false},"version":2}},"categories":[1],"tags":[1170,1191,76,1188],"class_list":["post-8644","post","type-post","status-publish","format-standard","has-post-thumbnail","hentry","category-noticias","tag-boletin-5-mayo-2021-2","tag-ceralc-oit-ocde-acnudh-ue","tag-derechos-humanos","tag-empresas","item-wrap"],"jetpack_publicize_connections":[],"jetpack_featured_media_url":"https:\/\/i0.wp.com\/cebem.org\/wp-content\/uploads\/2021\/05\/Concurso.jpg?fit=767%2C431&ssl=1","jetpack_sharing_enabled":true,"_links":{"self":[{"href":"https:\/\/cebem.org\/index.php?rest_route=\/wp\/v2\/posts\/8644","targetHints":{"allow":["GET"]}}],"collection":[{"href":"https:\/\/cebem.org\/index.php?rest_route=\/wp\/v2\/posts"}],"about":[{"href":"https:\/\/cebem.org\/index.php?rest_route=\/wp\/v2\/types\/post"}],"author":[{"embeddable":true,"href":"https:\/\/cebem.org\/index.php?rest_route=\/wp\/v2\/users\/12"}],"replies":[{"embeddable":true,"href":"https:\/\/cebem.org\/index.php?rest_route=%2Fwp%2Fv2%2Fcomments&post=8644"}],"version-history":[{"count":3,"href":"https:\/\/cebem.org\/index.php?rest_route=\/wp\/v2\/posts\/8644\/revisions"}],"predecessor-version":[{"id":8648,"href":"https:\/\/cebem.org\/index.php?rest_route=\/wp\/v2\/posts\/8644\/revisions\/8648"}],"wp:featuredmedia":[{"embeddable":true,"href":"https:\/\/cebem.org\/index.php?rest_route=\/wp\/v2\/media\/8645"}],"wp:attachment":[{"href":"https:\/\/cebem.org\/index.php?rest_route=%2Fwp%2Fv2%2Fmedia&parent=8644"}],"wp:term":[{"taxonomy":"category","embeddable":true,"href":"https:\/\/cebem.org\/index.php?rest_route=%2Fwp%2Fv2%2Fcategories&post=8644"},{"taxonomy":"post_tag","embeddable":true,"href":"https:\/\/cebem.org\/index.php?rest_route=%2Fwp%2Fv2%2Ftags&post=8644"}],"curies":[{"name":"wp","href":"https:\/\/api.w.org\/{rel}","templated":true}]}}