
{"id":8637,"date":"2021-05-18T16:47:44","date_gmt":"2021-05-18T20:47:44","guid":{"rendered":"https:\/\/cebem.org\/?p=8637"},"modified":"2021-05-18T16:47:45","modified_gmt":"2021-05-18T20:47:45","slug":"espacios-agricolas-periurbanos-oportunidades-y-desafios-para-la-planificacion-y-gestion-territorial-en-argentina","status":"publish","type":"post","link":"https:\/\/cebem.org\/?p=8637","title":{"rendered":"\u201cEspacios agr\u00edcolas periurbanos: oportunidades y desaf\u00edos para la planificaci\u00f3n y gesti\u00f3n territorial en Argentina\u201d"},"content":{"rendered":"\n<div class=\"wp-block-image\"><figure class=\"aligncenter size-large\"><img data-recalc-dims=\"1\" fetchpriority=\"high\" decoding=\"async\" width=\"750\" height=\"373\" src=\"https:\/\/i0.wp.com\/cebem.org\/wp-content\/uploads\/2021\/05\/Espacios-agricolas-periurbanos.jpg?resize=750%2C373&#038;ssl=1\" alt=\"\" class=\"wp-image-8638\" srcset=\"https:\/\/i0.wp.com\/cebem.org\/wp-content\/uploads\/2021\/05\/Espacios-agricolas-periurbanos.jpg?w=751&amp;ssl=1 751w, https:\/\/i0.wp.com\/cebem.org\/wp-content\/uploads\/2021\/05\/Espacios-agricolas-periurbanos.jpg?resize=300%2C149&amp;ssl=1 300w, https:\/\/i0.wp.com\/cebem.org\/wp-content\/uploads\/2021\/05\/Espacios-agricolas-periurbanos.jpg?resize=600%2C298&amp;ssl=1 600w, https:\/\/i0.wp.com\/cebem.org\/wp-content\/uploads\/2021\/05\/Espacios-agricolas-periurbanos.jpg?resize=375%2C187&amp;ssl=1 375w\" sizes=\"(max-width: 750px) 100vw, 750px\" \/><\/figure><\/div>\n\n\n\n<h4 class=\"wp-block-heading\">Invitaci\u00f3n a la presentaci\u00f3n del libro<\/h4>\n\n\n\n<p>Autores:&nbsp; Enrique Goites, Gustavo Tito, Percy Nugent, Mercedes Patrouilleau, Javier Vitale, Mart\u00edn P\u00e9rez, Beatriz Giobellina, Fernando Escol\u00e1, Francisco Cardozo, Fernanda Hern\u00e1ndez Toso y Caterina Dalmasso.<\/p>\n\n\n\n<p>Buenos Aires: Ediciones INTA. 2020.<\/p>\n\n\n\n<p>El libro constituye una primera aproximaci\u00f3n al abordaje sist\u00e9mico y de la complejidad de los espacios agr\u00edcolas periurbanos como territorios en tensi\u00f3n, entre el suelo ya urbanizado y el que est\u00e1 sujeto a expectativas de valorizaci\u00f3n por avance de la urbanizaci\u00f3n, as\u00ed como por el riesgo de su eventual ocupaci\u00f3n informal. En este sentido, es un nuevo aporte al estudio de los espacios agr\u00edcolas periurbanos, producto de la investigaci\u00f3n y coordinaci\u00f3n entre profesionales de INTA y de la Universidad Nacional Arturo Jauretche.<\/p>\n\n\n\n<h4 class=\"wp-block-heading\">D\u00eda: jueves 20 de mayo, 11 hs.<\/h4>\n\n\n\n<h4 class=\"wp-block-heading\">Se requiere inscripci\u00f3n previa: <a href=\"https:\/\/bit.ly\/3hetARL?fbclid=IwAR259vyd56tXOfFtim_EFOqjmsj-_tIQk-R65azEuESr5sPtyq2jNQzXNpE\" target=\"_blank\" rel=\"noreferrer noopener\">https:\/\/bit.ly\/3hetARL<\/a><\/h4>\n\n\n\n<h4 class=\"wp-block-heading\">Transmisi\u00f3n en: <a href=\"https:\/\/youtu.be\/NW6v5AokTSU?fbclid=IwAR1GOGIejYp1W93viC3GCguLkFjOQPqh0mCQQz8mTklhxN6GYn9p2ywTZg0\" target=\"_blank\" rel=\"noreferrer noopener\">https:\/\/youtu.be\/NW6v5AokTSU<\/a><\/h4>\n\n\n\n<h4 class=\"wp-block-heading\">Para acceder al libro: <a href=\"https:\/\/bit.ly\/2QaCTHe?fbclid=IwAR0k8oPz8DkRXth1G1EC0TI9xwplrVY0vYoyWDxshW-tZryuWsCbuBVOQks\" target=\"_blank\" rel=\"noreferrer noopener\">https:\/\/bit.ly\/2QaCTHe<\/a><\/h4>\n\n\n\n<p><\/p>\n","protected":false},"excerpt":{"rendered":"<p>El libro constituye una primera aproximaci\u00f3n al abordaje sist\u00e9mico y de la complejidad de los espacios agr\u00edcolas periurbanos como territorios en tensi\u00f3n, entre el suelo ya urbanizado y el que est\u00e1 sujeto a expectativas de valorizaci\u00f3n por avance de la urbanizaci\u00f3n, as\u00ed como por el riesgo de su eventual ocupaci\u00f3n informal. <\/p>\n","protected":false},"author":12,"featured_media":8638,"comment_status":"closed","ping_status":"closed","sticky":false,"template":"","format":"standard","meta":{"_jetpack_memberships_contains_paid_content":false,"footnotes":"","jetpack_publicize_message":"","jetpack_publicize_feature_enabled":true,"jetpack_social_post_already_shared":true,"jetpack_social_options":{"image_generator_settings":{"template":"highway","default_image_id":0,"font":"","enabled":false},"version":2}},"categories":[34],"tags":[1170,1187,1186,74],"class_list":["post-8637","post","type-post","status-publish","format-standard","has-post-thumbnail","hentry","category-eventos","tag-boletin-5-mayo-2021-2","tag-inta-2","tag-invitacion-presentacion","tag-libro","item-wrap"],"jetpack_publicize_connections":[],"jetpack_featured_media_url":"https:\/\/i0.wp.com\/cebem.org\/wp-content\/uploads\/2021\/05\/Espacios-agricolas-periurbanos.jpg?fit=751%2C373&ssl=1","jetpack_sharing_enabled":true,"_links":{"self":[{"href":"https:\/\/cebem.org\/index.php?rest_route=\/wp\/v2\/posts\/8637","targetHints":{"allow":["GET"]}}],"collection":[{"href":"https:\/\/cebem.org\/index.php?rest_route=\/wp\/v2\/posts"}],"about":[{"href":"https:\/\/cebem.org\/index.php?rest_route=\/wp\/v2\/types\/post"}],"author":[{"embeddable":true,"href":"https:\/\/cebem.org\/index.php?rest_route=\/wp\/v2\/users\/12"}],"replies":[{"embeddable":true,"href":"https:\/\/cebem.org\/index.php?rest_route=%2Fwp%2Fv2%2Fcomments&post=8637"}],"version-history":[{"count":2,"href":"https:\/\/cebem.org\/index.php?rest_route=\/wp\/v2\/posts\/8637\/revisions"}],"predecessor-version":[{"id":8640,"href":"https:\/\/cebem.org\/index.php?rest_route=\/wp\/v2\/posts\/8637\/revisions\/8640"}],"wp:featuredmedia":[{"embeddable":true,"href":"https:\/\/cebem.org\/index.php?rest_route=\/wp\/v2\/media\/8638"}],"wp:attachment":[{"href":"https:\/\/cebem.org\/index.php?rest_route=%2Fwp%2Fv2%2Fmedia&parent=8637"}],"wp:term":[{"taxonomy":"category","embeddable":true,"href":"https:\/\/cebem.org\/index.php?rest_route=%2Fwp%2Fv2%2Fcategories&post=8637"},{"taxonomy":"post_tag","embeddable":true,"href":"https:\/\/cebem.org\/index.php?rest_route=%2Fwp%2Fv2%2Ftags&post=8637"}],"curies":[{"name":"wp","href":"https:\/\/api.w.org\/{rel}","templated":true}]}}