
{"id":8576,"date":"2021-05-04T12:33:47","date_gmt":"2021-05-04T16:33:47","guid":{"rendered":"https:\/\/cebem.org\/?p=8576"},"modified":"2021-05-04T12:33:48","modified_gmt":"2021-05-04T16:33:48","slug":"diploma-superior-gestion-investigacion-y-usos-pedagogicos-de-archivos-en-la-era-digital","status":"publish","type":"post","link":"https:\/\/cebem.org\/?p=8576","title":{"rendered":"Diploma Superior Gesti\u00f3n, Investigaci\u00f3n y Usos Pedag\u00f3gicos de Archivos en la Era Digital"},"content":{"rendered":"\n<div class=\"wp-block-image\"><figure class=\"aligncenter size-large\"><img data-recalc-dims=\"1\" fetchpriority=\"high\" decoding=\"async\" width=\"640\" height=\"399\" src=\"https:\/\/i0.wp.com\/cebem.org\/wp-content\/uploads\/2021\/05\/Diploma-archivos-en-la-era-digital.jpg?resize=640%2C399&#038;ssl=1\" alt=\"\" class=\"wp-image-8577\" srcset=\"https:\/\/i0.wp.com\/cebem.org\/wp-content\/uploads\/2021\/05\/Diploma-archivos-en-la-era-digital.jpg?w=640&amp;ssl=1 640w, https:\/\/i0.wp.com\/cebem.org\/wp-content\/uploads\/2021\/05\/Diploma-archivos-en-la-era-digital.jpg?resize=300%2C187&amp;ssl=1 300w, https:\/\/i0.wp.com\/cebem.org\/wp-content\/uploads\/2021\/05\/Diploma-archivos-en-la-era-digital.jpg?resize=600%2C374&amp;ssl=1 600w\" sizes=\"(max-width: 640px) 100vw, 640px\" \/><figcaption><strong><span class=\"has-inline-color has-black-color\">\u00daltimas semanas de inscripci\u00f3n<\/span><\/strong><\/figcaption><\/figure><\/div>\n\n\n\n<p>Inicio: abril 2021 &#8211; Modalidad a distancia<\/p>\n\n\n\n<p>Duraci\u00f3n: abril a diciembre de 2021<\/p>\n\n\n\n<p class=\"has-text-align-justify\">Este Diploma se propone formar a diversos agentes en un uso enriquecido de los archivos digitales en relaci\u00f3n a las pr\u00e1cticas de investigaci\u00f3n y de ense\u00f1anza; y se centra en los di\u00e1logos que se generan entre diversos lenguajes. Asimismo, explora a las pr\u00e1cticas de digitalizaci\u00f3n como tareas complejas que involucran decisiones t\u00e9cnicas, institucionales, curatoriales y de pol\u00edtica patrimonial. La intenci\u00f3n es ir m\u00e1s all\u00e1 de los aspectos t\u00e9cnicos de conservaci\u00f3n y categor\u00edas de archivado para explorar c\u00f3mo se construyen narrativas contempor\u00e1neas con el uso de estos materiales.<\/p>\n\n\n\n<p class=\"has-text-align-justify\">Admisi\u00f3n:\u00a0 Requisitos<strong>:<\/strong>\u00a0poseer t\u00edtulo de grado universitario o terciario. De lo contrario, los aspirantes podr\u00e1n justificar su postulaci\u00f3n sobre la base de una trayectoria profesional o acad\u00e9mica, y un comit\u00e9 acad\u00e9mico resolver\u00e1 su admisi\u00f3n.<\/p>\n\n\n\n<h4 class=\"wp-block-heading\"><strong>Los\/as interesados\/as deber\u00e1n: <\/strong>Completar el\u00a0formulario de preinscripci\u00f3n\u00a0<strong><u><a href=\"https:\/\/inscripcion.flacso.org.ar\/inscripcion_interesados_datpersonal.php?idpo=9102\" target=\"_blank\" rel=\"noreferrer noopener\">AQU<\/a>\u00cd<\/u><\/strong><\/h4>\n\n\n\n<h4 class=\"wp-block-heading\">Enviar por correo electr\u00f3nico a:&nbsp;<strong><a href=\"mailto:archivosdigitales@flacso.org.ar\">archivosdigitales@flacso.org.ar<\/a><\/strong>&nbsp;un curr\u00edculum vitae actualizado (de no m\u00e1s de 5 p\u00e1ginas).<\/h4>\n\n\n\n<p>La FLACSO realizar\u00e1 una selecci\u00f3n de los\/as aspirantes y comunicar\u00e1 a quienes fueron aceptados\/as a fin de que completen su inscripci\u00f3n.<\/p>\n\n\n\n<h4 class=\"wp-block-heading\">Mayor informaci\u00f3n <strong><u><a href=\"https:\/\/www.flacso.org.ar\/formacion-academica\/gestion-investigacion-y-usos-pedagogicos-de-archivos-en-la-era-digital\/\" target=\"_blank\" rel=\"noreferrer noopener\">AQU<\/a>\u00cd<\/u><\/strong><\/h4>\n","protected":false},"excerpt":{"rendered":"<p>Este Diploma se propone formar a diversos agentes en un uso enriquecido de los archivos digitales en relaci\u00f3n a las pr\u00e1cticas de investigaci\u00f3n y de ense\u00f1anza; y se centra en los di\u00e1logos que se generan entre diversos lenguajes.<\/p>\n","protected":false},"author":12,"featured_media":8577,"comment_status":"closed","ping_status":"closed","sticky":false,"template":"","format":"standard","meta":{"_jetpack_memberships_contains_paid_content":false,"footnotes":"","jetpack_publicize_message":"","jetpack_publicize_feature_enabled":true,"jetpack_social_post_already_shared":true,"jetpack_social_options":{"image_generator_settings":{"template":"highway","default_image_id":0,"font":"","enabled":false},"version":2}},"categories":[10],"tags":[1168,1169,409,899,768,233],"class_list":["post-8576","post","type-post","status-publish","format-standard","has-post-thumbnail","hentry","category-otros-cursos","tag-boletin-5-mayo-2021","tag-diplomado-superior","tag-flacso-argentina","tag-formacion","tag-gestion","tag-investigacion","item-wrap"],"jetpack_publicize_connections":[],"jetpack_featured_media_url":"https:\/\/i0.wp.com\/cebem.org\/wp-content\/uploads\/2021\/05\/Diploma-archivos-en-la-era-digital.jpg?fit=640%2C399&ssl=1","jetpack_sharing_enabled":true,"_links":{"self":[{"href":"https:\/\/cebem.org\/index.php?rest_route=\/wp\/v2\/posts\/8576","targetHints":{"allow":["GET"]}}],"collection":[{"href":"https:\/\/cebem.org\/index.php?rest_route=\/wp\/v2\/posts"}],"about":[{"href":"https:\/\/cebem.org\/index.php?rest_route=\/wp\/v2\/types\/post"}],"author":[{"embeddable":true,"href":"https:\/\/cebem.org\/index.php?rest_route=\/wp\/v2\/users\/12"}],"replies":[{"embeddable":true,"href":"https:\/\/cebem.org\/index.php?rest_route=%2Fwp%2Fv2%2Fcomments&post=8576"}],"version-history":[{"count":3,"href":"https:\/\/cebem.org\/index.php?rest_route=\/wp\/v2\/posts\/8576\/revisions"}],"predecessor-version":[{"id":8581,"href":"https:\/\/cebem.org\/index.php?rest_route=\/wp\/v2\/posts\/8576\/revisions\/8581"}],"wp:featuredmedia":[{"embeddable":true,"href":"https:\/\/cebem.org\/index.php?rest_route=\/wp\/v2\/media\/8577"}],"wp:attachment":[{"href":"https:\/\/cebem.org\/index.php?rest_route=%2Fwp%2Fv2%2Fmedia&parent=8576"}],"wp:term":[{"taxonomy":"category","embeddable":true,"href":"https:\/\/cebem.org\/index.php?rest_route=%2Fwp%2Fv2%2Fcategories&post=8576"},{"taxonomy":"post_tag","embeddable":true,"href":"https:\/\/cebem.org\/index.php?rest_route=%2Fwp%2Fv2%2Ftags&post=8576"}],"curies":[{"name":"wp","href":"https:\/\/api.w.org\/{rel}","templated":true}]}}