
{"id":8536,"date":"2021-04-22T12:18:55","date_gmt":"2021-04-22T16:18:55","guid":{"rendered":"https:\/\/cebem.org\/?p=8536"},"modified":"2021-04-22T12:18:56","modified_gmt":"2021-04-22T16:18:56","slug":"dia-internacional-de-la-madre-tierra-22-de-abril-de-2021","status":"publish","type":"post","link":"https:\/\/cebem.org\/?p=8536","title":{"rendered":"D\u00eda Internacional de la Madre Tierra 22 de abril de 2021"},"content":{"rendered":"\n<div class=\"wp-block-image\"><figure class=\"aligncenter size-large is-resized\"><img data-recalc-dims=\"1\" fetchpriority=\"high\" decoding=\"async\" src=\"https:\/\/i0.wp.com\/cebem.org\/wp-content\/uploads\/2021\/04\/gallery-mother-earth-day-home.jpg?resize=750%2C500&#038;ssl=1\" alt=\"\" class=\"wp-image-8538\" width=\"750\" height=\"500\" srcset=\"https:\/\/i0.wp.com\/cebem.org\/wp-content\/uploads\/2021\/04\/gallery-mother-earth-day-home.jpg?resize=1024%2C683&amp;ssl=1 1024w, https:\/\/i0.wp.com\/cebem.org\/wp-content\/uploads\/2021\/04\/gallery-mother-earth-day-home.jpg?resize=300%2C200&amp;ssl=1 300w, https:\/\/i0.wp.com\/cebem.org\/wp-content\/uploads\/2021\/04\/gallery-mother-earth-day-home.jpg?resize=768%2C512&amp;ssl=1 768w, https:\/\/i0.wp.com\/cebem.org\/wp-content\/uploads\/2021\/04\/gallery-mother-earth-day-home.jpg?resize=600%2C400&amp;ssl=1 600w, https:\/\/i0.wp.com\/cebem.org\/wp-content\/uploads\/2021\/04\/gallery-mother-earth-day-home.jpg?resize=750%2C500&amp;ssl=1 750w, https:\/\/i0.wp.com\/cebem.org\/wp-content\/uploads\/2021\/04\/gallery-mother-earth-day-home.jpg?w=1320&amp;ssl=1 1320w\" sizes=\"(max-width: 750px) 100vw, 750px\" \/><figcaption><strong>FOTO:<\/strong>Nikola Jovanovic y Jo-Anne McArthur\/Unsplash\/Unsplash<\/figcaption><\/figure><\/div>\n\n\n\n<p><strong>Restaurar nuestra Tierra<\/strong> La Madre Tierra claramente nos pide que actuemos. Los oc\u00e9anos se llenan de pl\u00e1sticos y se vuelven m\u00e1s \u00e1cidos. El calor extremo, los incendios forestales y las inundaciones, as\u00ed como una temporada de huracanes en el Atl\u00e1ntico que ha batido r\u00e9cords, han afectado a millones de personas. Ahora nos enfrentamos al\u00a0<a href=\"https:\/\/www.un.org\/es\/coronavirus\">COVID -19<\/a>, una pandemia sanitaria mundial con una fuerte relaci\u00f3n con la salud de nuestro ecosistema.<\/p>\n\n\n\n<h4 class=\"wp-block-heading\">Seguir el articulo de las Naciones Unidas en el siguiente <a rel=\"noreferrer noopener\" href=\"https:\/\/www.un.org\/es\/observances\/earth-day\" target=\"_blank\">link<\/a><\/h4>\n","protected":false},"excerpt":{"rendered":"<p>El d\u00eda de la tierra hoy 22 de abril es uno de los d\u00edas m\u00e1s relevantes para repensar nuestra relaci\u00f3n con la naturaleza. Pero este a\u00f1o en particular es un d\u00eda en que esta conmemoraci\u00f3n es quiz\u00e1 m\u00e1s importante que nunca .<\/p>\n","protected":false},"author":12,"featured_media":8538,"comment_status":"closed","ping_status":"closed","sticky":false,"template":"","format":"standard","meta":{"_jetpack_memberships_contains_paid_content":false,"footnotes":"","jetpack_publicize_message":"","jetpack_publicize_feature_enabled":true,"jetpack_social_post_already_shared":true,"jetpack_social_options":{"image_generator_settings":{"template":"highway","default_image_id":0,"font":"","enabled":false},"version":2}},"categories":[1],"tags":[1130,1160,624],"class_list":["post-8536","post","type-post","status-publish","format-standard","has-post-thumbnail","hentry","category-noticias","tag-boletin-4-abril-2021","tag-dia-de-la-madre-tierra","tag-onu","item-wrap"],"jetpack_publicize_connections":[],"jetpack_featured_media_url":"https:\/\/i0.wp.com\/cebem.org\/wp-content\/uploads\/2021\/04\/gallery-mother-earth-day-home.jpg?fit=1320%2C880&ssl=1","jetpack_sharing_enabled":true,"_links":{"self":[{"href":"https:\/\/cebem.org\/index.php?rest_route=\/wp\/v2\/posts\/8536","targetHints":{"allow":["GET"]}}],"collection":[{"href":"https:\/\/cebem.org\/index.php?rest_route=\/wp\/v2\/posts"}],"about":[{"href":"https:\/\/cebem.org\/index.php?rest_route=\/wp\/v2\/types\/post"}],"author":[{"embeddable":true,"href":"https:\/\/cebem.org\/index.php?rest_route=\/wp\/v2\/users\/12"}],"replies":[{"embeddable":true,"href":"https:\/\/cebem.org\/index.php?rest_route=%2Fwp%2Fv2%2Fcomments&post=8536"}],"version-history":[{"count":3,"href":"https:\/\/cebem.org\/index.php?rest_route=\/wp\/v2\/posts\/8536\/revisions"}],"predecessor-version":[{"id":8541,"href":"https:\/\/cebem.org\/index.php?rest_route=\/wp\/v2\/posts\/8536\/revisions\/8541"}],"wp:featuredmedia":[{"embeddable":true,"href":"https:\/\/cebem.org\/index.php?rest_route=\/wp\/v2\/media\/8538"}],"wp:attachment":[{"href":"https:\/\/cebem.org\/index.php?rest_route=%2Fwp%2Fv2%2Fmedia&parent=8536"}],"wp:term":[{"taxonomy":"category","embeddable":true,"href":"https:\/\/cebem.org\/index.php?rest_route=%2Fwp%2Fv2%2Fcategories&post=8536"},{"taxonomy":"post_tag","embeddable":true,"href":"https:\/\/cebem.org\/index.php?rest_route=%2Fwp%2Fv2%2Ftags&post=8536"}],"curies":[{"name":"wp","href":"https:\/\/api.w.org\/{rel}","templated":true}]}}