
{"id":8492,"date":"2021-04-08T22:01:11","date_gmt":"2021-04-09T02:01:11","guid":{"rendered":"https:\/\/cebem.org\/?p=8492"},"modified":"2022-08-22T12:15:00","modified_gmt":"2022-08-22T16:15:00","slug":"diplomatura-internacional-en-prospectiva-agricola-y-alimentaria","status":"publish","type":"post","link":"https:\/\/cebem.org\/?p=8492","title":{"rendered":"Diplomatura Internacional en Prospectiva Agr\u00edcola y Alimentaria"},"content":{"rendered":"<div class=\"wp-block-image\">\n<figure class=\"aligncenter size-large is-resized\"><img data-recalc-dims=\"1\" fetchpriority=\"high\" decoding=\"async\" src=\"https:\/\/i0.wp.com\/cebem.org\/wp-content\/uploads\/2021\/04\/Diplomatura-Prospectiva-y-politicas-alimentarias.jpg?resize=551%2C659&#038;ssl=1\" alt=\"\" class=\"wp-image-8493\" width=\"551\" height=\"659\" srcset=\"https:\/\/i0.wp.com\/cebem.org\/wp-content\/uploads\/2021\/04\/Diplomatura-Prospectiva-y-politicas-alimentarias.jpg?w=734&amp;ssl=1 734w, https:\/\/i0.wp.com\/cebem.org\/wp-content\/uploads\/2021\/04\/Diplomatura-Prospectiva-y-politicas-alimentarias.jpg?resize=251%2C300&amp;ssl=1 251w, https:\/\/i0.wp.com\/cebem.org\/wp-content\/uploads\/2021\/04\/Diplomatura-Prospectiva-y-politicas-alimentarias.jpg?resize=600%2C719&amp;ssl=1 600w\" sizes=\"(max-width: 551px) 100vw, 551px\" \/><\/figure>\n<\/div>\n\n\n<p>Objetivo general de la Diplomatura:<\/p>\n\n\n\n<p>Brindar una formaci\u00f3n especializada a referentes del sector empresarial, gubernamental, cient\u00edfico-acad\u00e9mico y de la sociedad civil con inter\u00e9s en desarrollar competencias que le permita gerenciar y administrar planes y proyectos en el campo agr\u00edcola y alimentario. As\u00ed como orientar, promover, dirigir e implementar estudios de prospectiva de forma participativa e iterativa.<\/p>\n\n\n\n<p>La Diplomatura contar\u00e1 con un Comit\u00e9 Acad\u00e9mico conformado por un\/a representante de cada instituci\u00f3n participante. En la primera cohorte del dictado, el\/la representante de la Facultad de Agronom\u00eda de la UNLPam asumir\u00e1 el rol de Coordinador\/a Acad\u00e9mico. Al finalizar la cohorte de la Diplomatura el\/la Coordinador\/a, con el aval del Comit\u00e9 Acad\u00e9mico, presentar\u00e1 al Consejo Directivo un informe que contemple aspectos acad\u00e9micos y administrativos.<\/p>\n\n\n\n<h4 class=\"wp-block-heading\">Duraci\u00f3n&nbsp;del Diplomado: De mayo a septiembre de 2021<\/h4>\n\n\n\n<h4 class=\"wp-block-heading\">Descargar el PDF del Programa <a rel=\"noreferrer noopener\" href=\"http:\/\/www.agro.unlpam.edu.ar\/images\/Cronograma.pdf\" target=\"_blank\">aqu\u00ed<\/a><\/h4>\n\n\n\n<h4 class=\"wp-block-heading\">Destinatarios: Empresarios\/as y emprendedores\/as de organizaciones del sector p\u00fablico y privado vinculadas al sector agroalimentario, autoridades de gobierno, investigadores, docentes y especialistas en ciencias agroalimentarias y afines.<\/h4>\n\n\n\n<h4 class=\"wp-block-heading\"><strong><a href=\"http:\/\/www.agro.unlpam.edu.ar\/index.php\/escuela-de\/diplomatura-universitaria-internacional-en-prospectiva-agricola-y-agroalimentaria\" data-type=\"URL\" data-id=\"http:\/\/www.agro.unlpam.edu.ar\/index.php\/escuela-de\/diplomatura-universitaria-internacional-en-prospectiva-agricola-y-agroalimentaria\" target=\"_blank\" rel=\"noreferrer noopener\">Mayor informaci\u00f3n<\/a> <\/strong><\/h4>\n\n\n\n<p><\/p>\n","protected":false},"excerpt":{"rendered":"<p>Brindar una formaci\u00f3n especializada a referentes del sector empresarial, gubernamental, cient\u00edfico-acad\u00e9mico y de la sociedad civil con inter\u00e9s en desarrollar competencias que le permita gerenciar y administrar planes y proyectos en el campo agr\u00edcola y alimentario.<\/p>\n","protected":false},"author":12,"featured_media":8493,"comment_status":"closed","ping_status":"closed","sticky":false,"template":"","format":"standard","meta":{"_jetpack_memberships_contains_paid_content":false,"footnotes":"","jetpack_publicize_message":"","jetpack_publicize_feature_enabled":true,"jetpack_social_post_already_shared":true,"jetpack_social_options":{"image_generator_settings":{"template":"highway","default_image_id":0,"font":"","enabled":false},"version":2}},"categories":[4],"tags":[1144,1130,750,1146,1145],"class_list":["post-8492","post","type-post","status-publish","format-standard","has-post-thumbnail","hentry","category-cursos-culminados-cebem","tag-alimentaria","tag-boletin-4-abril-2021","tag-diplomado-virtual","tag-facultad-de-agronomia","tag-prospectiva-agricola-2","item-wrap"],"jetpack_publicize_connections":[],"jetpack_featured_media_url":"https:\/\/i0.wp.com\/cebem.org\/wp-content\/uploads\/2021\/04\/Diplomatura-Prospectiva-y-politicas-alimentarias.jpg?fit=734%2C879&ssl=1","jetpack_sharing_enabled":true,"_links":{"self":[{"href":"https:\/\/cebem.org\/index.php?rest_route=\/wp\/v2\/posts\/8492","targetHints":{"allow":["GET"]}}],"collection":[{"href":"https:\/\/cebem.org\/index.php?rest_route=\/wp\/v2\/posts"}],"about":[{"href":"https:\/\/cebem.org\/index.php?rest_route=\/wp\/v2\/types\/post"}],"author":[{"embeddable":true,"href":"https:\/\/cebem.org\/index.php?rest_route=\/wp\/v2\/users\/12"}],"replies":[{"embeddable":true,"href":"https:\/\/cebem.org\/index.php?rest_route=%2Fwp%2Fv2%2Fcomments&post=8492"}],"version-history":[{"count":3,"href":"https:\/\/cebem.org\/index.php?rest_route=\/wp\/v2\/posts\/8492\/revisions"}],"predecessor-version":[{"id":11368,"href":"https:\/\/cebem.org\/index.php?rest_route=\/wp\/v2\/posts\/8492\/revisions\/11368"}],"wp:featuredmedia":[{"embeddable":true,"href":"https:\/\/cebem.org\/index.php?rest_route=\/wp\/v2\/media\/8493"}],"wp:attachment":[{"href":"https:\/\/cebem.org\/index.php?rest_route=%2Fwp%2Fv2%2Fmedia&parent=8492"}],"wp:term":[{"taxonomy":"category","embeddable":true,"href":"https:\/\/cebem.org\/index.php?rest_route=%2Fwp%2Fv2%2Fcategories&post=8492"},{"taxonomy":"post_tag","embeddable":true,"href":"https:\/\/cebem.org\/index.php?rest_route=%2Fwp%2Fv2%2Ftags&post=8492"}],"curies":[{"name":"wp","href":"https:\/\/api.w.org\/{rel}","templated":true}]}}