
{"id":8442,"date":"2021-03-31T20:12:58","date_gmt":"2021-04-01T00:12:58","guid":{"rendered":"https:\/\/cebem.org\/?p=8442"},"modified":"2021-03-31T20:22:21","modified_gmt":"2021-04-01T00:22:21","slug":"bosques-arboles-y-agroforesteria-para-el-planeta-y-las-personas-cifor-icraf","status":"publish","type":"post","link":"https:\/\/cebem.org\/?p=8442","title":{"rendered":"Bosques, \u00e1rboles y agroforester\u00eda para el planeta y las personas CIFOR-ICRAF"},"content":{"rendered":"\n<div class=\"wp-block-image\"><figure class=\"aligncenter size-large\"><img data-recalc-dims=\"1\" fetchpriority=\"high\" decoding=\"async\" width=\"620\" height=\"228\" src=\"https:\/\/i0.wp.com\/cebem.org\/wp-content\/uploads\/2021\/03\/CIFOR.jpg?resize=620%2C228&#038;ssl=1\" alt=\"\" class=\"wp-image-8443\" srcset=\"https:\/\/i0.wp.com\/cebem.org\/wp-content\/uploads\/2021\/03\/CIFOR.jpg?w=620&amp;ssl=1 620w, https:\/\/i0.wp.com\/cebem.org\/wp-content\/uploads\/2021\/03\/CIFOR.jpg?resize=300%2C110&amp;ssl=1 300w, https:\/\/i0.wp.com\/cebem.org\/wp-content\/uploads\/2021\/03\/CIFOR.jpg?resize=600%2C221&amp;ssl=1 600w\" sizes=\"(max-width: 620px) 100vw, 620px\" \/><\/figure><\/div>\n\n\n\n<p class=\"has-text-align-justify\">El Centro para la Investigaci\u00f3n Forestal Internacional (CIFOR) y el Centro Internacional de Investigaci\u00f3n Agroforestal (ICRAF) conciben un mundo m\u00e1s equitativo donde los \u00e1rboles en todos los paisajes, desde las tierras \u00e1ridas hasta los tr\u00f3picos h\u00famedos, contribuyen a mejorar el medioambiente y bienestar de todos y todas. CIFOR-ICRAF son centros de investigaci\u00f3n del CGIAR.<\/p>\n\n\n\n<p class=\"has-text-align-justify\">Nuestro bolet\u00edn le trae en esta primera edici\u00f3n 2021 nuevo y valioso contenido. Desde ahora, a nuestra s\u00f3lida ciencia enfocada en los bosques se le suma informaci\u00f3n y recursos sobre la ciencia agroforestal. CIFOR-ICRAF y sus socios, juntos, con m\u00e1s y mayor alcance e incidencia, se mantendr\u00e1n en la tarea de poner a los \u00e1rboles, los bosques y el manejo forestal y del paisaje en el centro de las soluciones a los desaf\u00edos que enfrenta el planeta, y por paisajes y bosques resilientes para todos y todas.<\/p>\n\n\n\n<h4 class=\"wp-block-heading\">Para leer las noticias del bolet\u00edn ingrese a la siguiente <a href=\"https:\/\/mailchi.mp\/cgiar.org\/cifor-icraf-spanish-newsletter-marzo-2021?e=24d8856224\" target=\"_blank\" rel=\"noreferrer noopener\">direcci\u00f3n:<\/a> <\/h4>\n\n\n\n<h4 class=\"wp-block-heading\">.<\/h4>\n\n\n\n<p><\/p>\n","protected":false},"excerpt":{"rendered":"<p>Nuestro bolet\u00edn le trae en esta primera edici\u00f3n 2021 nuevo y valioso contenido, sobre bosques, manejo forestal y del paisaje .<\/p>\n","protected":false},"author":12,"featured_media":8443,"comment_status":"closed","ping_status":"closed","sticky":false,"template":"","format":"standard","meta":{"_jetpack_memberships_contains_paid_content":false,"footnotes":"","jetpack_publicize_message":"","jetpack_publicize_feature_enabled":true,"jetpack_social_post_already_shared":true,"jetpack_social_options":{"image_generator_settings":{"template":"highway","default_image_id":0,"font":"","enabled":false},"version":2}},"categories":[5],"tags":[1073,1128,1129],"class_list":["post-8442","post","type-post","status-publish","format-standard","has-post-thumbnail","hentry","category-boletin","tag-boletin-3-marzo-2021","tag-ciencia-agroforestal","tag-cifor-icraf-2","item-wrap"],"jetpack_publicize_connections":[],"jetpack_featured_media_url":"https:\/\/i0.wp.com\/cebem.org\/wp-content\/uploads\/2021\/03\/CIFOR.jpg?fit=620%2C228&ssl=1","jetpack_sharing_enabled":true,"_links":{"self":[{"href":"https:\/\/cebem.org\/index.php?rest_route=\/wp\/v2\/posts\/8442","targetHints":{"allow":["GET"]}}],"collection":[{"href":"https:\/\/cebem.org\/index.php?rest_route=\/wp\/v2\/posts"}],"about":[{"href":"https:\/\/cebem.org\/index.php?rest_route=\/wp\/v2\/types\/post"}],"author":[{"embeddable":true,"href":"https:\/\/cebem.org\/index.php?rest_route=\/wp\/v2\/users\/12"}],"replies":[{"embeddable":true,"href":"https:\/\/cebem.org\/index.php?rest_route=%2Fwp%2Fv2%2Fcomments&post=8442"}],"version-history":[{"count":3,"href":"https:\/\/cebem.org\/index.php?rest_route=\/wp\/v2\/posts\/8442\/revisions"}],"predecessor-version":[{"id":8447,"href":"https:\/\/cebem.org\/index.php?rest_route=\/wp\/v2\/posts\/8442\/revisions\/8447"}],"wp:featuredmedia":[{"embeddable":true,"href":"https:\/\/cebem.org\/index.php?rest_route=\/wp\/v2\/media\/8443"}],"wp:attachment":[{"href":"https:\/\/cebem.org\/index.php?rest_route=%2Fwp%2Fv2%2Fmedia&parent=8442"}],"wp:term":[{"taxonomy":"category","embeddable":true,"href":"https:\/\/cebem.org\/index.php?rest_route=%2Fwp%2Fv2%2Fcategories&post=8442"},{"taxonomy":"post_tag","embeddable":true,"href":"https:\/\/cebem.org\/index.php?rest_route=%2Fwp%2Fv2%2Ftags&post=8442"}],"curies":[{"name":"wp","href":"https:\/\/api.w.org\/{rel}","templated":true}]}}