
{"id":844,"date":"2016-05-04T12:01:08","date_gmt":"2016-05-04T16:01:08","guid":{"rendered":"http:\/\/cebem.org\/?p=844"},"modified":"2016-05-04T12:01:08","modified_gmt":"2016-05-04T16:01:08","slug":"el-espacio-publico-es-una-relacion-no-un-espacio","status":"publish","type":"post","link":"https:\/\/cebem.org\/?p=844","title":{"rendered":"El espacio p\u00fablico es una relaci\u00f3n, no un espacio"},"content":{"rendered":"<p><em>Por Fernando Carri\u00f3n Mena, Arq.<\/em><\/p>\n<p>El espacio p\u00fablico ha adquirido un peso significativo en los debates actuales de la ciudad; lo cual no es casual, porque se ha convertido en uno de los temas de mayor trascendencia social, pol\u00edtica, cultural y econ\u00f3mica, as\u00ed como en un elemento clave dentro de las pol\u00edticas urbanas.<\/p>\n<p>Esta afirmaci\u00f3n conlleva una realidad: existe una relaci\u00f3n hist\u00f3rica entre ciudad y espacio p\u00fablico que permite identificar cambios en el tiempo, por ejemplo, que el espacio p\u00fablico precedi\u00f3 a la ciudad y que fue el punto de partida para su nacimiento. Mumford ( 1961: 17) ya lo se\u00f1al\u00f3: \u00bbAntes de ser un emplazamiento residencial, la ciudad fue un lugar de encuentro donde los hombres se reun\u00edan peri\u00f3dicamente&#8217;: La ciudad se estructur\u00f3 en sus inicios a partir del espacio p\u00fablico, tal como lo se\u00f1ala la Ley de Indias en el T\u00edtulo 7: \u00abY cuando hagan la planta del lugar, rep\u00e1rtanlo por sus plazas, calles y solares a cordel de regla, comenzando desde la Plaza Mayor, y sacando desde ella las calles a las puertas y caminos principales&#8217;: Hoy, esta funcionalidad del espacio p\u00fablico se ha invertido: son los espacios privados los que definen la organizaci\u00f3n de la urbe. Por eso, el espacio p\u00fablico es lo que queda luego de definir los usos del suelo en vivienda, comercio, administraci\u00f3n e industria, entre otros.<\/p>\n<p>La relevancia actual del espacio p\u00fablico se prefigura desde finales de los a\u00f1os ochenta y principios de la d\u00e9cada de los a\u00f1os noventa del siglo pasado, cuando se produce un importante giro en la ciudad latinoamericana a partir de una contradicci\u00f3n: el impulso del modelo de ciudad neoliberal frente a la ola democratizadora de los gobiernos de la ciudad. Este hito permite entender dos momentos claves.<\/p>\n<h4><a href=\"http:\/\/cebem.org\/wp-content\/uploads\/2016\/05\/El-espacio-p\u00fablico-es-una-relaci\u00f3n-no-un-espacio-F.-Carri\u00f3n_stamped-1.pdf\" target=\"_blank\" rel=\"\">DESCARGAR documento<\/a><\/h4>\n","protected":false},"excerpt":{"rendered":"<p>Por Fernando Carri\u00f3n Mena, Arq. El espacio p\u00fablico ha adquirido un peso significativo en los debates actuales de la ciudad; lo cual no es casual, porque se ha convertido en uno de los temas de mayor trascendencia social, pol\u00edtica, cultural y econ\u00f3mica, as\u00ed como en un elemento clave dentro de las pol\u00edticas urbanas. Esta afirmaci\u00f3n &hellip; <\/p>\n<p><a class=\"more-link btn\" href=\"https:\/\/cebem.org\/?p=844\">Seguir leyendo<\/a><\/p>\n","protected":false},"author":2,"featured_media":845,"comment_status":"closed","ping_status":"closed","sticky":false,"template":"","format":"standard","meta":{"_jetpack_memberships_contains_paid_content":false,"footnotes":"","jetpack_publicize_message":"","jetpack_publicize_feature_enabled":true,"jetpack_social_post_already_shared":true,"jetpack_social_options":{"image_generator_settings":{"template":"highway","default_image_id":0,"font":"","enabled":false},"version":2}},"categories":[9,7],"tags":[29,33],"class_list":["post-844","post","type-post","status-publish","format-standard","has-post-thumbnail","hentry","category-destacados","category-otras-publicaciones","tag-articulo","tag-boletin-3-abril-2016","item-wrap"],"jetpack_publicize_connections":[],"jetpack_featured_media_url":"https:\/\/i0.wp.com\/cebem.org\/wp-content\/uploads\/2016\/05\/El-espacio-p%C3%BAblico-es-una-relaci%C3%B3n-no-un-espacio-F.-Carri%C3%B3n_stamped-1_P%C3%A1gina_02.jpg?fit=1589%2C2701&ssl=1","jetpack_sharing_enabled":true,"_links":{"self":[{"href":"https:\/\/cebem.org\/index.php?rest_route=\/wp\/v2\/posts\/844","targetHints":{"allow":["GET"]}}],"collection":[{"href":"https:\/\/cebem.org\/index.php?rest_route=\/wp\/v2\/posts"}],"about":[{"href":"https:\/\/cebem.org\/index.php?rest_route=\/wp\/v2\/types\/post"}],"author":[{"embeddable":true,"href":"https:\/\/cebem.org\/index.php?rest_route=\/wp\/v2\/users\/2"}],"replies":[{"embeddable":true,"href":"https:\/\/cebem.org\/index.php?rest_route=%2Fwp%2Fv2%2Fcomments&post=844"}],"version-history":[{"count":1,"href":"https:\/\/cebem.org\/index.php?rest_route=\/wp\/v2\/posts\/844\/revisions"}],"predecessor-version":[{"id":847,"href":"https:\/\/cebem.org\/index.php?rest_route=\/wp\/v2\/posts\/844\/revisions\/847"}],"wp:featuredmedia":[{"embeddable":true,"href":"https:\/\/cebem.org\/index.php?rest_route=\/wp\/v2\/media\/845"}],"wp:attachment":[{"href":"https:\/\/cebem.org\/index.php?rest_route=%2Fwp%2Fv2%2Fmedia&parent=844"}],"wp:term":[{"taxonomy":"category","embeddable":true,"href":"https:\/\/cebem.org\/index.php?rest_route=%2Fwp%2Fv2%2Fcategories&post=844"},{"taxonomy":"post_tag","embeddable":true,"href":"https:\/\/cebem.org\/index.php?rest_route=%2Fwp%2Fv2%2Ftags&post=844"}],"curies":[{"name":"wp","href":"https:\/\/api.w.org\/{rel}","templated":true}]}}