
{"id":8429,"date":"2021-03-27T12:55:38","date_gmt":"2021-03-27T16:55:38","guid":{"rendered":"https:\/\/cebem.org\/?p=8429"},"modified":"2021-11-03T23:46:36","modified_gmt":"2021-11-04T03:46:36","slug":"inicia-la-convocatoria-al-iii-congreso-virtual-desarrollo-sustentable-y-desafios-ambientales","status":"publish","type":"post","link":"https:\/\/cebem.org\/?p=8429","title":{"rendered":"Inicia la convocatoria al III Congreso Virtual \u201cDesarrollo sustentable y desaf\u00edos ambientales\u201d"},"content":{"rendered":"\n<h3 class=\"has-text-align-center wp-block-heading\">El Ambiente, los problemas ambientales y la pos- Pandemia<\/h3>\n\n\n\n<div class=\"wp-block-image\"><figure class=\"aligncenter size-large\"><img data-recalc-dims=\"1\" fetchpriority=\"high\" decoding=\"async\" width=\"750\" height=\"393\" src=\"https:\/\/i0.wp.com\/cebem.org\/wp-content\/uploads\/2021\/03\/banner-III-congre-sinima.jpg?resize=750%2C393&#038;ssl=1\" alt=\"\" class=\"wp-image-8432\" srcset=\"https:\/\/i0.wp.com\/cebem.org\/wp-content\/uploads\/2021\/03\/banner-III-congre-sinima.jpg?resize=1024%2C536&amp;ssl=1 1024w, https:\/\/i0.wp.com\/cebem.org\/wp-content\/uploads\/2021\/03\/banner-III-congre-sinima.jpg?resize=300%2C157&amp;ssl=1 300w, https:\/\/i0.wp.com\/cebem.org\/wp-content\/uploads\/2021\/03\/banner-III-congre-sinima.jpg?resize=768%2C402&amp;ssl=1 768w, https:\/\/i0.wp.com\/cebem.org\/wp-content\/uploads\/2021\/03\/banner-III-congre-sinima.jpg?resize=600%2C314&amp;ssl=1 600w, https:\/\/i0.wp.com\/cebem.org\/wp-content\/uploads\/2021\/03\/banner-III-congre-sinima.jpg?resize=750%2C393&amp;ssl=1 750w, https:\/\/i0.wp.com\/cebem.org\/wp-content\/uploads\/2021\/03\/banner-III-congre-sinima.jpg?w=1200&amp;ssl=1 1200w\" sizes=\"(max-width: 750px) 100vw, 750px\" \/><\/figure><\/div>\n\n\n\n<h2 class=\"has-text-align-center has-vivid-green-cyan-color has-vivid-red-background-color has-text-color has-background wp-block-heading\">PARTICIPA de este congreso y se parte en generar conocimiento y posibles soluciones al medio ambiente<\/h2>\n\n\n\n<h4 class=\"has-text-align-center wp-block-heading\">Del 8 de noviembre al 18 de noviembre<\/h4>\n\n\n\n<p>La <strong>III EDICI\u00d3N del Congreso Virtual <\/strong>\u201cDesarrollo sustentable y desaf\u00edos ambientales\u201d pretende reunir participantes y asistentes de diferentes pa\u00edses, proponiendo y abriendo debates respecto a los avances significativos sobre el tema ambiental en el marco de los desaf\u00edos (nuevos y permanentes) que impone el contexto de <strong>pos pandemia<\/strong> para la gesti\u00f3n p\u00fablica, privada y del tercer sector.<\/p>\n\n\n\n<p>Ya despu\u00e9s de un \u00e9xito en la <strong>primera y segunda versi\u00f3n<\/strong>, donde nos reunimos mas de <strong>265 personas<\/strong> y m\u00e1s de <strong>115 ponencias y trabajos de investigaci\u00f3n<\/strong>, deseamos continuar con estas iniciativas con el fin de establecer un espacio de intercambio y socializaci\u00f3n de ideas, experiencias y miradas en materia de los distintos instrumentos de gesti\u00f3n ambiental entre t\u00e9cnicos, funcionarios, consultores y docentes que trabajan el tema ambiental en los distintos pa\u00edses de Am\u00e9rica Latina y de la pen\u00ednsula ib\u00e9rica.<\/p>\n\n\n\n<p>El espacio virtual que ofrece el congreso, intenta fomentar la socializaci\u00f3n de herramientas y experiencias en materia ambiental, y la puesta en di\u00e1logo entre actores que trabajan el abordaje de la tem\u00e1tica.<\/p>\n\n\n\n<p><strong>MESAS DE PARTICIPACI\u00d3N<\/strong><\/p>\n\n\n\n<ul class=\"wp-block-list\"><li>Mesa &#8211; Acci\u00f3n por el clima &#8211; De la problem\u00e1tica a las acciones de mitigaci\u00f3n y adaptaci\u00f3n<\/li><li>Mesa &#8211; Ciudades y comunidades sostenibles- Nuevos y viejos problemas ambientale<\/li><li>Mesa &#8211; Actores, alianzas y gobernanza ambiental<\/li><li>Mesa &#8211; Prospectiva y Ambiente &#8211; Cambio clim\u00e1tico y biodiversidad en el escenario de la post pandemia<\/li><li>Mesa &#8211; Producci\u00f3n y consumo responsable<\/li><li>Mesa &#8211; Educaci\u00f3n Ambiental \u2013 Abordajes, fundamentos y herramientas<\/li><li>Mesa &#8211; Conservaci\u00f3n de recursos naturales. Estrategias, Programas e iniciativas<\/li><li>Mesa &#8211; Igualdad de g\u00e9nero y ambiente<\/li><li>Mesa &#8211; Salud Ambiental<\/li><li>Mesa &#8211; Transici\u00f3n Energ\u00e9tica<\/li><li>Mesa &#8211; Responsabilidad Social Empresarial<\/li><li>Mesa &#8211; Ordenamiento Territorial, planificaci\u00f3n y Evaluaci\u00f3n de Impacto Ambiental<\/li><li>Mesa &#8211; Sistemas de informaci\u00f3n geogr\u00e1fica y Teledetecci\u00f3n aplicado al ambiente<\/li><li>Mesa &#8211; Cultura y Ambiente. La visi\u00f3n de los pueblos originarios<\/li><\/ul>\n\n\n\n<p><strong>CRONOGRAMA<\/strong><\/p>\n\n\n\n<ul class=\"wp-block-list\"><li><strong>Recepci\u00f3n de Res\u00famenes PERMANENTE: <\/strong>12 de Marzo hasta el 6 de Agosto de 2021<\/li><li><strong>Aviso de aceptaci\u00f3n de Resumen:<\/strong> hasta el 20 de Agosto 2021<\/li><li><strong>Env\u00edo de ponencia completa o p\u00f3ster: <\/strong>hasta el 3 de septiembre 2021<\/li><li><strong>Comunicaci\u00f3n sobre resultado de la Evaluaci\u00f3n de ponencia completa:<\/strong> 1 de Octubre<\/li><li><strong>Ajustes\/correcciones finales por parte de autores:<\/strong> hasta el 15 de Octubre (entrega final para edici\u00f3n)<\/li><li><strong>Env\u00edo de videos para presentaci\u00f3n:<\/strong> hasta el 1 de Noviembre<\/li><li><strong>Desarrollo del evento: <\/strong>8 de noviembre al 18 de noviembre<\/li><\/ul>\n\n\n\n<h3 class=\"has-text-align-center wp-block-heading\"><a href=\"http:\/\/congresos.cebem.org\/wp-content\/uploads\/2021\/03\/CONDICIONES_NORMAS_presentacion_trabajos_2021-v2.pdf\" target=\"_blank\" rel=\"noreferrer noopener\">DESCARGUE AQU\u00cd las condiciones para presentaci\u00f3n de res\u00famenes y ponencias<\/a><\/h3>\n\n\n\n<p>Env\u00ede el resumen al correo <a href=\"mailto:congreso@cebem.org\" target=\"_blank\" rel=\"noreferrer noopener\">congreso@cebem.org<\/a><\/p>\n\n\n\n<h4 class=\"wp-block-heading\"><strong>\u00bfTIENES ALGUNA CONSULTA? ESCR\u00cdBENOS:<\/strong><\/h4>\n\n\n\n<p class=\"has-large-font-size\"><a href=\"mailto:congreso@cebem.org\" target=\"_blank\" rel=\"noreferrer noopener\"><strong>Correo: <\/strong>congreso@cebem.org<\/a><\/p>\n\n\n\n<p class=\"has-large-font-size\"><a rel=\"noreferrer noopener\" href=\"https:\/\/api.whatsapp.com\/send?phone=59173027636&amp;text=Hola, me interesa el 3er Congreso y tengo la siguiente consulta\" target=\"_blank\"><strong>WhatsApp:<\/strong> +591 73027636<\/a><\/p>\n\n\n\n<p class=\"has-large-font-size\"><a href=\"http:\/\/congresos.cebem.org\/\" target=\"_blank\" rel=\"noreferrer noopener\">M\u00e1s informaci\u00f3n<\/a><\/p>\n","protected":false},"excerpt":{"rendered":"<p>La III Edici\u00f3n pretende reunir participantes y asistentes de diferentes pa\u00edses, proponiendo y abriendo debates respecto a los avances significativos sobre el tema ambiental en el marco de los desaf\u00edos (nuevos y permanentes) que impone el contexto de pos pandemia para la gesti\u00f3n p\u00fablica, privada y del tercer sector.<\/p>\n","protected":false},"author":2,"featured_media":8432,"comment_status":"closed","ping_status":"closed","sticky":false,"template":"","format":"standard","meta":{"_jetpack_memberships_contains_paid_content":false,"footnotes":"","jetpack_publicize_message":"","jetpack_publicize_feature_enabled":true,"jetpack_social_post_already_shared":true,"jetpack_social_options":{"image_generator_settings":{"template":"highway","default_image_id":0,"font":"","enabled":false},"version":2}},"categories":[34],"tags":[1073,15,85,13],"class_list":["post-8429","post","type-post","status-publish","format-standard","has-post-thumbnail","hentry","category-eventos","tag-boletin-3-marzo-2021","tag-congreso","tag-convocatoria","tag-evento","item-wrap"],"jetpack_publicize_connections":[],"jetpack_featured_media_url":"https:\/\/i0.wp.com\/cebem.org\/wp-content\/uploads\/2021\/03\/banner-III-congre-sinima.jpg?fit=1200%2C628&ssl=1","jetpack_sharing_enabled":true,"_links":{"self":[{"href":"https:\/\/cebem.org\/index.php?rest_route=\/wp\/v2\/posts\/8429","targetHints":{"allow":["GET"]}}],"collection":[{"href":"https:\/\/cebem.org\/index.php?rest_route=\/wp\/v2\/posts"}],"about":[{"href":"https:\/\/cebem.org\/index.php?rest_route=\/wp\/v2\/types\/post"}],"author":[{"embeddable":true,"href":"https:\/\/cebem.org\/index.php?rest_route=\/wp\/v2\/users\/2"}],"replies":[{"embeddable":true,"href":"https:\/\/cebem.org\/index.php?rest_route=%2Fwp%2Fv2%2Fcomments&post=8429"}],"version-history":[{"count":2,"href":"https:\/\/cebem.org\/index.php?rest_route=\/wp\/v2\/posts\/8429\/revisions"}],"predecessor-version":[{"id":8435,"href":"https:\/\/cebem.org\/index.php?rest_route=\/wp\/v2\/posts\/8429\/revisions\/8435"}],"wp:featuredmedia":[{"embeddable":true,"href":"https:\/\/cebem.org\/index.php?rest_route=\/wp\/v2\/media\/8432"}],"wp:attachment":[{"href":"https:\/\/cebem.org\/index.php?rest_route=%2Fwp%2Fv2%2Fmedia&parent=8429"}],"wp:term":[{"taxonomy":"category","embeddable":true,"href":"https:\/\/cebem.org\/index.php?rest_route=%2Fwp%2Fv2%2Fcategories&post=8429"},{"taxonomy":"post_tag","embeddable":true,"href":"https:\/\/cebem.org\/index.php?rest_route=%2Fwp%2Fv2%2Ftags&post=8429"}],"curies":[{"name":"wp","href":"https:\/\/api.w.org\/{rel}","templated":true}]}}