
{"id":8421,"date":"2021-03-25T19:02:04","date_gmt":"2021-03-25T23:02:04","guid":{"rendered":"https:\/\/cebem.org\/?p=8421"},"modified":"2021-03-25T19:02:05","modified_gmt":"2021-03-25T23:02:05","slug":"analisis-no-29-el-reto-de-la-educacion-que-hacer-frente-al-rezago-las-brechas-y-la-baja-calidad-educativa","status":"publish","type":"post","link":"https:\/\/cebem.org\/?p=8421","title":{"rendered":"An\u00e1lisis No. 29. El reto de la educaci\u00f3n \u00bfQu\u00e9 hacer frente al rezago, las brechas y la baja calidad educativa?"},"content":{"rendered":"\n<div class=\"wp-block-image\"><figure class=\"aligncenter size-large is-resized\"><img data-recalc-dims=\"1\" fetchpriority=\"high\" decoding=\"async\" src=\"https:\/\/i0.wp.com\/cebem.org\/wp-content\/uploads\/2021\/03\/Paginas-desdeAnalisis-No.-29..jpg?resize=371%2C512&#038;ssl=1\" alt=\"\" class=\"wp-image-8422\" width=\"371\" height=\"512\" srcset=\"https:\/\/i0.wp.com\/cebem.org\/wp-content\/uploads\/2021\/03\/Paginas-desdeAnalisis-No.-29..jpg?resize=742%2C1024&amp;ssl=1 742w, https:\/\/i0.wp.com\/cebem.org\/wp-content\/uploads\/2021\/03\/Paginas-desdeAnalisis-No.-29..jpg?resize=217%2C300&amp;ssl=1 217w, https:\/\/i0.wp.com\/cebem.org\/wp-content\/uploads\/2021\/03\/Paginas-desdeAnalisis-No.-29..jpg?resize=768%2C1060&amp;ssl=1 768w, https:\/\/i0.wp.com\/cebem.org\/wp-content\/uploads\/2021\/03\/Paginas-desdeAnalisis-No.-29..jpg?resize=600%2C828&amp;ssl=1 600w, https:\/\/i0.wp.com\/cebem.org\/wp-content\/uploads\/2021\/03\/Paginas-desdeAnalisis-No.-29..jpg?resize=1113%2C1536&amp;ssl=1 1113w, https:\/\/i0.wp.com\/cebem.org\/wp-content\/uploads\/2021\/03\/Paginas-desdeAnalisis-No.-29..jpg?resize=1484%2C2048&amp;ssl=1 1484w, https:\/\/i0.wp.com\/cebem.org\/wp-content\/uploads\/2021\/03\/Paginas-desdeAnalisis-No.-29..jpg?resize=750%2C1035&amp;ssl=1 750w, https:\/\/i0.wp.com\/cebem.org\/wp-content\/uploads\/2021\/03\/Paginas-desdeAnalisis-No.-29..jpg?w=1658&amp;ssl=1 1658w\" sizes=\"(max-width: 371px) 100vw, 371px\" \/><\/figure><\/div>\n\n\n\n<p>Reflexiones en torno a la evaluaci\u00f3n de la educaci\u00f3n<\/p>\n\n\n\n<p class=\"has-text-align-justify\">La publicaci\u00f3n que entregamos al p\u00fablico, en la Serie An\u00e1lisis de la Fundaci\u00f3n Milenio, intenta ser un aporte al debate pluralista de ideas. Lo peor que podemos hacer es mirar para otro lado, o tratar de esconder la basura bajo la alfombra. Es inexplicable, por ejemplo, que Ministerio de Educaci\u00f3n no haya publicado oficialmente dichos resultados, y que no est\u00e9n completamente disponibles para el p\u00fablico.<\/p>\n\n\n\n<p>Henry Oporto &#8211; Director &#8211; Fundaci\u00f3n Milenio.<\/p>\n\n\n\n<h4 class=\"wp-block-heading\">Visite la p\u00e1gina: <a rel=\"noreferrer noopener\" href=\"https:\/\/fundacion-milenio.org\/\" target=\"_blank\">fundacion-milenio.org<\/a> para descargar la publicaci\u00f3n.<\/h4>\n\n\n\n<p><\/p>\n","protected":false},"excerpt":{"rendered":"<p>La publicaci\u00f3n que entregamos al p\u00fablico, intenta ser un aporte al debate pluralista de ideas. <\/p>\n","protected":false},"author":12,"featured_media":8422,"comment_status":"closed","ping_status":"closed","sticky":false,"template":"","format":"standard","meta":{"_jetpack_memberships_contains_paid_content":false,"footnotes":"","jetpack_publicize_message":"","jetpack_publicize_feature_enabled":true,"jetpack_social_post_already_shared":true,"jetpack_social_options":{"image_generator_settings":{"template":"highway","default_image_id":0,"font":"","enabled":false},"version":2}},"categories":[7],"tags":[1070,1073,1121,483,1120,1122],"class_list":["post-8421","post","type-post","status-publish","format-standard","has-post-thumbnail","hentry","category-otras-publicaciones","tag-analisis","tag-boletin-3-marzo-2021","tag-evaluacion-de-la-educacion","tag-fundacion-milenio","tag-reflexiones","tag-varios-autores","item-wrap"],"jetpack_publicize_connections":[],"jetpack_featured_media_url":"https:\/\/i0.wp.com\/cebem.org\/wp-content\/uploads\/2021\/03\/Paginas-desdeAnalisis-No.-29..jpg?fit=1658%2C2288&ssl=1","jetpack_sharing_enabled":true,"_links":{"self":[{"href":"https:\/\/cebem.org\/index.php?rest_route=\/wp\/v2\/posts\/8421","targetHints":{"allow":["GET"]}}],"collection":[{"href":"https:\/\/cebem.org\/index.php?rest_route=\/wp\/v2\/posts"}],"about":[{"href":"https:\/\/cebem.org\/index.php?rest_route=\/wp\/v2\/types\/post"}],"author":[{"embeddable":true,"href":"https:\/\/cebem.org\/index.php?rest_route=\/wp\/v2\/users\/12"}],"replies":[{"embeddable":true,"href":"https:\/\/cebem.org\/index.php?rest_route=%2Fwp%2Fv2%2Fcomments&post=8421"}],"version-history":[{"count":3,"href":"https:\/\/cebem.org\/index.php?rest_route=\/wp\/v2\/posts\/8421\/revisions"}],"predecessor-version":[{"id":8425,"href":"https:\/\/cebem.org\/index.php?rest_route=\/wp\/v2\/posts\/8421\/revisions\/8425"}],"wp:featuredmedia":[{"embeddable":true,"href":"https:\/\/cebem.org\/index.php?rest_route=\/wp\/v2\/media\/8422"}],"wp:attachment":[{"href":"https:\/\/cebem.org\/index.php?rest_route=%2Fwp%2Fv2%2Fmedia&parent=8421"}],"wp:term":[{"taxonomy":"category","embeddable":true,"href":"https:\/\/cebem.org\/index.php?rest_route=%2Fwp%2Fv2%2Fcategories&post=8421"},{"taxonomy":"post_tag","embeddable":true,"href":"https:\/\/cebem.org\/index.php?rest_route=%2Fwp%2Fv2%2Ftags&post=8421"}],"curies":[{"name":"wp","href":"https:\/\/api.w.org\/{rel}","templated":true}]}}