
{"id":8418,"date":"2021-03-25T12:07:15","date_gmt":"2021-03-25T16:07:15","guid":{"rendered":"https:\/\/cebem.org\/?p=8418"},"modified":"2021-04-01T20:41:40","modified_gmt":"2021-04-02T00:41:40","slug":"amenazas-y-desafios-para-las-democracias-en-america-latina-y-el-caribe-derechos-en-cuestion","status":"publish","type":"post","link":"https:\/\/cebem.org\/?p=8418","title":{"rendered":"Amenazas y desaf\u00edos para las democracias en Am\u00e9rica Latina y el Caribe: \u00bfderechos en cuesti\u00f3n?"},"content":{"rendered":"\n<div class=\"wp-block-image\"><figure class=\"aligncenter size-large\"><img data-recalc-dims=\"1\" fetchpriority=\"high\" decoding=\"async\" width=\"700\" height=\"390\" src=\"https:\/\/i0.wp.com\/cebem.org\/wp-content\/uploads\/2021\/03\/Convocatoria-Amenazas-y-desafios-para-las-democracias-BANNER-WEB.jpg?resize=700%2C390&#038;ssl=1\" alt=\"\" class=\"wp-image-8419\" srcset=\"https:\/\/i0.wp.com\/cebem.org\/wp-content\/uploads\/2021\/03\/Convocatoria-Amenazas-y-desafios-para-las-democracias-BANNER-WEB.jpg?w=700&amp;ssl=1 700w, https:\/\/i0.wp.com\/cebem.org\/wp-content\/uploads\/2021\/03\/Convocatoria-Amenazas-y-desafios-para-las-democracias-BANNER-WEB.jpg?resize=300%2C167&amp;ssl=1 300w, https:\/\/i0.wp.com\/cebem.org\/wp-content\/uploads\/2021\/03\/Convocatoria-Amenazas-y-desafios-para-las-democracias-BANNER-WEB.jpg?resize=600%2C334&amp;ssl=1 600w\" sizes=\"(max-width: 700px) 100vw, 700px\" \/><\/figure><\/div>\n\n\n\n<p class=\"has-text-align-justify\">CLACSO lanza la Convocatoria de Investigaci\u00f3n para equipos \u00abAmenazas y desaf\u00edos para las democracias en Am\u00e9rica Latina y el Caribe: \u00bfderechos en cuesti\u00f3n?\u00bb. En esta convocatoria se promueve la postulaci\u00f3n de equipos de investigaci\u00f3n integrados por investigadoras e investigadores de diversas disciplinas, trayectorias y experiencias que aborden los problemas aqu\u00ed enunciados desde una perspectiva cr\u00edtica y con la voluntad de aportar ideas para afrontar los desaf\u00edos planteados desde propuestas superadoras.<\/p>\n\n\n\n<h4 class=\"wp-block-heading\"><strong>Cierre de inscripci\u00f3n: 26 de abril de 2021 (23:59, hora Argentina)<\/strong><strong><br><\/strong><strong>Publicaci\u00f3n de ganadores\/as: Mayo de 2021<\/strong><strong><br><\/strong><strong>Realizaci\u00f3n del proyecto: Mayo de 2021-Febrero de 2022<\/strong><strong><br><\/strong><strong>Presentaci\u00f3n del informe final: 28 de febrero de 2022<\/strong><strong><\/strong><\/h4>\n\n\n\n<h4 class=\"wp-block-heading\">Consultas:&nbsp;<strong><a href=\"mailto:democracias@clacso.edu.ar\">democracias@clacso.edu.ar<\/a><\/strong><\/h4>\n\n\n\n<h4 class=\"wp-block-heading\">Mayor informaci\u00f3n en la p\u00e1gina:<\/h4>\n\n\n\n<h4 class=\"wp-block-heading\"><a href=\"https:\/\/www.clacso.org\/amenazas-y-desafios-para-las-democracias-en-america-latina-y-el-caribe-derechos-en-cuestion\/\" target=\"_blank\" rel=\"noreferrer noopener\">https:\/\/www.clacso.org\/amenazas-y-desafios-para-las-democracias-en-america-latina-y-el-caribe-derechos-en-cuestion\/<\/a><\/h4>\n\n\n\n<p><\/p>\n","protected":false},"excerpt":{"rendered":"<p>CLACSO lanza la Convocatoria de Investigaci\u00f3n para equipos \u00abAmenazas y desaf\u00edos para las democracias en Am\u00e9rica Latina y el Caribe: \u00bfderechos en cuesti\u00f3n?\u00bb. En esta convocatoria se promueve la postulaci\u00f3n de equipos de investigaci\u00f3n integrados por investigadoras e investigadores de diversas disciplinas, trayectorias y experiencias que aborden los problemas aqu\u00ed enunciados desde una perspectiva cr\u00edtica &hellip; <\/p>\n<p><a class=\"more-link btn\" href=\"https:\/\/cebem.org\/?p=8418\">Seguir leyendo<\/a><\/p>\n","protected":false},"author":12,"featured_media":0,"comment_status":"closed","ping_status":"closed","sticky":false,"template":"","format":"standard","meta":{"_jetpack_memberships_contains_paid_content":false,"footnotes":"","jetpack_publicize_message":"","jetpack_publicize_feature_enabled":true,"jetpack_social_post_already_shared":true,"jetpack_social_options":{"image_generator_settings":{"template":"highway","default_image_id":0,"font":"","enabled":false},"version":2}},"categories":[8],"tags":[1073,217,85,1114,1115],"class_list":["post-8418","post","type-post","status-publish","format-standard","hentry","category-convocatorias","tag-boletin-3-marzo-2021","tag-clacso","tag-convocatoria","tag-de-investigacion","tag-para-equipos","item-wrap"],"jetpack_publicize_connections":[],"jetpack_featured_media_url":"","jetpack_sharing_enabled":true,"_links":{"self":[{"href":"https:\/\/cebem.org\/index.php?rest_route=\/wp\/v2\/posts\/8418","targetHints":{"allow":["GET"]}}],"collection":[{"href":"https:\/\/cebem.org\/index.php?rest_route=\/wp\/v2\/posts"}],"about":[{"href":"https:\/\/cebem.org\/index.php?rest_route=\/wp\/v2\/types\/post"}],"author":[{"embeddable":true,"href":"https:\/\/cebem.org\/index.php?rest_route=\/wp\/v2\/users\/12"}],"replies":[{"embeddable":true,"href":"https:\/\/cebem.org\/index.php?rest_route=%2Fwp%2Fv2%2Fcomments&post=8418"}],"version-history":[{"count":2,"href":"https:\/\/cebem.org\/index.php?rest_route=\/wp\/v2\/posts\/8418\/revisions"}],"predecessor-version":[{"id":8460,"href":"https:\/\/cebem.org\/index.php?rest_route=\/wp\/v2\/posts\/8418\/revisions\/8460"}],"wp:attachment":[{"href":"https:\/\/cebem.org\/index.php?rest_route=%2Fwp%2Fv2%2Fmedia&parent=8418"}],"wp:term":[{"taxonomy":"category","embeddable":true,"href":"https:\/\/cebem.org\/index.php?rest_route=%2Fwp%2Fv2%2Fcategories&post=8418"},{"taxonomy":"post_tag","embeddable":true,"href":"https:\/\/cebem.org\/index.php?rest_route=%2Fwp%2Fv2%2Ftags&post=8418"}],"curies":[{"name":"wp","href":"https:\/\/api.w.org\/{rel}","templated":true}]}}