
{"id":8375,"date":"2021-03-17T11:46:28","date_gmt":"2021-03-17T15:46:28","guid":{"rendered":"https:\/\/cebem.org\/?p=8375"},"modified":"2021-03-17T16:25:08","modified_gmt":"2021-03-17T20:25:08","slug":"posgrado-opinion-publica-y-comunicacion-politica","status":"publish","type":"post","link":"https:\/\/cebem.org\/?p=8375","title":{"rendered":"Posgrado Opini\u00f3n P\u00fablica y Comunicaci\u00f3n Pol\u00edtica"},"content":{"rendered":"\n<div class=\"wp-block-image\"><figure class=\"aligncenter size-large\"><img data-recalc-dims=\"1\" fetchpriority=\"high\" decoding=\"async\" width=\"640\" height=\"486\" src=\"https:\/\/i0.wp.com\/cebem.org\/wp-content\/uploads\/2021\/03\/opinion_publica_y_comunicacion_politica_2021.jpg?resize=640%2C486&#038;ssl=1\" alt=\"\" class=\"wp-image-8376\" srcset=\"https:\/\/i0.wp.com\/cebem.org\/wp-content\/uploads\/2021\/03\/opinion_publica_y_comunicacion_politica_2021.jpg?w=640&amp;ssl=1 640w, https:\/\/i0.wp.com\/cebem.org\/wp-content\/uploads\/2021\/03\/opinion_publica_y_comunicacion_politica_2021.jpg?resize=300%2C228&amp;ssl=1 300w, https:\/\/i0.wp.com\/cebem.org\/wp-content\/uploads\/2021\/03\/opinion_publica_y_comunicacion_politica_2021.jpg?resize=600%2C456&amp;ssl=1 600w\" sizes=\"(max-width: 640px) 100vw, 640px\" \/><\/figure><\/div>\n\n\n\n<p class=\"has-text-align-justify\">El programa se ocupa, de los diversos v\u00ednculos que establecen los tres actores que conforman el espacio p\u00fablico: medios de comunicaci\u00f3n, opini\u00f3n p\u00fablica y sistema pol\u00edtico. <\/p>\n\n\n\n<p class=\"has-text-align-justify\">Ante escenarios de creciente complejidad: la aparici\u00f3n de un intenso \u00e1mbito de la participaci\u00f3n pol\u00edtica en internet, este posgrado se proponen brindar elementos te\u00f3ricos y metodol\u00f3gicos para comprender los diferentes n\u00facleos conceptuales y pr\u00e1cticos referidos a la opini\u00f3n p\u00fablica moderna y posmoderna.<\/p>\n\n\n\n<h4 class=\"wp-block-heading\">Inicio del posgrado: abril de 2021, clases presenciales.<\/h4>\n\n\n\n<h4 class=\"wp-block-heading\">Una mayor informaci\u00f3n en el siguiente <a rel=\"noreferrer noopener\" href=\"https:\/\/www.flacso.org.ar\/formacion-academica\/posgrado-en-opinion-publica-y-comunicacion-politica\/\" target=\"_blank\">link<\/a>.<\/h4>\n\n\n\n<p><\/p>\n\n\n\n<p><\/p>\n","protected":false},"excerpt":{"rendered":"<p>Este posgrado se proponen brindar elementos te\u00f3ricos y metodol\u00f3gicos para comprender los diferentes n\u00facleos conceptuales y pr\u00e1cticos referidos a la opini\u00f3n p\u00fablica moderna y posmoderna.<\/p>\n","protected":false},"author":12,"featured_media":8376,"comment_status":"closed","ping_status":"closed","sticky":false,"template":"","format":"standard","meta":{"_jetpack_memberships_contains_paid_content":false,"footnotes":"","jetpack_publicize_message":"","jetpack_publicize_feature_enabled":true,"jetpack_social_post_already_shared":true,"jetpack_social_options":{"image_generator_settings":{"template":"highway","default_image_id":0,"font":"","enabled":false},"version":2}},"categories":[10],"tags":[1073,409,1092,1091],"class_list":["post-8375","post","type-post","status-publish","format-standard","has-post-thumbnail","hentry","category-otros-cursos","tag-boletin-3-marzo-2021","tag-flacso-argentina","tag-opinion-publica-y-comunicacion","tag-posgrado-presencial","item-wrap"],"jetpack_publicize_connections":[],"jetpack_featured_media_url":"https:\/\/i0.wp.com\/cebem.org\/wp-content\/uploads\/2021\/03\/opinion_publica_y_comunicacion_politica_2021.jpg?fit=640%2C486&ssl=1","jetpack_sharing_enabled":true,"_links":{"self":[{"href":"https:\/\/cebem.org\/index.php?rest_route=\/wp\/v2\/posts\/8375","targetHints":{"allow":["GET"]}}],"collection":[{"href":"https:\/\/cebem.org\/index.php?rest_route=\/wp\/v2\/posts"}],"about":[{"href":"https:\/\/cebem.org\/index.php?rest_route=\/wp\/v2\/types\/post"}],"author":[{"embeddable":true,"href":"https:\/\/cebem.org\/index.php?rest_route=\/wp\/v2\/users\/12"}],"replies":[{"embeddable":true,"href":"https:\/\/cebem.org\/index.php?rest_route=%2Fwp%2Fv2%2Fcomments&post=8375"}],"version-history":[{"count":2,"href":"https:\/\/cebem.org\/index.php?rest_route=\/wp\/v2\/posts\/8375\/revisions"}],"predecessor-version":[{"id":8379,"href":"https:\/\/cebem.org\/index.php?rest_route=\/wp\/v2\/posts\/8375\/revisions\/8379"}],"wp:featuredmedia":[{"embeddable":true,"href":"https:\/\/cebem.org\/index.php?rest_route=\/wp\/v2\/media\/8376"}],"wp:attachment":[{"href":"https:\/\/cebem.org\/index.php?rest_route=%2Fwp%2Fv2%2Fmedia&parent=8375"}],"wp:term":[{"taxonomy":"category","embeddable":true,"href":"https:\/\/cebem.org\/index.php?rest_route=%2Fwp%2Fv2%2Fcategories&post=8375"},{"taxonomy":"post_tag","embeddable":true,"href":"https:\/\/cebem.org\/index.php?rest_route=%2Fwp%2Fv2%2Ftags&post=8375"}],"curies":[{"name":"wp","href":"https:\/\/api.w.org\/{rel}","templated":true}]}}