
{"id":8361,"date":"2021-03-10T11:36:24","date_gmt":"2021-03-10T15:36:24","guid":{"rendered":"https:\/\/cebem.org\/?p=8361"},"modified":"2021-03-10T11:36:25","modified_gmt":"2021-03-10T15:36:25","slug":"america-latina-y-el-caribe-y-sus-visiones-de-futuro-seminarios","status":"publish","type":"post","link":"https:\/\/cebem.org\/?p=8361","title":{"rendered":"Am\u00e9rica Latina y el Caribe y sus Visiones de Futuro: Seminarios"},"content":{"rendered":"\n<div class=\"wp-block-image\"><figure class=\"aligncenter size-large\"><img data-recalc-dims=\"1\" fetchpriority=\"high\" decoding=\"async\" width=\"750\" height=\"375\" src=\"https:\/\/i0.wp.com\/cebem.org\/wp-content\/uploads\/2021\/03\/Prospectiva.jpg?resize=750%2C375&#038;ssl=1\" alt=\"\" class=\"wp-image-8362\" srcset=\"https:\/\/i0.wp.com\/cebem.org\/wp-content\/uploads\/2021\/03\/Prospectiva.jpg?resize=1024%2C512&amp;ssl=1 1024w, https:\/\/i0.wp.com\/cebem.org\/wp-content\/uploads\/2021\/03\/Prospectiva.jpg?resize=300%2C150&amp;ssl=1 300w, https:\/\/i0.wp.com\/cebem.org\/wp-content\/uploads\/2021\/03\/Prospectiva.jpg?resize=768%2C384&amp;ssl=1 768w, https:\/\/i0.wp.com\/cebem.org\/wp-content\/uploads\/2021\/03\/Prospectiva.jpg?resize=600%2C300&amp;ssl=1 600w, https:\/\/i0.wp.com\/cebem.org\/wp-content\/uploads\/2021\/03\/Prospectiva.jpg?resize=750%2C375&amp;ssl=1 750w, https:\/\/i0.wp.com\/cebem.org\/wp-content\/uploads\/2021\/03\/Prospectiva.jpg?resize=375%2C187&amp;ssl=1 375w, https:\/\/i0.wp.com\/cebem.org\/wp-content\/uploads\/2021\/03\/Prospectiva.jpg?w=1536&amp;ssl=1 1536w\" sizes=\"(max-width: 750px) 100vw, 750px\" \/><\/figure><\/div>\n\n\n\n<p class=\"has-text-align-justify\">La Red Abierta de Prospectiva e Innovaci\u00f3n en Am\u00e9rica Latina y el Caribe del Programa CYTED ha organizado una serie de seminarios sobre: La Articulaci\u00f3n de Redes de Prospectiva y Estudios de Futuro en Am\u00e9rica Latina y el Caribe. Desde el 22 de febrero 2021 hasta el 8 de marzo.<\/p>\n\n\n\n<p class=\"has-text-align-justify\">Compartimos estos seminarios que se encuentran grabados en la red Youtu.be y Uds. podr\u00e1n verlos haciendo clic en cada una de las sesiones.<\/p>\n\n\n\n<p><strong>Seminario 1. Marcha y contra marcha en la construcci\u00f3n de capacidades prospectivas en Am\u00e9rica Latina.<\/strong>  <a rel=\"noreferrer noopener\" href=\"https:\/\/youtu.be\/D1GR1B4F-NI\" target=\"_blank\" data-type=\"URL\" data-id=\"https:\/\/youtu.be\/D1GR1B4F-NI\">https:\/\/youtu.be\/D1GR1B4F-N<\/a><a rel=\"noreferrer noopener\" href=\"https:\/\/youtu.be\/D1GR1B4F-NI\" target=\"_blank\">I<\/a><\/p>\n\n\n\n<p><strong>Seminario 2. Programas de formaci\u00f3n avanzada en prospectiva en Iberoam\u00e9rica.<\/strong>  <a href=\"https:\/\/youtu.be\/LTR-oEiCtq8\">https:\/\/youtu.be\/LTR-oEiCtq8<\/a><\/p>\n\n\n\n<p><strong>Seminario 3. Conoce a la Asociaci\u00f3n de Futuristas Profesionales<\/strong>. h<a href=\"https:\/\/youtu.be\/vyy6gSanpWc\">ttps:\/\/youtu.be\/vyy6gSanpWc<\/a><\/p>\n\n\n\n<p><strong>Seminario 4. El lado joven del futuro<\/strong>.  <a rel=\"noreferrer noopener\" href=\"https:\/\/youtu.be\/AHbEy6hZvB8\" target=\"_blank\">https:\/\/youtu.be\/AHbEy6hZvB8<\/a><\/p>\n\n\n\n<p><strong>Seminario 5<\/strong>. <strong>La World Futures Studies Federation en LAC.<\/strong>  <a rel=\"noreferrer noopener\" href=\"https:\/\/youtu.be\/PuXm7WTD5N4\" target=\"_blank\">https:\/\/youtu.be\/PuXm7WTD5N4<\/a><\/p>\n\n\n\n<p><strong>Seminario 6. Articulaci\u00f3n de Redes de Prospectiva y Estudios de Futuro en Am\u00e9rica Latina y el Caribe Conociendo a World Future Society Cap\u00edtulo Mexicano<\/strong>  <a rel=\"noreferrer noopener\" href=\"https:\/\/youtu.be\/dL5jjw4Pn0I\" target=\"_blank\">https:\/\/youtu.be\/dL5jjw4Pn0I<\/a><\/p>\n\n\n\n<p> <strong>Seminario 7. La experiencia de RIBER del Millennium Project.<\/strong> <a rel=\"noreferrer noopener\" href=\"https:\/\/youtu.be\/71lEW1cpPBg\" target=\"_blank\">https:\/\/youtu.be\/71lEW1cpPBg<\/a><\/p>\n\n\n\n<p><strong>Seminario 8. Prospectiva Agroalimentaria en las Am\u00e9ricas.<\/strong> <a rel=\"noreferrer noopener\" href=\"https:\/\/youtu.be\/pnvBBjvDKVA\" target=\"_blank\">https:\/\/youtu.be\/pnvBBjvDKVA<\/a><\/p>\n\n\n\n<p><strong>Seminario 9. Dinamizando los ecosistemas de I+D+i en Bioeconom\u00eda con Prospectiva e Inteligencia Estrat\u00e9gica<\/strong>. <a rel=\"noreferrer noopener\" href=\"https:\/\/youtu.be\/TrXl5Y0xATg\" target=\"_blank\">https:\/\/youtu.be\/TrXl5Y0xATg<\/a><\/p>\n\n\n\n<p><strong>Seminario 10. Prospectiva en Mendoza: enfoques y aplicaciones<\/strong>. <a rel=\"noreferrer noopener\" href=\"https:\/\/youtu.be\/yQTczXmxLuI\" target=\"_blank\">https:\/\/youtu.be\/yQTczXmxLuI<\/a><\/p>\n\n\n\n<p><strong>Seminario 11. Organizaciones prospectivas.<\/strong><a rel=\"noreferrer noopener\" href=\"https:\/\/youtu.be\/9zCFG7\" target=\"_blank\"> https:\/\/youtu.be\/9zCFG7<\/a><\/p>\n\n\n\n<p><\/p>\n\n\n\n<p> <\/p>\n","protected":false},"excerpt":{"rendered":"<p>La Red Abierta de Prospectiva e Innovaci\u00f3n en Am\u00e9rica Latina y el Caribe del Programa CYTED ha organizado una serie de seminarios sobre: La Articulaci\u00f3n de Redes de Prospectiva y Estudios de Futuro en Am\u00e9rica Latina y el Caribe. Desde el 22 de febrero 2021 hasta el 8 de marzo.<\/p>\n","protected":false},"author":12,"featured_media":8362,"comment_status":"closed","ping_status":"closed","sticky":false,"template":"","format":"standard","meta":{"_jetpack_memberships_contains_paid_content":false,"footnotes":"","jetpack_publicize_message":"","jetpack_publicize_feature_enabled":true,"jetpack_social_post_already_shared":true,"jetpack_social_options":{"image_generator_settings":{"template":"highway","default_image_id":0,"font":"","enabled":false},"version":2}},"categories":[1],"tags":[1073,1089,1088,1087],"class_list":["post-8361","post","type-post","status-publish","format-standard","has-post-thumbnail","hentry","category-noticias","tag-boletin-3-marzo-2021","tag-red-prospectiva-cyted","tag-seminarios","tag-visiones-de-futuro","item-wrap"],"jetpack_publicize_connections":[],"jetpack_featured_media_url":"https:\/\/i0.wp.com\/cebem.org\/wp-content\/uploads\/2021\/03\/Prospectiva.jpg?fit=1536%2C768&ssl=1","jetpack_sharing_enabled":true,"_links":{"self":[{"href":"https:\/\/cebem.org\/index.php?rest_route=\/wp\/v2\/posts\/8361","targetHints":{"allow":["GET"]}}],"collection":[{"href":"https:\/\/cebem.org\/index.php?rest_route=\/wp\/v2\/posts"}],"about":[{"href":"https:\/\/cebem.org\/index.php?rest_route=\/wp\/v2\/types\/post"}],"author":[{"embeddable":true,"href":"https:\/\/cebem.org\/index.php?rest_route=\/wp\/v2\/users\/12"}],"replies":[{"embeddable":true,"href":"https:\/\/cebem.org\/index.php?rest_route=%2Fwp%2Fv2%2Fcomments&post=8361"}],"version-history":[{"count":3,"href":"https:\/\/cebem.org\/index.php?rest_route=\/wp\/v2\/posts\/8361\/revisions"}],"predecessor-version":[{"id":8370,"href":"https:\/\/cebem.org\/index.php?rest_route=\/wp\/v2\/posts\/8361\/revisions\/8370"}],"wp:featuredmedia":[{"embeddable":true,"href":"https:\/\/cebem.org\/index.php?rest_route=\/wp\/v2\/media\/8362"}],"wp:attachment":[{"href":"https:\/\/cebem.org\/index.php?rest_route=%2Fwp%2Fv2%2Fmedia&parent=8361"}],"wp:term":[{"taxonomy":"category","embeddable":true,"href":"https:\/\/cebem.org\/index.php?rest_route=%2Fwp%2Fv2%2Fcategories&post=8361"},{"taxonomy":"post_tag","embeddable":true,"href":"https:\/\/cebem.org\/index.php?rest_route=%2Fwp%2Fv2%2Ftags&post=8361"}],"curies":[{"name":"wp","href":"https:\/\/api.w.org\/{rel}","templated":true}]}}