
{"id":8356,"date":"2021-03-09T17:56:27","date_gmt":"2021-03-09T21:56:27","guid":{"rendered":"https:\/\/cebem.org\/?p=8356"},"modified":"2021-03-09T17:56:28","modified_gmt":"2021-03-09T21:56:28","slug":"subvenciones-para-historias-de-periodismo-ambiental-indigena","status":"publish","type":"post","link":"https:\/\/cebem.org\/?p=8356","title":{"rendered":"Subvenciones para historias de periodismo ambiental ind\u00edgena"},"content":{"rendered":"\n<div class=\"wp-block-image\"><figure class=\"aligncenter size-large\"><img data-recalc-dims=\"1\" fetchpriority=\"high\" decoding=\"async\" width=\"750\" height=\"488\" src=\"https:\/\/i0.wp.com\/cebem.org\/wp-content\/uploads\/2021\/03\/Suvenciones-para-historias.jpg?resize=750%2C488&#038;ssl=1\" alt=\"\" class=\"wp-image-8357\" srcset=\"https:\/\/i0.wp.com\/cebem.org\/wp-content\/uploads\/2021\/03\/Suvenciones-para-historias.jpg?w=786&amp;ssl=1 786w, https:\/\/i0.wp.com\/cebem.org\/wp-content\/uploads\/2021\/03\/Suvenciones-para-historias.jpg?resize=300%2C195&amp;ssl=1 300w, https:\/\/i0.wp.com\/cebem.org\/wp-content\/uploads\/2021\/03\/Suvenciones-para-historias.jpg?resize=768%2C499&amp;ssl=1 768w, https:\/\/i0.wp.com\/cebem.org\/wp-content\/uploads\/2021\/03\/Suvenciones-para-historias.jpg?resize=600%2C390&amp;ssl=1 600w, https:\/\/i0.wp.com\/cebem.org\/wp-content\/uploads\/2021\/03\/Suvenciones-para-historias.jpg?resize=750%2C488&amp;ssl=1 750w\" sizes=\"(max-width: 750px) 100vw, 750px\" \/><\/figure><\/div>\n\n\n\n<p class=\"has-text-align-justify\"><strong>Internews<\/strong>\u00a0desarroll\u00f3 inicialmente la\u00a0<strong>Earth Journalism Network<\/strong>(EJN) en 2004 para permitir a los periodistas de pa\u00edses en desarrollo cubrir el medio ambiente de manera m\u00e1s eficaz.\u00a0Ahora somos una red verdaderamente global que trabaja con reporteros y medios de comunicaci\u00f3n en pr\u00e1cticamente todas las regiones del mundo.\u00a0En nuestra misi\u00f3n de mejorar la cantidad y la calidad de los informes ambientales, EJN capacita a los periodistas para cubrir una amplia variedad de temas, desarrolla sitios innovadores de noticias ambientales en l\u00ednea y produce contenido para los medios locales, incluidos informes de investigaci\u00f3n innovadores.\u00a0Tambi\u00e9n establecemos redes de periodistas ambientales en pa\u00edses donde no existen y desarrollamos su capacidad donde s\u00ed.\u00a0Lo hacemos a trav\u00e9s de talleres y el desarrollo de materiales de capacitaci\u00f3n y ofreciendo programas de becas, subvenciones a organizaciones de medios, estipendios de historias y apoyo para la producci\u00f3n y distribuci\u00f3n de historias.<\/p>\n\n\n\n<p class=\"has-text-align-justify\">EJN est\u00e1 ofreciendo subvenciones para reportajes a periodistas ind\u00edgenas para apoyar la producci\u00f3n de historias en profundidad que llamar\u00e1n la atenci\u00f3n sobre la justicia clim\u00e1tica, la biodiversidad, los ecosistemas sostenibles y otros temas relacionados con los derechos y el bienestar de los pueblos y comunidades ind\u00edgenas.\u00a0 \u00a0<\/p>\n\n\n\n<h4 class=\"wp-block-heading\">Si tiene dificultades para enviar su solicitud o tiene preguntas sobre las subvenciones, env\u00ede un correo electr\u00f3nico a\u00a0<a href=\"mailto:info.ejn@internews.org\">info.ejn@internews.org<\/a>\u00a0.\u00a0No se comunique con ning\u00fan otro correo electr\u00f3nico de Internews con respecto a esta oportunidad, ya que no la recibiremos.\u00a0\u00a0<\/h4>\n\n\n\n<h4 class=\"wp-block-heading\">Una mayor informaci\u00f3n la podr\u00e1 encontrar en el siguiente<a rel=\"noreferrer noopener\" href=\"https:\/\/earthjournalism.net\/opportunities\/indigenous-environmental-journalism-story-grants\" target=\"_blank\"> link<\/a>.<\/h4>\n\n\n\n<p><\/p>\n","protected":false},"excerpt":{"rendered":"<p>EJN est\u00e1 ofreciendo subvenciones para reportajes a periodistas ind\u00edgenas para apoyar la producci\u00f3n de historias en profundidad que llamar\u00e1n la atenci\u00f3n sobre la justicia clim\u00e1tica, la biodiversidad, los ecosistemas sostenibles y otros temas relacionados con los derechos y el bienestar de los pueblos y comunidades ind\u00edgenas.   <\/p>\n","protected":false},"author":12,"featured_media":8357,"comment_status":"closed","ping_status":"closed","sticky":false,"template":"","format":"standard","meta":{"_jetpack_memberships_contains_paid_content":false,"footnotes":"","jetpack_publicize_message":"","jetpack_publicize_feature_enabled":true,"jetpack_social_post_already_shared":true,"jetpack_social_options":{"image_generator_settings":{"template":"highway","default_image_id":0,"font":"","enabled":false},"version":2}},"categories":[1],"tags":[105,1073,1084,1083,1085],"class_list":["post-8356","post","type-post","status-publish","format-standard","has-post-thumbnail","hentry","category-noticias","tag-biodiversidad","tag-boletin-3-marzo-2021","tag-ecosistemas-sostenibles","tag-justicia-climatica","tag-subvencion-a-reportajes","item-wrap"],"jetpack_publicize_connections":[],"jetpack_featured_media_url":"https:\/\/i0.wp.com\/cebem.org\/wp-content\/uploads\/2021\/03\/Suvenciones-para-historias.jpg?fit=786%2C511&ssl=1","jetpack_sharing_enabled":true,"_links":{"self":[{"href":"https:\/\/cebem.org\/index.php?rest_route=\/wp\/v2\/posts\/8356","targetHints":{"allow":["GET"]}}],"collection":[{"href":"https:\/\/cebem.org\/index.php?rest_route=\/wp\/v2\/posts"}],"about":[{"href":"https:\/\/cebem.org\/index.php?rest_route=\/wp\/v2\/types\/post"}],"author":[{"embeddable":true,"href":"https:\/\/cebem.org\/index.php?rest_route=\/wp\/v2\/users\/12"}],"replies":[{"embeddable":true,"href":"https:\/\/cebem.org\/index.php?rest_route=%2Fwp%2Fv2%2Fcomments&post=8356"}],"version-history":[{"count":3,"href":"https:\/\/cebem.org\/index.php?rest_route=\/wp\/v2\/posts\/8356\/revisions"}],"predecessor-version":[{"id":8360,"href":"https:\/\/cebem.org\/index.php?rest_route=\/wp\/v2\/posts\/8356\/revisions\/8360"}],"wp:featuredmedia":[{"embeddable":true,"href":"https:\/\/cebem.org\/index.php?rest_route=\/wp\/v2\/media\/8357"}],"wp:attachment":[{"href":"https:\/\/cebem.org\/index.php?rest_route=%2Fwp%2Fv2%2Fmedia&parent=8356"}],"wp:term":[{"taxonomy":"category","embeddable":true,"href":"https:\/\/cebem.org\/index.php?rest_route=%2Fwp%2Fv2%2Fcategories&post=8356"},{"taxonomy":"post_tag","embeddable":true,"href":"https:\/\/cebem.org\/index.php?rest_route=%2Fwp%2Fv2%2Ftags&post=8356"}],"curies":[{"name":"wp","href":"https:\/\/api.w.org\/{rel}","templated":true}]}}